{"id":299401,"date":"2025-08-06T02:36:12","date_gmt":"2025-08-06T02:36:12","guid":{"rendered":"https:\/\/www.europesays.com\/fr\/299401\/"},"modified":"2025-08-06T02:36:12","modified_gmt":"2025-08-06T02:36:12","slug":"paul-cezanne-un-artiste-longtemps-mis-de-cote-a-aix-en-provence","status":"publish","type":"post","link":"https:\/\/www.europesays.com\/fr\/299401\/","title":{"rendered":"Paul Cezanne, un artiste longtemps mis de c\u00f4t\u00e9 \u00e0 Aix-en-Provence"},"content":{"rendered":"<p>Moi vivant, aucun Cezanne n&rsquo;entrera au Mus\u00e9e !\u00a0\u00bb Les mots seraient d&rsquo;Henri Pontier, conservateur du <a href=\"https:\/\/www.laprovence.com\/article\/societe\/8819401200335814\/dix-ans-apres-sa-creation-du-nouveau-au-musee-du-calisson-daix-en-provence\" target=\"_blank\" rel=\"noopener\">mus\u00e9e d&rsquo;Aix-en-Provence<\/a> de 1892 \u00e0 1925. Et il a tenu parole : aucun tableau du ma\u00eetre aixois n&rsquo;a fini dans les collections du futur mus\u00e9e Granet.<\/p>\n<p>Cezanne, pas proph\u00e8te en son pays. Mais pas, non plus, artiste maudit \u00e0 la Van Gogh, qui avait \u00e9t\u00e9 chass\u00e9 d&rsquo;Arles par les habitants, nuance Mil\u00e8ne Cuvillier, conservateur du mus\u00e9e du Vieil Aix. L&rsquo;institution culturelle aixoise se penche, cet \u00e9t\u00e9, sur la relation de <a href=\"https:\/\/www.laprovence.com\/article\/culture-loisirs\/26036636419258\/hors-serie-la-provence-cezanne-un-retour-en-pleine-lumiere-a-aix\" target=\"_blank\" rel=\"noopener\">Cezanne<\/a> \u00e0 sa ville \u00e0 travers une exposition m\u00ealant des documents d&rsquo;archives, des peintures de contemporains, des photos&#8230;<\/p>\n<p>Alors, quelle a \u00e9t\u00e9 la r\u00e9alit\u00e9 de sa r\u00e9ception\u00a0? \u00ab\u00a0Les contemporains qui l&rsquo;ont fr\u00e9quent\u00e9, Emile Bernard, Ambroise Vollard, ont largement contribu\u00e9 \u00e0 \u00e9crire cette mythologie cezannienne, entretenant cette image de l&rsquo;artiste maudit et rejet\u00e9 en son temps, alors qu&rsquo;en r\u00e9alit\u00e9 c&rsquo;\u00e9tait un bourgeois tout \u00e0 fait int\u00e9gr\u00e9\u00a0\u00bb, rappelle Milene Cuvillier.<\/p>\n","protected":false},"excerpt":{"rendered":"Moi vivant, aucun Cezanne n&rsquo;entrera au Mus\u00e9e !\u00a0\u00bb Les mots seraient d&rsquo;Henri Pontier, conservateur du mus\u00e9e d&rsquo;Aix-en-Provence de&hellip;\n","protected":false},"author":2,"featured_media":299402,"comment_status":"","ping_status":"","sticky":false,"template":"","format":"standard","meta":{"footnotes":""},"categories":[1358],"tags":[17,7404,2593,1348,1384,1385,5649,3136,1386,58,59,1011,27,29723,18360,22099,16],"class_list":{"0":"post-299401","1":"post","2":"type-post","3":"status-publish","4":"format-standard","5":"has-post-thumbnail","7":"category-arts-et-design","8":"tag-17","9":"tag-aix-en-provence","10":"tag-artiste","11":"tag-arts","12":"tag-arts-and-design","13":"tag-arts-et-design","14":"tag-cezanne","15":"tag-cote","16":"tag-design","17":"tag-divertissement","18":"tag-entertainment","19":"tag-fr","20":"tag-france","21":"tag-longtemps","22":"tag-mis","23":"tag-paul","24":"tag-region"},"share_on_mastodon":{"url":"https:\/\/pubeurope.com\/@fr\/114979496509742538","error":""},"_links":{"self":[{"href":"https:\/\/www.europesays.com\/fr\/wp-json\/wp\/v2\/posts\/299401","targetHints":{"allow":["GET"]}}],"collection":[{"href":"https:\/\/www.europesays.com\/fr\/wp-json\/wp\/v2\/posts"}],"about":[{"href":"https:\/\/www.europesays.com\/fr\/wp-json\/wp\/v2\/types\/post"}],"author":[{"embeddable":true,"href":"https:\/\/www.europesays.com\/fr\/wp-json\/wp\/v2\/users\/2"}],"replies":[{"embeddable":true,"href":"https:\/\/www.europesays.com\/fr\/wp-json\/wp\/v2\/comments?post=299401"}],"version-history":[{"count":0,"href":"https:\/\/www.europesays.com\/fr\/wp-json\/wp\/v2\/posts\/299401\/revisions"}],"wp:featuredmedia":[{"embeddable":true,"href":"https:\/\/www.europesays.com\/fr\/wp-json\/wp\/v2\/media\/299402"}],"wp:attachment":[{"href":"https:\/\/www.europesays.com\/fr\/wp-json\/wp\/v2\/media?parent=299401"}],"wp:term":[{"taxonomy":"category","embeddable":true,"href":"https:\/\/www.europesays.com\/fr\/wp-json\/wp\/v2\/categories?post=299401"},{"taxonomy":"post_tag","embeddable":true,"href":"https:\/\/www.europesays.com\/fr\/wp-json\/wp\/v2\/tags?post=299401"}],"curies":[{"name":"wp","href":"https:\/\/api.w.org\/{rel}","templated":true}]}}