{"id":299409,"date":"2025-08-06T02:40:18","date_gmt":"2025-08-06T02:40:18","guid":{"rendered":"https:\/\/www.europesays.com\/fr\/299409\/"},"modified":"2025-08-06T02:40:18","modified_gmt":"2025-08-06T02:40:18","slug":"tu-as-grandi-avec-les-films-danimation-dragons-si-tu-as-5-5-a-ce-quiz","status":"publish","type":"post","link":"https:\/\/www.europesays.com\/fr\/299409\/","title":{"rendered":"Tu as grandi avec les films d&rsquo;animation Dragons si tu as 5\/5 \u00e0 ce quiz"},"content":{"rendered":"<p><p><a href=\"https:\/\/www.serieously.com\" rel=\"nofollow noopener\" target=\"_blank\">Accueil<\/a> &gt; <a href=\"https:\/\/www.serieously.com\/quiz\/\" rel=\"nofollow noopener\" target=\"_blank\">Quiz<\/a> &gt; Tu as grandi avec les films d\u2019animation Dragons si tu as 5\/5 \u00e0 ce quiz<\/p>\n<\/p>\n<p class=\"o-article__published-by o-article__bullets\">\n            Publi\u00e9 le<br \/>\n                        5 ao\u00fbt 2025 \u00e0 21 h 20<\/p>\n<p>             Par<br \/>\n                <a href=\"https:\/\/www.serieously.com\/author\/alexia-malige\/\" rel=\"nofollow noopener\" target=\"_blank\">Alexia<br \/>\n                    Malige<\/a><\/p>\n<p><strong>Tu as suivi les aventures d\u2019Harold et Krokmou pendant ta jeunesse ? Alors viens faire ce quiz pour nous prouver que tu n\u2019as rien oubli\u00e9 de leurs folles p\u00e9rip\u00e9ties dans la saga Dragons !<\/strong><\/p>\n<p>Quel est le nom du dragon que Harold doit affronter devant les citoyens de Beurk ?<\/p>\n<p>\t\t\t\t\t<img decoding=\"async\" src=\"https:\/\/www.europesays.com\/fr\/wp-content\/uploads\/2025\/08\/harold-face-a-un-cauchemard-monstrueux-dragons.jpg\" alt=\"\u00a9 Dreamworks \u00a9 Universal\" width=\"400\" height=\"225\" loading=\"lazy\" style=\"aspect-ratio: 16\/9; object-fit: cover;\"\/><\/p>\n<p>\u00a9 Dreamworks \u00a9 Universal<\/p>\n<p>Il s\u2019agit d\u2019un cauchemar monstrueux. Harold essaie de l\u2019amadouer, mais Sto\u00efk \u00e9nerve le dragon, qui se montre alors violent. Finalement, Krokmou intervient dans l\u2019ar\u00e8ne pour sauver son ami et se fait alors capturer par les habitants de Beurk.<\/p>\n<p>Quel membre de sa famille, disparu depuis longtemps, Harold retrouve-t-il dans le deuxi\u00e8me volet de la saga ?<\/p>\n<p>\t\t\t\t\t<img decoding=\"async\" src=\"https:\/\/www.europesays.com\/fr\/wp-content\/uploads\/2025\/08\/dragons.jpg\" alt=\"\u00a9 Dreamworks \u00a9 Universal\" width=\"400\" height=\"225\" loading=\"lazy\" style=\"aspect-ratio: 16\/9; object-fit: cover;\"\/><\/p>\n<p>\u00a9 Dreamworks \u00a9 Universal<\/p>\n<p>Harold renoue avec sa m\u00e8re, qu\u2019il croyait morte depuis des ann\u00e9es.<\/p>\n<p>Comment Sto\u00efk perd-il la vie dans le deuxi\u00e8me film ?<\/p>\n<p>\t\t\t\t\t<img decoding=\"async\" src=\"https:\/\/www.europesays.com\/fr\/wp-content\/uploads\/2025\/08\/stoik-dans-dragons.jpg\" alt=\"\u00a9 Dreamworks \u00a9 Universal\" width=\"400\" height=\"225\" loading=\"lazy\" style=\"aspect-ratio: 16\/9; object-fit: cover;\"\/><\/p>\n<p>\u00a9 Dreamworks \u00a9 Universal<\/p>\n<p>Sto\u00efk, le p\u00e8re de Harold, est tu\u00e9 par Krokmou, alors que celui-ci est sous l\u2019emprise du dragon alpha contr\u00f4l\u00e9 par Drago Poing-Sanglant.<\/p>\n<p>Combien de temps apr\u00e8s la mort de Sto\u00efk le troisi\u00e8me opus se d\u00e9roule-t-il ?<\/p>\n<p>\t\t\t\t\t<img decoding=\"async\" src=\"https:\/\/www.europesays.com\/fr\/wp-content\/uploads\/2025\/08\/astrid-et-harold-dans-dragons-3.jpg\" alt=\"\u00a9 Dreamworks \u00a9 Universal\" width=\"400\" height=\"225\" loading=\"lazy\" style=\"aspect-ratio: 16\/9; object-fit: cover;\"\/><\/p>\n<p>\u00a9 Dreamworks \u00a9 Universal<\/p>\n<p>L\u2019histoire se d\u00e9roule un ans apr\u00e8s les \u00e9v\u00e9nements du deuxi\u00e8me volet.<\/p>\n<p>A la fin de Dragons 3, on voit Astrid et Harold devenus parents. Combien d&rsquo;enfants ont-ils ?<\/p>\n<p>\t\t\t\t\t<img decoding=\"async\" src=\"https:\/\/www.europesays.com\/fr\/wp-content\/uploads\/2025\/08\/dragons-3-harold-et-astrid.jpg\" alt=\"\u00a9 Dreamworks \u00a9 Universal\" width=\"400\" height=\"225\" loading=\"lazy\" style=\"aspect-ratio: 16\/9; object-fit: cover;\"\/><\/p>\n<p>\u00a9 Dreamworks \u00a9 Universal<\/p>\n<p>Ils ont d\u00e9sormais un gar\u00e7on et une fille, tandis que Krokmou et la Furie \u00e9clair ont trois petits dragons.<\/p>\n<p class=\"o-quiz__result-title\">Tu as grandi avec Dragons<\/p>\n<p class=\"o-quiz__result-subtitle\">Tu as obtenu un score de [[ score ]]\/[[ questions ]]<\/p>\n<p>\t\t\t\t\t\t\t\t\t<img decoding=\"async\" src=\"https:\/\/www.europesays.com\/fr\/wp-content\/uploads\/2025\/08\/19536395_2013071810211975.jpg\" alt=\"Tu as grandi avec Dragons\" width=\"768\" height=\"432\" loading=\"lazy\"\/><\/p>\n<p class=\"p1\">Aucun doute, tu as grandi aux abords de Beurk, avec Harold, Krokmou et Astrid ! Tu connais ainsi parfaitement toute l\u2019histoire de la saga et n\u2019as oubli\u00e9 aucun d\u00e9tail au fil des ann\u00e9es. Tu peux donc \u00eatre fier de toi, bravo !<\/p>\n<p>\u00a0<\/p>\n<p><strong><a href=\"https:\/\/www.serieously.com\/quiz-fais-test-savoir-besoin-vpn\/\" target=\"_blank\" rel=\"noopener nofollow\">Fais maintenant cet autre quiz sur Serieously.<\/a><\/strong><\/p>\n<p class=\"o-quiz__result-title\">Tu aimes bien Dragons, mais sans plus<\/p>\n<p class=\"o-quiz__result-subtitle\">Tu as obtenu un score de [[ score ]]\/[[ questions ]]<\/p>\n<p>\t\t\t\t\t\t\t\t\t<img decoding=\"async\" src=\"https:\/\/www.europesays.com\/fr\/wp-content\/uploads\/2025\/08\/sans-titre-16-1.jpg\" alt=\"Tu aimes bien Dragons, mais sans plus\" width=\"768\" height=\"432\" loading=\"lazy\"\/><\/p>\n<p class=\"p1\">Tu as vu les films Dragons, mais tu n\u2019en as pas non plus fait l\u2019une de tes sagas culte. Du fait, tu as su r\u00e9pondre aux questions les plus faciles, mais impossible de savoir quoi r\u00e9pondre pour les plus complexes d\u2019entre elles.<\/p>\n<p>\u00a0<\/p>\n<p><strong><a href=\"https:\/\/www.serieously.com\/quiz-fais-test-savoir-besoin-vpn\/\" target=\"_blank\" rel=\"noopener nofollow\">Fais maintenant cet autre quiz sur Serieously.<\/a><\/strong><\/p>\n<p>\t\tRecommencer le quiz<\/p>\n<p>\t\t\t<img decoding=\"async\" src=\"https:\/\/www.europesays.com\/fr\/wp-content\/uploads\/2025\/08\/1754448018_428_alexia.png\" alt=\"Alexia Malige\" width=\"70\" height=\"70\" loading=\"lazy\"\/><\/p>\n<p class=\"m-user__name\">Alexia Malige<\/p>\n<p class=\"m-user__job\">Journaliste &#8211; Secr\u00e9taire de r\u00e9daction<\/p>\n<p>\n\t\t\t\t\t\t\t\t\t\t\t\t\t\t\tContacter<br \/>\n\t\t\t\t\t\tAlexia\n\t\t\t\t\t\t\t\t\t<\/p>\n<p>Lundi&rsquo;spensable<\/p>\n<p class=\"mt-4 mb-4 text-xl text-center\">Le meilleur de <\/p>\n<p> dans ta boite mail<\/p>\n","protected":false},"excerpt":{"rendered":"Accueil &gt; Quiz &gt; Tu as grandi avec les films d\u2019animation Dragons si tu as 5\/5 \u00e0 ce&hellip;\n","protected":false},"author":2,"featured_media":299410,"comment_status":"","ping_status":"","sticky":false,"template":"","format":"standard","meta":{"footnotes":""},"categories":[1354],"tags":[58,59,1346,1011,27,1360],"class_list":{"0":"post-299409","1":"post","2":"type-post","3":"status-publish","4":"format-standard","5":"has-post-thumbnail","7":"category-films","8":"tag-divertissement","9":"tag-entertainment","10":"tag-films","11":"tag-fr","12":"tag-france","13":"tag-movies"},"share_on_mastodon":{"url":"https:\/\/pubeurope.com\/@fr\/114979512621129959","error":""},"_links":{"self":[{"href":"https:\/\/www.europesays.com\/fr\/wp-json\/wp\/v2\/posts\/299409","targetHints":{"allow":["GET"]}}],"collection":[{"href":"https:\/\/www.europesays.com\/fr\/wp-json\/wp\/v2\/posts"}],"about":[{"href":"https:\/\/www.europesays.com\/fr\/wp-json\/wp\/v2\/types\/post"}],"author":[{"embeddable":true,"href":"https:\/\/www.europesays.com\/fr\/wp-json\/wp\/v2\/users\/2"}],"replies":[{"embeddable":true,"href":"https:\/\/www.europesays.com\/fr\/wp-json\/wp\/v2\/comments?post=299409"}],"version-history":[{"count":0,"href":"https:\/\/www.europesays.com\/fr\/wp-json\/wp\/v2\/posts\/299409\/revisions"}],"wp:featuredmedia":[{"embeddable":true,"href":"https:\/\/www.europesays.com\/fr\/wp-json\/wp\/v2\/media\/299410"}],"wp:attachment":[{"href":"https:\/\/www.europesays.com\/fr\/wp-json\/wp\/v2\/media?parent=299409"}],"wp:term":[{"taxonomy":"category","embeddable":true,"href":"https:\/\/www.europesays.com\/fr\/wp-json\/wp\/v2\/categories?post=299409"},{"taxonomy":"post_tag","embeddable":true,"href":"https:\/\/www.europesays.com\/fr\/wp-json\/wp\/v2\/tags?post=299409"}],"curies":[{"name":"wp","href":"https:\/\/api.w.org\/{rel}","templated":true}]}}