{"id":299419,"date":"2025-08-06T02:45:13","date_gmt":"2025-08-06T02:45:13","guid":{"rendered":"https:\/\/www.europesays.com\/fr\/299419\/"},"modified":"2025-08-06T02:45:13","modified_gmt":"2025-08-06T02:45:13","slug":"la-traque-aux-mauvais-payeurs-continue","status":"publish","type":"post","link":"https:\/\/www.europesays.com\/fr\/299419\/","title":{"rendered":"la traque aux mauvais payeurs continue"},"content":{"rendered":"<p>Face \u00e0 l\u2019allongement des d\u00e9lais de paiement, le premier ministre a annonc\u00e9 vouloir augmenter les sanctions jusqu\u2019\u00e0 1\u00a0% du chiffre d\u2019affaires.<\/p>\n<p class=\"fig-paragraph\">La\u00a0<a href=\"http:\/\/www.lefigaro.fr\/societes\/plombiers-serruriers-electriciens-les-fraudes-dans-le-secteur-du-depannage-a-domicile-epinglees-par-la-dgccrf-20250707\" data-fig-type=\"NewsFlash\" data-gtm-custom-categorie=\"navigation\" data-gtm-custom-action=\"crossclick\" data-gtm-custom-label=\"Contextuel\" data-gtm-event=\"customEventSPE\" data-fig-domain=\"LEFIGARO\" target=\"_blank\" rel=\"noopener\">Direction g\u00e9n\u00e9rale de la concurrence, de la consommation et de la r\u00e9pression des fraudes<\/a>\u00a0(DGCCRF) ne prend pas de cong\u00e9s. Ce lundi 4\u00a0ao\u00fbt, elle a inflig\u00e9 une s\u00e9v\u00e8re punition au<a href=\"http:\/\/www.lefigaro.fr\/flash-eco\/les-ventes-de-fnac-darty-portees-par-la-switch-2-au-premier-semestre-20250723\" data-fig-type=\"NewsFlash\" data-gtm-custom-categorie=\"navigation\" data-gtm-custom-action=\"crossclick\" data-gtm-custom-label=\"Contextuel\" data-gtm-event=\"customEventSPE\" data-fig-domain=\"LEFIGARO\" target=\"_blank\" rel=\"noopener\">\u00a0groupe Fnac Darty.<\/a>\u00a0En raison de \u00ab\u00a0retards dans le paiement des factures de ses fournisseurs\u00a0\u00bb, la soci\u00e9t\u00e9 ETS Darty &amp;\u00a0fils devra s\u2019acquitter d\u2019une amende de 1\u00a0950\u00a0000\u00a0euros, et la soci\u00e9t\u00e9 Fnac Darty participations et services, d\u2019une sanction du m\u00eame montant. Soit un total sal\u00e9 de 3,9\u00a0millions d\u2019euros pour le groupe, qui \u00ab\u00a0entend exercer un recours contre cette d\u00e9cision\u00a0\u00bb. Le groupe Fnac Darty pr\u00e9cise au Figaro que \u00ab\u00a0le litige dont il est question concerne des faits anciens survenus en pleine crise sanitaire li\u00e9e au Covid-19\u00a0\u00bb.<\/p>\n<p class=\"fig-paragraph\">Si les sanctions pour non-respect des d\u00e9lais de paiement sont plut\u00f4t monnaie courante &#8211; la DGCCRF en a inflig\u00e9 217 en 2024 -, les amendes de cette ampleur demeurent rares. Signe que\u00a0<a href=\"http:\/\/www.lefigaro.fr\/flash-eco\/les-agents-de-la-repression-des-fraudes-ont-effectue-plus-de-260-controles-par-jour-en-2023-bercy-20240503\" data-fig-type=\"NewsFlash\" data-gtm-custom-categorie=\"navigation\" data-gtm-custom-action=\"crossclick\" data-gtm-custom-label=\"Contextuel\" data-gtm-event=\"customEventSPE\" data-fig-domain=\"LEFIGARO\" target=\"_blank\" rel=\"noopener\">Bercy maintient sa vigilance<\/a>\u00a0face \u00e0 des entreprises qui conservent la f\u00e2cheuse habitude ne pas\u2026<\/p>\n<p class=\"fig-premium-paywall__infos\">\n        Cet article est r\u00e9serv\u00e9 aux abonn\u00e9s.        Il vous reste 81% \u00e0 d\u00e9couvrir.\n    <\/p>\n<p>                <img  data- alt=\"Le Figaro\" class=\"fig-img--complete fig-img\"\/><\/p>\n<p class=\"fig-premium-paywall__title\">Vous avez envie de lire la suite ?<\/p>\n<p class=\"fig-premium-paywall__subtitle\">D\u00e9bloquez tous les articles imm\u00e9diatement.<\/p>\n<p class=\"fig-premium-paywall__connect\">\n                D\u00e9j\u00e0 abonn\u00e9\u00a0?                <a class=\"fig-premium-paywall__connect-link\" href=\"https:\/\/connect.lefigaro.fr\/login?client=horizon_web&amp;type=main&amp;redirect_uri=https%3A%2F%2Fwww.lefigaro.fr%2Fconjoncture%2Famende-record-pour-fnac-darty-la-traque-aux-mauvais-payeurs-continue-20250805\" data-js-gtm=\"{&quot;customCategorie&quot;: &quot;conversion&quot;, &quot;customAction&quot;: &quot;before_Landing_Connexion_paywall_auto&quot;, &quot;customLabel&quot;: &quot;bGVmaWdhcm8uZnJfXzFmMDcxZjNjLTEwODMtNjg3ZS1iNWNlLTMxZTc3ZjBhOWQ4OV9fQXJ0aWNsZQ==_Amende record pour Fnac-Darty\u00a0: la traque aux mauvais payeurs continue_273&quot;, &quot;customIDSPE&quot;: &quot;bGVmaWdhcm8uZnJfXzFmMDcxZjNjLTEwODMtNjg3ZS1iNWNlLTMxZTc3ZjBhOWQ4OV9fQXJ0aWNsZQ==&quot;, &quot;event&quot;: &quot;customEventSPE&quot;}\" target=\"_blank\" rel=\"noopener\"><br \/>\n                    Connectez-vous<br \/>\n                <\/a>\n            <\/p>\n","protected":false},"excerpt":{"rendered":"Face \u00e0 l\u2019allongement des d\u00e9lais de paiement, le premier ministre a annonc\u00e9 vouloir augmenter les sanctions jusqu\u2019\u00e0 1\u00a0%&hellip;\n","protected":false},"author":2,"featured_media":299420,"comment_status":"","ping_status":"","sticky":false,"template":"","format":"standard","meta":{"footnotes":""},"categories":[6],"tags":[35,16679,40909,33,34,1011,27],"class_list":{"0":"post-299419","1":"post","2":"type-post","3":"status-publish","4":"format-standard","5":"has-post-thumbnail","7":"category-economie","8":"tag-business","9":"tag-darty","10":"tag-delais-de-paiement","11":"tag-economie","12":"tag-economy","13":"tag-fr","14":"tag-france"},"share_on_mastodon":{"url":"https:\/\/pubeurope.com\/@fr\/114979532016324899","error":""},"_links":{"self":[{"href":"https:\/\/www.europesays.com\/fr\/wp-json\/wp\/v2\/posts\/299419","targetHints":{"allow":["GET"]}}],"collection":[{"href":"https:\/\/www.europesays.com\/fr\/wp-json\/wp\/v2\/posts"}],"about":[{"href":"https:\/\/www.europesays.com\/fr\/wp-json\/wp\/v2\/types\/post"}],"author":[{"embeddable":true,"href":"https:\/\/www.europesays.com\/fr\/wp-json\/wp\/v2\/users\/2"}],"replies":[{"embeddable":true,"href":"https:\/\/www.europesays.com\/fr\/wp-json\/wp\/v2\/comments?post=299419"}],"version-history":[{"count":0,"href":"https:\/\/www.europesays.com\/fr\/wp-json\/wp\/v2\/posts\/299419\/revisions"}],"wp:featuredmedia":[{"embeddable":true,"href":"https:\/\/www.europesays.com\/fr\/wp-json\/wp\/v2\/media\/299420"}],"wp:attachment":[{"href":"https:\/\/www.europesays.com\/fr\/wp-json\/wp\/v2\/media?parent=299419"}],"wp:term":[{"taxonomy":"category","embeddable":true,"href":"https:\/\/www.europesays.com\/fr\/wp-json\/wp\/v2\/categories?post=299419"},{"taxonomy":"post_tag","embeddable":true,"href":"https:\/\/www.europesays.com\/fr\/wp-json\/wp\/v2\/tags?post=299419"}],"curies":[{"name":"wp","href":"https:\/\/api.w.org\/{rel}","templated":true}]}}