{"id":299421,"date":"2025-08-06T02:46:14","date_gmt":"2025-08-06T02:46:14","guid":{"rendered":"https:\/\/www.europesays.com\/fr\/299421\/"},"modified":"2025-08-06T02:46:14","modified_gmt":"2025-08-06T02:46:14","slug":"en-israel-benyamin-netanyahou-poursuit-lecrasement-du-pouvoir-judiciaire-mediapart","status":"publish","type":"post","link":"https:\/\/www.europesays.com\/fr\/299421\/","title":{"rendered":"En Isra\u00ebl, Benyamin N\u00e9tanyahou poursuit l\u2019\u00e9crasement du pouvoir judiciaire &#8211; Mediapart"},"content":{"rendered":"<ol>\n<li><a href=\"https:\/\/news.google.com\/rss\/articles\/CBMixgFBVV95cUxPWS1aWnV2dEpFdkd4UmY4X1hmSmZOQU1kR1l3VW5MX0IzRHpLX3NwUHcwQmhPQm1sa0xIRGhHanhSTk95UjRNd20taUF1clV4ZGhJUGg2NWlWdjdCQU54UVA2dGo3QlVBSUg1VHpsbE1QUHc2MjhDMUFiZUJvbFJIMnpyUzZWYkQwV0FFUjNUcV9PTkNBTV9pU2VzWWpGNHdmZnNwRm5nc1lISEthdTlReEZxd1BLZHBpOU0xdnZJczJWZS1tdkE?oc=5\" target=\"_blank\" rel=\"noopener\">En Isra\u00ebl, Benyamin N\u00e9tanyahou poursuit l\u2019\u00e9crasement du pouvoir judiciaire<\/a>&nbsp;&nbsp;Mediapart<\/li>\n<li><a href=\"https:\/\/news.google.com\/rss\/articles\/CBMisgJBVV95cUxPRnE0dGdwOGhRMkhaWlF3S1FaTUZsNDF3X1haWlAyaVFIMjMyN0JDZnI2aDE0UFpjeU1DazlpQVhELUVGdjdudVF4R0pzcGJWUm43VXlPODkyTmFjczNtZlR2YVI2a3VoNklXTms2R09KdDViSWdOSFN4SWpPanJIVmgyVENkQkF5Q1pkSW9uVXNKMDV0ejZ1UmZDcmtvUzlMMDZWVmhhekQ2WDJEVHpRLWpORWJBcUprYXl0U2NZUHFxa3N6SHlkekhyU2laVVVlRzBNYzdXZ1dqZEx4X21jUS1vYXFXRnpHd0NsYTNHaUtDTVJ2SHV2SkVMZUhyYTNNbkxkSUlJQkV6ZUtVRVBocFRxWmFKZUJmb0x4MHFjVVdTUW84Qm9OVHh0V0dPS1NOR0E?oc=5\" target=\"_blank\" rel=\"noopener\">Isra\u00ebl : pour \u00e9chapper \u00e0 son proc\u00e8s, N\u00e9tanyahou fait voter le licenciement de la procureure g\u00e9n\u00e9rale par son gouvernement<\/a>&nbsp;&nbsp;Lib\u00e9ration<\/li>\n<li><a href=\"https:\/\/news.google.com\/rss\/articles\/CBMi2wFBVV95cUxNSUhGanZPY0p4MTRoYlA0R2hpRnY5MmFOdjQzNEVvb29mTUhoc2t2WjhLdFpiTEVqaUhST1RKU2pjTGdJVWlJN1JoU3lLd01HZ1FtSXpacktQQWNNb043dHJXRUJZMzVSM2F5MDJldUZuTUp1RWdKdG9TUHdNbmIweU5jRGhWbnpZekQ1Y0psQkx4eTJObFZjQjNNQ1l4dmZDSmNoajMwNEtYX2VlRGhCMXMyWTBmYjNScGtQQlNkUjJHOXgwY1VWMHExSlpiaXNrLUQtd2IwUEFYOEk?oc=5\" target=\"_blank\" rel=\"noopener\">En Isra\u00ebl, le gouvernement limoge la procureure g\u00e9n\u00e9rale, la Cour supr\u00eame suspend la d\u00e9cision<\/a>&nbsp;&nbsp;France Info<\/li>\n<li><a href=\"https:\/\/news.google.com\/rss\/articles\/CBMi_wFBVV95cUxOUnN3TkUtX2l6V29zNGJXRm1jOG41YlpzSVFmLUx5WHU0bGVJeE04bmxmeXhjUDh1Mm5GZi1qa1g5ZDdxNDc4NHhWMFZFQ3NHb2NBQ3hHeGxudFc2V0dDRi1DcFVSNDFYNEtKM0JYdjhNRnk2c1NZeFFLeUJXZzk4Z0VRZk1jSmp4M1k5WjFDa0V5eW9uMy1jdi04Q0VhUUJ1QjBZX3UyS0lKdGRyMTY1YXJUWG9ncXp0RW1RQ2Q1V3AzUmNLSWdyek00WUUzZTNCX1AtYjR4QnhCRzdKTWNwNkMzajBEYVVBMjJSaWNkaG1KX2xnYnppd19nMG9pTVU?oc=5\" target=\"_blank\" rel=\"noopener\">Isra\u00ebl : qui est Gali Baharav-Miara, procureure au c\u0153ur d\u2019un bras de fer avec Benyamin Netanyahou ?<\/a>&nbsp;&nbsp;Ouest-France<\/li>\n<li><a href=\"https:\/\/news.google.com\/rss\/articles\/CBMiwwFBVV95cUxNN21EVDNjQ1dOUk1oZUpvU0xCcG0zamwzWjdzVDM4eTFfeDZSWHMwelI3Q1RzRjdRZjZKTFdIQnFuQ3lJVnZjeVlZcHM3czZ3b043Mzl0Sk9EZEVFcC1sYlV4S19nWEotbWVfbDdGQldjdWFobWdPSEZ1Zk9FVkEycjVCYlRFRG9uZnhNQTdHenVzNFc0cVo3MEViV1U2T3YwQTR4YWlVaDVWVVJON0ppQmJOVElrdnM4Z3hhS0hZRnl0Zm8?oc=5\" target=\"_blank\" rel=\"noopener\">Isra\u00ebl : Le Procureur De L\u2019\u00c9tat D\u00e9nonce La Destitution De Gali Baharav-Miara<\/a>&nbsp;&nbsp;i24NEWS<\/li>\n<\/ol>\n","protected":false},"excerpt":{"rendered":"En Isra\u00ebl, Benyamin N\u00e9tanyahou poursuit l\u2019\u00e9crasement du pouvoir judiciaire&nbsp;&nbsp;Mediapart Isra\u00ebl : pour \u00e9chapper \u00e0 son proc\u00e8s, N\u00e9tanyahou fait&hellip;\n","protected":false},"author":2,"featured_media":299422,"comment_status":"","ping_status":"","sticky":false,"template":"","format":"standard","meta":{"footnotes":""},"categories":[5],"tags":[11,952,1011,27,43969,5106,14,664,303,12,31,28],"class_list":{"0":"post-299421","1":"post","2":"type-post","3":"status-publish","4":"format-standard","5":"has-post-thumbnail","7":"category-international","8":"tag-actualites","9":"tag-benyamin-netanyahou","10":"tag-fr","11":"tag-france","12":"tag-gali-baharav-miara","13":"tag-guerre-au-proche-orient","14":"tag-international","15":"tag-israel","16":"tag-justice","17":"tag-news","18":"tag-proche-et-moyen-orient","19":"tag-world"},"share_on_mastodon":{"url":"https:\/\/pubeurope.com\/@fr\/114979535860672392","error":""},"_links":{"self":[{"href":"https:\/\/www.europesays.com\/fr\/wp-json\/wp\/v2\/posts\/299421","targetHints":{"allow":["GET"]}}],"collection":[{"href":"https:\/\/www.europesays.com\/fr\/wp-json\/wp\/v2\/posts"}],"about":[{"href":"https:\/\/www.europesays.com\/fr\/wp-json\/wp\/v2\/types\/post"}],"author":[{"embeddable":true,"href":"https:\/\/www.europesays.com\/fr\/wp-json\/wp\/v2\/users\/2"}],"replies":[{"embeddable":true,"href":"https:\/\/www.europesays.com\/fr\/wp-json\/wp\/v2\/comments?post=299421"}],"version-history":[{"count":0,"href":"https:\/\/www.europesays.com\/fr\/wp-json\/wp\/v2\/posts\/299421\/revisions"}],"wp:featuredmedia":[{"embeddable":true,"href":"https:\/\/www.europesays.com\/fr\/wp-json\/wp\/v2\/media\/299422"}],"wp:attachment":[{"href":"https:\/\/www.europesays.com\/fr\/wp-json\/wp\/v2\/media?parent=299421"}],"wp:term":[{"taxonomy":"category","embeddable":true,"href":"https:\/\/www.europesays.com\/fr\/wp-json\/wp\/v2\/categories?post=299421"},{"taxonomy":"post_tag","embeddable":true,"href":"https:\/\/www.europesays.com\/fr\/wp-json\/wp\/v2\/tags?post=299421"}],"curies":[{"name":"wp","href":"https:\/\/api.w.org\/{rel}","templated":true}]}}