{"id":299429,"date":"2025-08-06T02:53:10","date_gmt":"2025-08-06T02:53:10","guid":{"rendered":"https:\/\/www.europesays.com\/fr\/299429\/"},"modified":"2025-08-06T02:53:10","modified_gmt":"2025-08-06T02:53:10","slug":"les-ecoles-en-cours-de-rafraichissement-a-la-garde","status":"publish","type":"post","link":"https:\/\/www.europesays.com\/fr\/299429\/","title":{"rendered":"Les \u00e9coles en cours de rafra\u00eechissement \u00e0 La Garde"},"content":{"rendered":"<p>C\u2019est l\u2019\u00e9t\u00e9. Et quand c\u2019est l\u2019\u00e9t\u00e9, les \u00e9coles profitent d\u2019avoir pouss\u00e9 les enfants en grandes vacances pour ouvrir leurs portes aux services techniques de la ville. Depuis un mois, donc, l\u2019ensemble des \u00e9tablissements proc\u00e8de \u00e0 des op\u00e9rations de \u00ab\u00a0maintenance obligatoire et n\u00e9cessaire \u00ab\u00a0. Changement des robinetteries et des tuiles ab\u00eem\u00e9es, r\u00e9vision des clims, avant de redonner un coup de peinture aux passages pi\u00e9tons et de nettoyer les cours de r\u00e9cr\u00e9ation juste avant la rentr\u00e9e&#8230; \u00ab\u00a0Ce que l\u2019on fait syst\u00e9matiquement chaque \u00e9t\u00e9 \u00ab\u00a0, renseigne le conseiller municipal Jean-Claude Marastoni.<\/p>\n<p>Davantage de parcs \u00e0 v\u00e9lo devraient \u00e9galement voir le jour, pour encourager les enfants et leurs parents \u00e0 venir \u00e0 pied et \u00e0 v\u00e9lo, et mettre toujours plus en pratique \u00ab\u00a0tout le travail p\u00e9dagogique effectu\u00e9 dans les \u00e9coles pour leur apprendre \u00e0 utiliser les modes doux en ville \u00ab\u00a0, pr\u00e9cise la maire H\u00e9l\u00e8ne Bill.<\/p>\n<p>Quelques \u00e9coles font toujours l\u2019objet d\u2019une attention un peu plus importante lorsque n\u00e9cessaire. \u00e0 Zunino II, par exemple, l\u2019isolation et l\u2019\u00e9tanch\u00e9it\u00e9 de la toiture ont \u00e9t\u00e9 int\u00e9gralement refaites. Des panneaux acoustiques, \u00ab\u00a0qui figent le son \u00ab\u00a0, ont aussi \u00e9t\u00e9 pos\u00e9s dans l\u2019immense salle de motricit\u00e9 de la maternelle Eliette-Santoni. Et des lames de bois sont en train d\u2019\u00eatre install\u00e9es dans la cour de Zunino I, derni\u00e8re \u00e9cole de type Pailleron, \u00ab\u00a0qui sera reconstruite lors du prochain mandat \u00ab\u00a0, pour s\u00e9parer l\u2019\u00e9cole de sa voisine toute neuve: la cr\u00e8che Les Lucioles.<\/p>\n<p>Une \u00ab\u00a0\u00e9conome de flux\u00a0\u00bb embauch\u00e9e<\/p>\n<p>Mais ce sur quoi la municipalit\u00e9 planche particuli\u00e8rement, c\u2019est la question d\u00e9sormais incontournable de la lutte contre la chaleur dans les \u00e9tablissements scolaires. \u00ab\u00a0C\u2019est une r\u00e9flexion d\u2019ensemble qui est men\u00e9e, explique H\u00e9l\u00e8ne Bill, avec ensuite un traitement au cas par cas. \u00a0\u00bb \u00ab\u00a0On fait toujours un point technique par \u00e9cole et par b\u00e2timent \u00ab\u00a0, ajoute Jean-Claude Marastoni, qui pr\u00e9cise: \u00ab\u00a0Chauffage au sol, brise-soleil, travail sur les fa\u00e7ades&#8230; On \u00e9tudie toutes les solutions pour parvenir \u00e0 un rafra\u00eechissement optimal, avec pour objectif d\u2019\u00e9viter autant que possible d\u2019utiliser la climatisation. Mais c\u2019est un travail de longue haleine, et qui demande des d\u00e9penses importantes. \u00a0\u00bb Dans cette optique, la municipalit\u00e9 va embaucher une \u00ab\u00a0\u00e9conome de flux, qui participera \u00e0 cette r\u00e9flexion et a cet \u00e9tat des lieux \u00ab\u00a0. Elle d\u00e9marrera sa mission en fin d\u2019ann\u00e9e.<\/p>\n<p>Pour l\u2019heure, des brasseurs d\u2019air high-tech et silencieux ont \u00e9t\u00e9 install\u00e9s en nombre \u00ab\u00a0dans tous les r\u00e9fectoires et les dortoirs des \u00e9coles \u00ab\u00a0. Les maternelles ont \u00e9galement \u00e9t\u00e9 \u00e9quip\u00e9es de climatiseurs, tout comme \u00ab\u00a0les deux \u00e9coles \u00e9l\u00e9mentaires les plus chaudes \u00ab\u00a0, \u00e0 savoir Delplace et Zunino I.<\/p>\n","protected":false},"excerpt":{"rendered":"C\u2019est l\u2019\u00e9t\u00e9. Et quand c\u2019est l\u2019\u00e9t\u00e9, les \u00e9coles profitent d\u2019avoir pouss\u00e9 les enfants en grandes vacances pour ouvrir&hellip;\n","protected":false},"author":2,"featured_media":299430,"comment_status":"","ping_status":"","sticky":false,"template":"","format":"standard","meta":{"footnotes":""},"categories":[9619],"tags":[1111,11,1057,1777,674,1011,27,12,882,25,2310,3366],"class_list":{"0":"post-299429","1":"post","2":"type-post","3":"status-publish","4":"format-standard","5":"has-post-thumbnail","7":"category-toulon","8":"tag-actu","9":"tag-actualites","10":"tag-education","11":"tag-eu","12":"tag-europe","13":"tag-fr","14":"tag-france","15":"tag-news","16":"tag-provence-alpes-cote-dazur","17":"tag-republique-francaise","18":"tag-toulon","19":"tag-vie-locale"},"share_on_mastodon":{"url":"https:\/\/pubeurope.com\/@fr\/114979563266239693","error":""},"_links":{"self":[{"href":"https:\/\/www.europesays.com\/fr\/wp-json\/wp\/v2\/posts\/299429","targetHints":{"allow":["GET"]}}],"collection":[{"href":"https:\/\/www.europesays.com\/fr\/wp-json\/wp\/v2\/posts"}],"about":[{"href":"https:\/\/www.europesays.com\/fr\/wp-json\/wp\/v2\/types\/post"}],"author":[{"embeddable":true,"href":"https:\/\/www.europesays.com\/fr\/wp-json\/wp\/v2\/users\/2"}],"replies":[{"embeddable":true,"href":"https:\/\/www.europesays.com\/fr\/wp-json\/wp\/v2\/comments?post=299429"}],"version-history":[{"count":0,"href":"https:\/\/www.europesays.com\/fr\/wp-json\/wp\/v2\/posts\/299429\/revisions"}],"wp:featuredmedia":[{"embeddable":true,"href":"https:\/\/www.europesays.com\/fr\/wp-json\/wp\/v2\/media\/299430"}],"wp:attachment":[{"href":"https:\/\/www.europesays.com\/fr\/wp-json\/wp\/v2\/media?parent=299429"}],"wp:term":[{"taxonomy":"category","embeddable":true,"href":"https:\/\/www.europesays.com\/fr\/wp-json\/wp\/v2\/categories?post=299429"},{"taxonomy":"post_tag","embeddable":true,"href":"https:\/\/www.europesays.com\/fr\/wp-json\/wp\/v2\/tags?post=299429"}],"curies":[{"name":"wp","href":"https:\/\/api.w.org\/{rel}","templated":true}]}}