{"id":299457,"date":"2025-08-06T03:17:28","date_gmt":"2025-08-06T03:17:28","guid":{"rendered":"https:\/\/www.europesays.com\/fr\/299457\/"},"modified":"2025-08-06T03:17:28","modified_gmt":"2025-08-06T03:17:28","slug":"marseille-veut-signer-edon-zhegrova","status":"publish","type":"post","link":"https:\/\/www.europesays.com\/fr\/299457\/","title":{"rendered":"Marseille veut signer Edon Zhegrova"},"content":{"rendered":"<p style=\"text-align: justify;\"><strong>TRANSFERTS \u2013 Selon Fabrizio Romano, l\u2019Olympique de Marseille a entam\u00e9 des discussions pour signer Edon Zhegrova (Lille).<\/strong><\/p>\n<p style=\"text-align: justify;\">Apr\u00e8s de longues semaines de discussions, l\u2019<strong>Olympique de Marseille<\/strong> a finalis\u00e9 l\u2019arriv\u00e9e d\u2019<strong>Igor Paixao<\/strong> pour 30 millions d\u2019euros, \u00e0 quoi il faudra potentiellement ajouter 5 millions de bonus. <strong>Timothy<\/strong> <strong>Weah<\/strong> est lui attendu ce mardi soir \u00e0 <strong>Marseille<\/strong> et devrait parapher son contrat pour cinq ans. L\u00e0 aussi, les n\u00e9gociations ont train\u00e9 en longueur.<\/p>\n<p>Marseille fonce sur Edon Zhegrova<\/p>\n<p style=\"text-align: justify;\">Alors que l\u2019on pensait que l\u2019<strong>Olympique de Marseille<\/strong> avait boucl\u00e9 son recrutement dans le secteur offensif, notre confr\u00e8re Fabrizio Romano explique que les dirigeants olympiens ont entam\u00e9 des discussions avec <strong>Lille<\/strong> pour <strong>Edon<\/strong> <strong>Zhegrova<\/strong>. Le milieu offensif lillois de 26 ans a un bon de sortie pour cet \u00e9t\u00e9, puisqu\u2019il arrive en fin de contrat en juin 2026.<\/p>\n<p style=\"text-align: justify;\"><strong>Naples<\/strong> en <strong>Italie<\/strong> et <strong>Al-Nassr<\/strong> en <strong>Arabie<\/strong> <strong>Saoudite<\/strong> sont aussi sur le coup pour recruter <strong>Edon<\/strong> <strong>Zhegrova<\/strong>. Mais selon Foot Mercato, le milieu kosovar veut rejoindre l\u2019<strong>Olympique de Marseille<\/strong>. Des discussions concr\u00e8tes ont \u00e9t\u00e9 entam\u00e9es avec le joueur, mais aussi avec le <strong>LOSC<\/strong>, alors que le joueur est \u00e9valu\u00e9 \u00e0 pas moins de 25 millions d\u2019euros.<\/p>\n<p>\u00c0 ce sujet<br \/>\n<a href=\"https:\/\/dicodusport.fr\/blog\/mercato-om-2025-2026-le-tableau-complet-des-transferts-arrivees-et-departs\/\" class=\"vlp-link\" title=\"Mercato OM 2025-2026 : Le tableau complet des transferts, arriv\u00e9es et d\u00e9parts\" target=\"_blank\" rel=\"noopener\"><img loading=\"lazy\" decoding=\"async\" style=\"max-width: 792px;\" width=\"792\" height=\"445\" class=\"attachment-800x445 size-800x445 perfmatters-lazy\" alt=\"Mercato OM 2025-2026 Le tableau complet des transferts, arriv\u00e9es et d\u00e9parts\" src=\"https:\/\/www.europesays.com\/fr\/wp-content\/uploads\/2025\/06\/Mercato-OM-2025-2026-Le-tableau-complet-des-transferts-arrivees-et-departs.png\"  data-\/><\/p>\n<p>Mercato OM 2025-2026 : Le tableau complet des transferts, arriv\u00e9es et d\u00e9parts<\/p>\n<p>TRANSFERTS OM &#8211; Retrouvez tous les mouvements de l&rsquo;Olympique de Marseille pour l&rsquo;intersaison 2025 en Ligue 1. Arriv\u00e9es, d\u00e9part, pr\u00eats, transferts d\u00e9finitifs, ne ratez rien du mercato estival.\u00a0<\/p>\n<p>Lire l&rsquo;article<\/p>\n<p>dicodusport.fr<\/p>\n","protected":false},"excerpt":{"rendered":"TRANSFERTS \u2013 Selon Fabrizio Romano, l\u2019Olympique de Marseille a entam\u00e9 des discussions pour signer Edon Zhegrova (Lille). Apr\u00e8s&hellip;\n","protected":false},"author":2,"featured_media":299458,"comment_status":"","ping_status":"","sticky":false,"template":"","format":"standard","meta":{"footnotes":""},"categories":[2814],"tags":[1111,11,2113,1777,674,1011,27,884,23100,12,149,882,25],"class_list":{"0":"post-299457","1":"post","2":"type-post","3":"status-publish","4":"format-standard","5":"has-post-thumbnail","7":"category-marseille","8":"tag-actu","9":"tag-actualites","10":"tag-breve","11":"tag-eu","12":"tag-europe","13":"tag-fr","14":"tag-france","15":"tag-marseille","16":"tag-mercato-football","17":"tag-news","18":"tag-om","19":"tag-provence-alpes-cote-dazur","20":"tag-republique-francaise"},"share_on_mastodon":{"url":"https:\/\/pubeurope.com\/@fr\/114979657854655198","error":""},"_links":{"self":[{"href":"https:\/\/www.europesays.com\/fr\/wp-json\/wp\/v2\/posts\/299457","targetHints":{"allow":["GET"]}}],"collection":[{"href":"https:\/\/www.europesays.com\/fr\/wp-json\/wp\/v2\/posts"}],"about":[{"href":"https:\/\/www.europesays.com\/fr\/wp-json\/wp\/v2\/types\/post"}],"author":[{"embeddable":true,"href":"https:\/\/www.europesays.com\/fr\/wp-json\/wp\/v2\/users\/2"}],"replies":[{"embeddable":true,"href":"https:\/\/www.europesays.com\/fr\/wp-json\/wp\/v2\/comments?post=299457"}],"version-history":[{"count":0,"href":"https:\/\/www.europesays.com\/fr\/wp-json\/wp\/v2\/posts\/299457\/revisions"}],"wp:featuredmedia":[{"embeddable":true,"href":"https:\/\/www.europesays.com\/fr\/wp-json\/wp\/v2\/media\/299458"}],"wp:attachment":[{"href":"https:\/\/www.europesays.com\/fr\/wp-json\/wp\/v2\/media?parent=299457"}],"wp:term":[{"taxonomy":"category","embeddable":true,"href":"https:\/\/www.europesays.com\/fr\/wp-json\/wp\/v2\/categories?post=299457"},{"taxonomy":"post_tag","embeddable":true,"href":"https:\/\/www.europesays.com\/fr\/wp-json\/wp\/v2\/tags?post=299457"}],"curies":[{"name":"wp","href":"https:\/\/api.w.org\/{rel}","templated":true}]}}