{"id":299464,"date":"2025-08-06T03:23:24","date_gmt":"2025-08-06T03:23:24","guid":{"rendered":"https:\/\/www.europesays.com\/fr\/299464\/"},"modified":"2025-08-06T03:23:24","modified_gmt":"2025-08-06T03:23:24","slug":"benjamin-andre-losc-deja-oublie-le-pfc-va-lacher-15me-pour-un-enorme-transfert","status":"publish","type":"post","link":"https:\/\/www.europesays.com\/fr\/299464\/","title":{"rendered":"Benjamin Andr\u00e9 (LOSC) d\u00e9j\u00e0 oubli\u00e9, le PFC va l\u00e2cher 15M\u20ac pour un \u00e9norme transfert !"},"content":{"rendered":"<p>\t\t\t\t\t Le mercato bat son plein au Paris FC, qui n\u2019a pas perdu de temps pour rebondir suite \u00e0 l\u2019\u00e9chec du dossier menant au milieu de terrain du LOSC, Benjamin Andr\u00e9. Ambitieux pour son retour en Ligue 1, le club de la capitale a jet\u00e9 son d\u00e9volu sur Amadou Haidara, milieu de terrain international malien, auteur de 40 matchs lors du dernier exercice \u00e0 Leipzig.\u00a0 <\/p>\n<p>\u00c0 en croire les informations de L\u2019\u00c9quipe, le joueur de 27 ans aurait d\u00e9j\u00e0 trouv\u00e9 un terrain d\u2019entente contractuel avec le PFC. C\u2019est une avanc\u00e9e de taille pour le club francilien, qui pourrait r\u00e9aliser un \u00e9norme coup sur le march\u00e9 des transferts. <\/p>\n<p>Reste d\u00e9sormais la question cruciale : l\u2019accord avec Leipzig sur le montant du transfert. Le RB Leipzig, qui valorise son joueur entre 20 et 25 millions d\u2019euros, campe sur ses positions. Mais le Paris FC peut s\u2019appuyer sur un argument de poids : la maison Red Bull. Actionnaire minoritaire du club parisien, Red Bull est aussi propri\u00e9taire du club allemand, une sp\u00e9cificit\u00e9 qui pourrait faciliter les discussions d&rsquo;autant plus que Haidara ne dispose plus que d&rsquo;une ann\u00e9e de contrat au RBL. <\/p>\n<p>Recruter Haidara constituerait incontestablement un signal fort envoy\u00e9 \u00e0 la concurrence : le PFC ne veut pas faire de la figuration en Ligue 1. La signature d\u2019un milieu exp\u00e9riment\u00e9, habitu\u00e9 des grands rendez-vous europ\u00e9ens, offrirait au promu une assise solide. \u00c0 condition de convaincre Leipzig, le Paris FC pourrait signer l\u00e0 l\u2019un des jolis coups de ce mercato estival, preuve de ses grosses ambitions.\n\t\t\t\t <\/p>\n","protected":false},"excerpt":{"rendered":"Le mercato bat son plein au Paris FC, qui n\u2019a pas perdu de temps pour rebondir suite \u00e0&hellip;\n","protected":false},"author":2,"featured_media":299465,"comment_status":"","ping_status":"","sticky":false,"template":"","format":"standard","meta":{"footnotes":""},"categories":[1888],"tags":[1111,1928,11,1927,1777,674,1011,27,12,1926,626,1925,25],"class_list":{"0":"post-299464","1":"post","2":"type-post","3":"status-publish","4":"format-standard","5":"has-post-thumbnail","7":"category-paris","8":"tag-actu","9":"tag-actu-paris","10":"tag-actualites","11":"tag-actualites-paris","12":"tag-eu","13":"tag-europe","14":"tag-fr","15":"tag-france","16":"tag-news","17":"tag-news-paris","18":"tag-paris","19":"tag-paris-news","20":"tag-republique-francaise"},"share_on_mastodon":{"url":"https:\/\/pubeurope.com\/@fr\/114979681321825492","error":""},"_links":{"self":[{"href":"https:\/\/www.europesays.com\/fr\/wp-json\/wp\/v2\/posts\/299464","targetHints":{"allow":["GET"]}}],"collection":[{"href":"https:\/\/www.europesays.com\/fr\/wp-json\/wp\/v2\/posts"}],"about":[{"href":"https:\/\/www.europesays.com\/fr\/wp-json\/wp\/v2\/types\/post"}],"author":[{"embeddable":true,"href":"https:\/\/www.europesays.com\/fr\/wp-json\/wp\/v2\/users\/2"}],"replies":[{"embeddable":true,"href":"https:\/\/www.europesays.com\/fr\/wp-json\/wp\/v2\/comments?post=299464"}],"version-history":[{"count":0,"href":"https:\/\/www.europesays.com\/fr\/wp-json\/wp\/v2\/posts\/299464\/revisions"}],"wp:featuredmedia":[{"embeddable":true,"href":"https:\/\/www.europesays.com\/fr\/wp-json\/wp\/v2\/media\/299465"}],"wp:attachment":[{"href":"https:\/\/www.europesays.com\/fr\/wp-json\/wp\/v2\/media?parent=299464"}],"wp:term":[{"taxonomy":"category","embeddable":true,"href":"https:\/\/www.europesays.com\/fr\/wp-json\/wp\/v2\/categories?post=299464"},{"taxonomy":"post_tag","embeddable":true,"href":"https:\/\/www.europesays.com\/fr\/wp-json\/wp\/v2\/tags?post=299464"}],"curies":[{"name":"wp","href":"https:\/\/api.w.org\/{rel}","templated":true}]}}