{"id":299493,"date":"2025-08-06T03:39:11","date_gmt":"2025-08-06T03:39:11","guid":{"rendered":"https:\/\/www.europesays.com\/fr\/299493\/"},"modified":"2025-08-06T03:39:11","modified_gmt":"2025-08-06T03:39:11","slug":"atp-zverev-au-sujet-de-son-changement-dattitude-dune-certaine-maniere-federer-ma-inspire-a-operer-ce-changement","status":"publish","type":"post","link":"https:\/\/www.europesays.com\/fr\/299493\/","title":{"rendered":"ATP > Zverev, au sujet de son changement d&rsquo;attitude : \u00ab D&rsquo;une certaine mani\u00e8re, Federer m&rsquo;a inspir\u00e9 \u00e0 op\u00e9rer ce changement \u00bb"},"content":{"rendered":"<p>Tout le monde se rappelle de l\u2019at\u00adti\u00adtude parfois tr\u00e8s limite d\u2019Alexander Zverev il y a encore quelques ann\u00e9es, lorsque l\u2019Allemand arri\u00advait sur le circuit et \u00e9tait encore une des plus jeunes stars du\u00a0tour.<\/p>\n<p>D\u00e9sormais, le N\u00b03 mondial fait preuve d\u2019une tenue irr\u00e9\u00adpro\u00adchable depuis bien long\u00adtemps, ne cassant plus de raquette et ne montrant aucun manque de respect sur le court. Il a lui\u2010m\u00eame compar\u00e9 ce chan\u00adge\u00adment \u00e0 celui de Roger Federer, tout en ajou\u00adtant que le fait de devenir p\u00e8re l\u2019avait beau\u00adcoup aid\u00e9 \u00e0 se calmer et se montrer plus\u00a0sage.<\/p>\n<p><strong>\u00ab\u202fIl faut d\u2019abord assumer sa propre personne. Je l\u2019ai d\u00e9j\u00e0 dit, mais je suis p\u00e8re main\u00adte\u00adnant, alors je veux \u00eatre un bon exemple. Et puis, vous savez, je veux qu\u2019on se souvienne de moi pour mon tennis, pour ce que j\u2019ai accompli sur le court. J\u2019ai assum\u00e9 ma respon\u00adsa\u00adbi\u00adlit\u00e9 person\u00adnelle d\u2019\u00eatre un mod\u00e8le dans le tennis en tant que p\u00e8re. \u00catre p\u00e8re m\u2019a chang\u00e9, je veux montrer l\u2019exemple. D\u2019une certaine mani\u00e8re, Federer m\u2019a inspir\u00e9 \u00e0 op\u00e9rer ce chan\u00adge\u00adment. Le voir perdre son sang\u2010froid dans sa jeunesse pour devenir la perfec\u00adtion absolue m\u2019a pouss\u00e9 \u00e0 prendre cette d\u00e9ci\u00adsion. La derni\u00e8re fois que j\u2019ai cass\u00e9 une raquette, c\u2019\u00e9tait il y a deux ans, je crois, trois ans et demi. Je ne compte pas changer \u00e7a.\u202f\u00bb<\/strong><\/p>\n<p class=\"post-published-date\" style=\"color: silver; font-size: 75%; text-align: left;\">Publi\u00e9 le mardi 5 ao\u00fbt 2025 \u00e0 13:16<\/p>\n","protected":false},"excerpt":{"rendered":"Tout le monde se rappelle de l\u2019at\u00adti\u00adtude parfois tr\u00e8s limite d\u2019Alexander Zverev il y a encore quelques ann\u00e9es,&hellip;\n","protected":false},"author":2,"featured_media":299494,"comment_status":"","ping_status":"","sticky":false,"template":"","format":"standard","meta":{"footnotes":""},"categories":[1415],"tags":[2199,1011,27,60,1467,4542],"class_list":{"0":"post-299493","1":"post","2":"type-post","3":"status-publish","4":"format-standard","5":"has-post-thumbnail","7":"category-tennis","8":"tag-federer","9":"tag-fr","10":"tag-france","11":"tag-sports","12":"tag-tennis","13":"tag-zverev"},"share_on_mastodon":{"url":"https:\/\/pubeurope.com\/@fr\/114979744200862202","error":""},"_links":{"self":[{"href":"https:\/\/www.europesays.com\/fr\/wp-json\/wp\/v2\/posts\/299493","targetHints":{"allow":["GET"]}}],"collection":[{"href":"https:\/\/www.europesays.com\/fr\/wp-json\/wp\/v2\/posts"}],"about":[{"href":"https:\/\/www.europesays.com\/fr\/wp-json\/wp\/v2\/types\/post"}],"author":[{"embeddable":true,"href":"https:\/\/www.europesays.com\/fr\/wp-json\/wp\/v2\/users\/2"}],"replies":[{"embeddable":true,"href":"https:\/\/www.europesays.com\/fr\/wp-json\/wp\/v2\/comments?post=299493"}],"version-history":[{"count":0,"href":"https:\/\/www.europesays.com\/fr\/wp-json\/wp\/v2\/posts\/299493\/revisions"}],"wp:featuredmedia":[{"embeddable":true,"href":"https:\/\/www.europesays.com\/fr\/wp-json\/wp\/v2\/media\/299494"}],"wp:attachment":[{"href":"https:\/\/www.europesays.com\/fr\/wp-json\/wp\/v2\/media?parent=299493"}],"wp:term":[{"taxonomy":"category","embeddable":true,"href":"https:\/\/www.europesays.com\/fr\/wp-json\/wp\/v2\/categories?post=299493"},{"taxonomy":"post_tag","embeddable":true,"href":"https:\/\/www.europesays.com\/fr\/wp-json\/wp\/v2\/tags?post=299493"}],"curies":[{"name":"wp","href":"https:\/\/api.w.org\/{rel}","templated":true}]}}