{"id":299497,"date":"2025-08-06T03:42:13","date_gmt":"2025-08-06T03:42:13","guid":{"rendered":"https:\/\/www.europesays.com\/fr\/299497\/"},"modified":"2025-08-06T03:42:13","modified_gmt":"2025-08-06T03:42:13","slug":"une-treve-bienvenue-pour-alpine-en-formule-1","status":"publish","type":"post","link":"https:\/\/www.europesays.com\/fr\/299497\/","title":{"rendered":"Une tr\u00eave bienvenue pour Alpine en Formule 1"},"content":{"rendered":"<p>            Par<br \/>\n        <strong><br \/>\n            <a href=\"https:\/\/actu.fr\/auteur\/philippe-beaufils\" title=\"Consulter tous les articles de Philippe Beaufils\" target=\"_blank\" rel=\"noopener\">Philippe Beaufils<\/a><br \/>\n        <\/strong><\/p>\n<p>        Publi\u00e9 le<\/p>\n<p>            5 ao\u00fbt 2025 \u00e0 16h04        <\/p>\n<p>D\u00e9cid\u00e9ment, c\u2019est une saison \u00ab gal\u00e8re \u00bb pour<a href=\"https:\/\/actu.fr\/tag\/alpine\" target=\"_blank\" rel=\"noopener\"> Alpine<\/a>. Les deux pilotes de la marque de <a href=\"https:\/\/actu.fr\/normandie\/dieppe_76217\" target=\"_blank\" rel=\"noopener\">Dieppe (Seine-Maritime)<\/a> n\u2019ont encore jamais fait illusion lord du Grand prix de Hongrie de ce week-end et ont pris les deux derni\u00e8res places du classement.<\/p>\n<p class=\" wall-content\">La tr\u00eave jusqu\u2019\u00e0 la fin du mois est donc la bienvenue pour la marque au A fl\u00e9ch\u00e9 et il y a donc beaucoup de travail en vue pour esp\u00e9rer relever la t\u00eate et effectuer une meilleure deuxi\u00e8me partie du championnat.<\/p>\n<p>Une domination des McLaren<\/p>\n<p class=\" wall-content\">Ce week-end, le mythique circuit de Hungaroring a donc accueilli le 14e\u00a0Grand prix de la saison (sur 26) qui n\u2019a pas connu de v\u00e9ritables surprises avec une nouvelle domination des McLaren et un nouveau doubl\u00e9, Lando Norris l\u2019emportant devant son co\u00e9quipier Oscar Piastri. Derri\u00e8re, le week-end a \u00e9t\u00e9 marqu\u00e9 par les hauts et les bas v\u00e9cus par Charles Leclerc. Avec sa Ferrari, il a d\u2019abord d\u00e9croch\u00e9 la pole position.<\/p>\n<p class=\" wall-content\">Malheureusement, la suite a \u00e9t\u00e9 moins brillante pour le Mon\u00e9gasque vite d\u00e9pass\u00e9 et qui a d\u00fb se contenter de la quatri\u00e8me place, \u00e9tant \u00e9galement devanc\u00e9 par George Russel.<\/p>\n<p class=\" wall-content\">Autre fait marquant, la modeste neuvi\u00e8me place de Max Verstappen qui a sans doute perdu en Hongrie ses derniers espoirs d\u2019aller inqui\u00e9ter les McLaren dans la lutte pour le titre.<\/p>\n<p>Vid\u00e9os : en ce moment sur ActuDifficile tout le week-end<\/p>\n<p class=\" wall-content\">Et Alpine dans tout \u00e7a ? Rien de neuf ou presque sous la chaleur du week-end en Hongrie. M\u00eame quasiment la canicule samedi au moment de la s\u00e9ance de qualifications avec un asphalte mesur\u00e9 \u00e0 52\u00a0\u00b0C lorsque les monoplaces ont pris possession de la piste.<\/p>\n<p class=\" wall-content\">Dans ces conditions, apr\u00e8s des essais libres d\u00e9j\u00e0 d\u00e9cevants, la situation ne s\u2019est pas am\u00e9lior\u00e9e pour la marque au A fl\u00e9ch\u00e9. Ainsi Pierre Gasly a \u00e9t\u00e9 \u00e9limin\u00e9 d\u00e8s la Q1 suite \u00e0 son 17e temps. Son partenaire Franco Colapinto a fait un peu mieux, un peu seulement en atteignant la Q2, mais s\u2019arr\u00eatait l\u00e0 avec son 14e chrono.<\/p>\n<p class=\" wall-content\">Dimanche, les deux pilotes Alpine n\u2019ont donc rien \u00e0 perdre, mais apr\u00e8s un mauvais d\u00e9part, la situation est loin de s\u2019am\u00e9liorer puisque l\u2019on retrouve Colapinto et Gasly respectivement 18e et 19e.<\/p>\n<p>Pierre Gasly p\u00e9nalis\u00e9<\/p>\n<p class=\" wall-content\">Dans le haut comme dans le bas du classement, les arr\u00eats au stand et les choix de pneumatiques peuvent s\u2019av\u00e9rer d\u00e9terminants d\u2019autant que la pluie menace, mais elle n\u2019arrivera jamais sur le circuit.<\/p>\n<p class=\" wall-content\">\u00c0 ce petit jeu, Pierre Gasly fait un choix tactique important en s\u2019arr\u00eatant \u00e0 son stand au 34e tour. Le Bois-Guillaumais repart en derni\u00e8re position, mais avec des pneus neufs qui lui permettent d\u2019effectuer plusieurs d\u00e9passements. Pas assez pour esp\u00e9rer se rapprocher du Top\u00a010 et pire, en fin de course, il est \u00e0 l\u2019origine d\u2019une collision et \u00e9cope d\u2019une p\u00e9nalit\u00e9 de dix secondes.<\/p>\n<p class=\" wall-content\">Finalement Pierre Gasly termine 19e et dernier, devanc\u00e9 d\u2019une place par son partenaire Franco Colapinto qui ne d\u00e9colle toujours pas. C\u2019est donc la tr\u00eave estivale pour la saison de Formule 1. Il ne reste plus que dix Grand prix et le prochain aura lieu le dimanche 31\u00a0ao\u00fbt aux Pays-Bas.<\/p>\n<p class=\" wall-content\">Suivez toute l\u2019actualit\u00e9 de vos villes et m\u00e9dias favoris en vous inscrivant \u00e0 <a href=\"https:\/\/moncompte.actu.fr\" title=\"D\u00e9couvez Mon Actu\" rel=\"nofollow noopener\" data-trk=\"{&quot;cta&quot;:{&quot;action&quot;:&quot;https:\\\/\\\/moncompte.actu.fr&quot;,&quot;category&quot;:&quot;mon compte&quot;,&quot;from&quot;:&quot;article footer&quot;,&quot;name&quot;:&quot;Mon actu&quot;,&quot;type&quot;:&quot;cta&quot;}}\" target=\"_blank\">Mon Actu<\/a>.<\/p>\n","protected":false},"excerpt":{"rendered":"Par Philippe Beaufils Publi\u00e9 le 5 ao\u00fbt 2025 \u00e0 16h04 D\u00e9cid\u00e9ment, c\u2019est une saison \u00ab gal\u00e8re \u00bb pour&hellip;\n","protected":false},"author":2,"featured_media":299498,"comment_status":"","ping_status":"","sticky":false,"template":"","format":"standard","meta":{"footnotes":""},"categories":[1412],"tags":[2674,646,1451,1452,1453,1454,1455,1011,27,60,10200],"class_list":{"0":"post-299497","1":"post","2":"type-post","3":"status-publish","4":"format-standard","5":"has-post-thumbnail","7":"category-f1","8":"tag-alpine","9":"tag-automobile","10":"tag-f1","11":"tag-formula-1","12":"tag-formula1","13":"tag-formule-1","14":"tag-formule1","15":"tag-fr","16":"tag-france","17":"tag-sports","18":"tag-sports-mecaniques"},"share_on_mastodon":{"url":"https:\/\/pubeurope.com\/@fr\/114979756096869345","error":""},"_links":{"self":[{"href":"https:\/\/www.europesays.com\/fr\/wp-json\/wp\/v2\/posts\/299497","targetHints":{"allow":["GET"]}}],"collection":[{"href":"https:\/\/www.europesays.com\/fr\/wp-json\/wp\/v2\/posts"}],"about":[{"href":"https:\/\/www.europesays.com\/fr\/wp-json\/wp\/v2\/types\/post"}],"author":[{"embeddable":true,"href":"https:\/\/www.europesays.com\/fr\/wp-json\/wp\/v2\/users\/2"}],"replies":[{"embeddable":true,"href":"https:\/\/www.europesays.com\/fr\/wp-json\/wp\/v2\/comments?post=299497"}],"version-history":[{"count":0,"href":"https:\/\/www.europesays.com\/fr\/wp-json\/wp\/v2\/posts\/299497\/revisions"}],"wp:featuredmedia":[{"embeddable":true,"href":"https:\/\/www.europesays.com\/fr\/wp-json\/wp\/v2\/media\/299498"}],"wp:attachment":[{"href":"https:\/\/www.europesays.com\/fr\/wp-json\/wp\/v2\/media?parent=299497"}],"wp:term":[{"taxonomy":"category","embeddable":true,"href":"https:\/\/www.europesays.com\/fr\/wp-json\/wp\/v2\/categories?post=299497"},{"taxonomy":"post_tag","embeddable":true,"href":"https:\/\/www.europesays.com\/fr\/wp-json\/wp\/v2\/tags?post=299497"}],"curies":[{"name":"wp","href":"https:\/\/api.w.org\/{rel}","templated":true}]}}