{"id":299499,"date":"2025-08-06T03:43:16","date_gmt":"2025-08-06T03:43:16","guid":{"rendered":"https:\/\/www.europesays.com\/fr\/299499\/"},"modified":"2025-08-06T03:43:16","modified_gmt":"2025-08-06T03:43:16","slug":"vuelta-tour-despagne-blesse-lennert-van-eetvelt-renonce-au-tour-despagne","status":"publish","type":"post","link":"https:\/\/www.europesays.com\/fr\/299499\/","title":{"rendered":"Vuelta. Tour d&rsquo;Espagne &#8211; Bless\u00e9, Lennert Van Eetvelt renonce au Tour d\u2019Espagne"},"content":{"rendered":"<p>Il devait \u00eatre le leader de son \u00e9quipe pour jouer un bon classement g\u00e9n\u00e9ral lors du dernier <strong>Tour de France<\/strong> remport\u00e9 par l&rsquo;irr\u00e9sistible Slov\u00e8ne <strong>Tadej Pogacar<\/strong> (UAE Emirates-XRG), le Belge <strong><a href=\"https:\/\/www.cyclismactu.net\/..\/news-tour-de-france-route-lennert-van-eetvelt-n-a-pas-pris-depart-de-15e-etape-89089.html\" target=\"_blank\" rel=\"nofollow noopener\">Lennert Van Eetvelt<\/a><\/strong> (Lotto) n&rsquo;a pas v\u00e9cu une Grande Boucle facile. En effet, le natif de Binkom a chut\u00e9 lors des championnats de Belgique sur route, et, ne pouvant pas jouer ses chances, en plus d&rsquo;\u00eatre en souffrance \u00e0 chaque \u00e9tape du Tour, le Belge de 24 ans a abandonn\u00e9 au d\u00e9part de la 15e \u00e9tape. Pr\u00e9vu initialement sur les routes du prochain <strong>Tour d&rsquo;Espagne<\/strong> (23 ao\u00fbt\u201314 septembre), <strong>Van Eetvelt<\/strong> fait l&rsquo;impasse, toujours pas compl\u00e8tement remis de ses blessures, comme l\u2019a indiqu\u00e9 la formation <strong>Lotto<\/strong> de <strong>St\u00e9phane Heulot<\/strong> dans son communiqu\u00e9 de presse.<\/p>\n<p>Vid\u00e9o &#8211; St\u00e9phane Heulot, manager g\u00e9n\u00e9ral de la Lotto Lire la suite de l&rsquo;article&#13;<\/p>\n<p>\u00a0<\/p>\n<p>&#13;<\/p>\n<blockquote class=\"twitter-tweet\" style=\"width:100%!important;max-width:550px!important;min-width:250px;height:500px;\"><p>&#13;<\/p>\n<p dir=\"ltr\" lang=\"en\">Speedy recovery, <a href=\"https:\/\/twitter.com\/LennertVEetvelt?ref_src=twsrc%5Etfw\" rel=\"nofollow noopener\" target=\"_blank\">@LennertVEetvelt<\/a> \u2764\ufe0f\u200d? <a href=\"https:\/\/t.co\/yVgK83ZARS\" rel=\"nofollow\">pic.twitter.com\/yVgK83ZARS<\/a><\/p>\n<p>&#13;<br \/>\n\u2014 Lotto Cycling Team (@lottocycling_) <a href=\"https:\/\/twitter.com\/lottocycling_\/status\/1952767017351614736?ref_src=twsrc%5Etfw\" rel=\"nofollow noopener\" target=\"_blank\">August 5, 2025<\/a><\/p><\/blockquote>\n<p>&#13;<br \/>\n&#13;<br \/>\n<strong>Une blessure qui l&rsquo;handicape pour le reste de la saison&#8230;<\/strong>&#13;<\/p>\n<p>2025 n&rsquo;aura pas \u00e9t\u00e9 une ann\u00e9e facile pour<strong> Lennert Van Eetvelt<\/strong>.\u00a0La formation de <strong>St\u00e9phane Heulot\u00a0<\/strong>s\u2019est exprim\u00e9e sur ce sujet et a d\u00e9clar\u00e9 : \u00ab\u00a0Lennert Van Eetvelt ne pourra malheureusement pas prendre le d\u00e9part de la Vuelta le 23 ao\u00fbt. Lennert s&rsquo;\u00e9tait fix\u00e9 comme objectif le Tour d&rsquo;Espagne, mais apr\u00e8s sa chute lors du championnat de Belgique, il souffre d&rsquo;une contusion osseuse importante au niveau des vert\u00e8bres lombaires. Il ne sera pas pr\u00eat \u00e0 temps pour \u00eatre en pleine forme pour le d\u00e9part \u00e0 Turin. Si tout se passe bien, il devrait reprendre sa saison lors du GP de Qu\u00e9bec, au Canada. Apr\u00e8s avoir d\u00e9j\u00e0 quitt\u00e9 pr\u00e9matur\u00e9ment le Tour, c&rsquo;est un nouveau revers pour Lennert et l&rsquo;\u00e9quipe. Nous lui souhaitons un prompt r\u00e9tablissement !\u00a0\u00bb, conclut l&rsquo;\u00e9quipe\u00a0<strong>Lotto<\/strong> dans son communiqu\u00e9 de presse.<\/p>\n<p><script async src=\"https:\/\/platform.twitter.com\/widgets.js\" charset=\"utf-8\"><\/script><\/p>\n","protected":false},"excerpt":{"rendered":"Il devait \u00eatre le leader de son \u00e9quipe pour jouer un bon classement g\u00e9n\u00e9ral lors du dernier Tour&hellip;\n","protected":false},"author":2,"featured_media":299500,"comment_status":"","ping_status":"","sticky":false,"template":"","format":"standard","meta":{"footnotes":""},"categories":[1411],"tags":[1154,207,1011,27,209,60,3318,208],"class_list":{"0":"post-299499","1":"post","2":"type-post","3":"status-publish","4":"format-standard","5":"has-post-thumbnail","7":"category-cyclisme","8":"tag-cycling","9":"tag-cyclisme","10":"tag-fr","11":"tag-france","12":"tag-route","13":"tag-sports","14":"tag-tour-d","15":"tag-velo"},"share_on_mastodon":{"url":"https:\/\/pubeurope.com\/@fr\/114979760032006764","error":""},"_links":{"self":[{"href":"https:\/\/www.europesays.com\/fr\/wp-json\/wp\/v2\/posts\/299499","targetHints":{"allow":["GET"]}}],"collection":[{"href":"https:\/\/www.europesays.com\/fr\/wp-json\/wp\/v2\/posts"}],"about":[{"href":"https:\/\/www.europesays.com\/fr\/wp-json\/wp\/v2\/types\/post"}],"author":[{"embeddable":true,"href":"https:\/\/www.europesays.com\/fr\/wp-json\/wp\/v2\/users\/2"}],"replies":[{"embeddable":true,"href":"https:\/\/www.europesays.com\/fr\/wp-json\/wp\/v2\/comments?post=299499"}],"version-history":[{"count":0,"href":"https:\/\/www.europesays.com\/fr\/wp-json\/wp\/v2\/posts\/299499\/revisions"}],"wp:featuredmedia":[{"embeddable":true,"href":"https:\/\/www.europesays.com\/fr\/wp-json\/wp\/v2\/media\/299500"}],"wp:attachment":[{"href":"https:\/\/www.europesays.com\/fr\/wp-json\/wp\/v2\/media?parent=299499"}],"wp:term":[{"taxonomy":"category","embeddable":true,"href":"https:\/\/www.europesays.com\/fr\/wp-json\/wp\/v2\/categories?post=299499"},{"taxonomy":"post_tag","embeddable":true,"href":"https:\/\/www.europesays.com\/fr\/wp-json\/wp\/v2\/tags?post=299499"}],"curies":[{"name":"wp","href":"https:\/\/api.w.org\/{rel}","templated":true}]}}