{"id":299505,"date":"2025-08-06T03:46:20","date_gmt":"2025-08-06T03:46:20","guid":{"rendered":"https:\/\/www.europesays.com\/fr\/299505\/"},"modified":"2025-08-06T03:46:20","modified_gmt":"2025-08-06T03:46:20","slug":"les-5-vols-doeuvres-dart-les-plus-celebres-et-les-plus-fous-de-lhistoire","status":"publish","type":"post","link":"https:\/\/www.europesays.com\/fr\/299505\/","title":{"rendered":"Les 5 vols d\u2019\u0153uvres d\u2019art les plus c\u00e9l\u00e8bres (et les plus fous) de l&rsquo;histoire"},"content":{"rendered":"<p>Voici les 5 vols d\u2019\u0153uvres d\u2019art les plus incroyables de l&rsquo;histoire<\/p>\n<p>\u00c9nigmatiques et troublants, les <a href=\"https:\/\/www.admagazine.fr\/art\/portfolio\/diaporama\/ces-oeuvres-dart-volees-qui-nont-jamais-ete-retrouvees\/60174\" rel=\"nofollow noopener\" target=\"_blank\">vols d&rsquo;\u0153uvres d\u2019art<\/a> ne cessent de fasciner et d\u2019inspirer. Alors que les toiles vendues aux ench\u00e8res atteignent des sommes astronomiques, certains escrocs d\u00e9robent des chefs-d\u2019\u0153uvre de l\u2019histoire de l\u2019art pour revendre les originaux ou pour les conserver dans leurs r\u00e9sidences. Parmi eux, le voleur d\u2019art compulsif fran\u00e7ais St\u00e9phane Breitwieser avait saisi pr\u00e8s de deux cent \u0153uvres pour habiller son int\u00e9rieur.<\/p>\n<p>Alors que le cin\u00e9ma s\u2019empare de ses folles histoires, le film Les R\u00e8gles de l\u2019Art sorti cette ann\u00e9e retrace le parcours d\u2019un cambrioleur insoup\u00e7onn\u00e9 qui a commis le casse du si\u00e8cle : cinq toiles de ma\u00eetres disparaissent dans la nuit du 19 mai 2010 au Mus\u00e9e d\u2019Art Moderne de Paris, sans que l\u2019alarme ne se d\u00e9clenche. Un Georges Braque, un Henri <a href=\"https:\/\/www.admagazine.fr\/art\/news\/diaporama\/henri-matisse-en-10-cliches-rares\/61053\" rel=\"nofollow noopener\" target=\"_blank\">Matisse<\/a>, un Fernand L\u00e9ger, un Pablo <a href=\"https:\/\/www.admagazine.fr\/article\/artistes-vacances-pablo-picasso-david-hockney\" rel=\"nofollow noopener\" target=\"_blank\">Picasso<\/a> et Amedeo Modigliani : volatilis\u00e9s. D\u00e9couverte des v\u00e9ritables histoires derri\u00e8re le braquage d\u2019\u0153uvres d\u2019art cultes.<\/p>\n<p>Vol de la \u00ab Joconde \u00bb, L\u00e9onard de Vinci au Mus\u00e9e du Louvre en 1911. La Joconde, expos\u00e9e apr\u00e8s le vol en 1911 et sa r\u00e9cup\u00e9ration, sous la garde de la police \u00e0 Florence &#8211; 1913<\/p>\n<p>\u00a9 ullstein bild Dtl.\/ullstein bild\/ullstein bild via Getty Images<\/p>\n<p>Le vol le plus mythique : La Joconde<\/p>\n<p>Alors que le <a href=\"https:\/\/www.admagazine.fr\/article\/renovation-musee-du-louvre\" rel=\"nofollow noopener\" target=\"_blank\">mus\u00e9e du Louvre<\/a> est ferm\u00e9 le lundi 21 ao\u00fbt 1911, un ancien travailleur italien s\u2019introduit dans le mus\u00e9e autour de sept heures du matin, v\u00eatu de sa blouse de travail. Il d\u00e9croche le tableau de <a href=\"https:\/\/www.admagazine.fr\/adinspiration\/article\/leonard-de-vinci-portrait-genie-mille-et-une-facettes\" rel=\"nofollow noopener\" target=\"_blank\">L\u00e9onard de Vinci<\/a>, se d\u00e9barrasse de son cadre qu\u2019il abandonne dans la cage d\u2019escalier et quitte le mus\u00e9e avec la toile qu\u2019il enroule et dissimule sous ses habits. Ce n\u2019est que le lendemain matin que le vol est constat\u00e9. Vincenzo Peruggia cache le tableau pendant pr\u00e8s de deux ans dans sa chambre parisienne, rue de l\u2019H\u00f4pital-Saint-Louis, dans une valise qu\u2019il cache sous son lit. Le vol de ce tableau sera consid\u00e9r\u00e9 comme l\u2019un des plus grands vols du XXe si\u00e8cle.<\/p>\n<p>L&rsquo;une des quatre versions d&rsquo;une composition de l&rsquo;artiste expressionniste norv\u00e9gien Edvard Munch, de sa toile \u201cLe Cri\u201d r\u00e9alis\u00e9e entre 1893 et 1910. Munch a donn\u00e9 \u00e0 ces \u0153uvres le titre allemand \u00ab\u00a0Der Schrei der Natur\u00a0\u00bb (Le Cri de la Nature) qui repr\u00e9sentent un personnage \u00e0 l&rsquo;expression angoiss\u00e9e sur fond de paysage au ciel orang\u00e9 tumultueux. Le Cri de Edvard Munch, \u00e0 \u00e9t\u00e9 vol\u00e9 \u00e0 Oslo en 1994 et 2004.<\/p>\n<p>\u00a9 Universal History Archive\/Universal Images Group via Getty Images<\/p>\n<p>Le vol de la r\u00e9cidive : Le Cri<\/p>\n<p>Le tableau du ma\u00eetre norv\u00e9gien Edvard Munch a \u00e9t\u00e9 d\u00e9rob\u00e9 \u00e0 deux reprises. C\u2019est pendant la c\u00e9r\u00e9monie d\u2019ouverture des <a href=\"https:\/\/www.admagazine.fr\/article\/leon-marchand-piscine-olympique-paris-2024\" rel=\"nofollow noopener\" target=\"_blank\">Jeux Olympiques<\/a> d\u2019hiver de 1994 que des voleurs brise une fen\u00eatre du la Galerie Nationale d\u2019Oslo et s&#8217;emparent du tableau culte. Revendiqu\u00e9 par un groupe qui demande une ran\u00e7on de 1 million de dollars, l&rsquo;\u0153uvre est retrouv\u00e9e intacte quelques mois plus tard dans une petite ville pr\u00e8s d\u2019Oslo. Dix ans plus tard, en 2004, Le Cri est \u00e0 nouveau la cible d\u2019un vol, cette fois en plein jour au mus\u00e9e Munch d\u2019Oslo. Deux hommes arm\u00e9s et masqu\u00e9s saisissent en quelques minutes les tableaux Le Cri et La Madone sous les yeux horrifi\u00e9s des visiteurs. Quelque peu endommag\u00e9, les \u0153uvres sont restitu\u00e9es dans le lieu d\u2019exposition d\u2019origine pr\u00e8s de deux ans apr\u00e8s le vol.<\/p>\n","protected":false},"excerpt":{"rendered":"Voici les 5 vols d\u2019\u0153uvres d\u2019art les plus incroyables de l&rsquo;histoire \u00c9nigmatiques et troublants, les vols d&rsquo;\u0153uvres d\u2019art&hellip;\n","protected":false},"author":2,"featured_media":299506,"comment_status":"","ping_status":"","sticky":false,"template":"","format":"standard","meta":{"footnotes":""},"categories":[1358],"tags":[3734,1348,1384,1385,1386,58,59,1011,27,7107],"class_list":{"0":"post-299505","1":"post","2":"type-post","3":"status-publish","4":"format-standard","5":"has-post-thumbnail","7":"category-arts-et-design","8":"tag-art","9":"tag-arts","10":"tag-arts-and-design","11":"tag-arts-et-design","12":"tag-design","13":"tag-divertissement","14":"tag-entertainment","15":"tag-fr","16":"tag-france","17":"tag-musees"},"share_on_mastodon":{"url":"https:\/\/pubeurope.com\/@fr\/114979771708125070","error":""},"_links":{"self":[{"href":"https:\/\/www.europesays.com\/fr\/wp-json\/wp\/v2\/posts\/299505","targetHints":{"allow":["GET"]}}],"collection":[{"href":"https:\/\/www.europesays.com\/fr\/wp-json\/wp\/v2\/posts"}],"about":[{"href":"https:\/\/www.europesays.com\/fr\/wp-json\/wp\/v2\/types\/post"}],"author":[{"embeddable":true,"href":"https:\/\/www.europesays.com\/fr\/wp-json\/wp\/v2\/users\/2"}],"replies":[{"embeddable":true,"href":"https:\/\/www.europesays.com\/fr\/wp-json\/wp\/v2\/comments?post=299505"}],"version-history":[{"count":0,"href":"https:\/\/www.europesays.com\/fr\/wp-json\/wp\/v2\/posts\/299505\/revisions"}],"wp:featuredmedia":[{"embeddable":true,"href":"https:\/\/www.europesays.com\/fr\/wp-json\/wp\/v2\/media\/299506"}],"wp:attachment":[{"href":"https:\/\/www.europesays.com\/fr\/wp-json\/wp\/v2\/media?parent=299505"}],"wp:term":[{"taxonomy":"category","embeddable":true,"href":"https:\/\/www.europesays.com\/fr\/wp-json\/wp\/v2\/categories?post=299505"},{"taxonomy":"post_tag","embeddable":true,"href":"https:\/\/www.europesays.com\/fr\/wp-json\/wp\/v2\/tags?post=299505"}],"curies":[{"name":"wp","href":"https:\/\/api.w.org\/{rel}","templated":true}]}}