{"id":299507,"date":"2025-08-06T03:47:13","date_gmt":"2025-08-06T03:47:13","guid":{"rendered":"https:\/\/www.europesays.com\/fr\/299507\/"},"modified":"2025-08-06T03:47:13","modified_gmt":"2025-08-06T03:47:13","slug":"saint-orens-de-gameville-grande-braderie-du-livre-au-profit-des-mediatheques","status":"publish","type":"post","link":"https:\/\/www.europesays.com\/fr\/299507\/","title":{"rendered":"Saint-Orens-de-Gameville. Grande braderie du livre au profit des m\u00e9diath\u00e8ques"},"content":{"rendered":"<p>\u00c0 la fin du mois est organis\u00e9e une grande la braderie du livre, pour faire le plein de lectures \u00e0 tout petit prix. Romans, documentaires, albums jeunesse, bandes dessin\u00e9es, magazines et bien d\u2019autres, une large s\u00e9lection de documents issus des m\u00e9diath\u00e8ques seront disponibles. Les collections des m\u00e9diath\u00e8ques sont r\u00e9guli\u00e8rement renouvel\u00e9es. Ainsi, les documents ab\u00eem\u00e9s, d\u00e9fra\u00eechis, en double, obsol\u00e8tes ou remplac\u00e9s par des \u00e9ditions plus r\u00e9centes sont retir\u00e9s des rayons. Cette op\u00e9ration permet d\u2019actualiser les fonds et de faire de la place pour les nouveaut\u00e9s litt\u00e9raires et documentaires. En amont de la braderie, plusieurs associations, partenaires et services de la ville de Saint-Orens ont pu b\u00e9n\u00e9ficier de dons parmi ces documents. L\u2019ensemble des b\u00e9n\u00e9fices de la vente sera revers\u00e9 \u00e0 l\u2019association Sone, Saint-Orens Nature Environnement, Grande braderie. L\u2019occasion ainsi d\u2019aider les m\u00e9diath\u00e8ques \u00e0 se renouveler \u00e0 bon prix.<\/p>\n<p>Samedi 30 ao\u00fbt, de 14 \u00e0 18 h Hall d\u2019Altigone. Entr\u00e9e libre<\/p>\n","protected":false},"excerpt":{"rendered":"\u00c0 la fin du mois est organis\u00e9e une grande la braderie du livre, pour faire le plein de&hellip;\n","protected":false},"author":2,"featured_media":299508,"comment_status":"","ping_status":"","sticky":false,"template":"","format":"standard","meta":{"footnotes":""},"categories":[1357],"tags":[1379,58,59,1011,27,1380],"class_list":{"0":"post-299507","1":"post","2":"type-post","3":"status-publish","4":"format-standard","5":"has-post-thumbnail","7":"category-livres","8":"tag-books","9":"tag-divertissement","10":"tag-entertainment","11":"tag-fr","12":"tag-france","13":"tag-livres"},"share_on_mastodon":{"url":"https:\/\/pubeurope.com\/@fr\/114979775675278520","error":""},"_links":{"self":[{"href":"https:\/\/www.europesays.com\/fr\/wp-json\/wp\/v2\/posts\/299507","targetHints":{"allow":["GET"]}}],"collection":[{"href":"https:\/\/www.europesays.com\/fr\/wp-json\/wp\/v2\/posts"}],"about":[{"href":"https:\/\/www.europesays.com\/fr\/wp-json\/wp\/v2\/types\/post"}],"author":[{"embeddable":true,"href":"https:\/\/www.europesays.com\/fr\/wp-json\/wp\/v2\/users\/2"}],"replies":[{"embeddable":true,"href":"https:\/\/www.europesays.com\/fr\/wp-json\/wp\/v2\/comments?post=299507"}],"version-history":[{"count":0,"href":"https:\/\/www.europesays.com\/fr\/wp-json\/wp\/v2\/posts\/299507\/revisions"}],"wp:featuredmedia":[{"embeddable":true,"href":"https:\/\/www.europesays.com\/fr\/wp-json\/wp\/v2\/media\/299508"}],"wp:attachment":[{"href":"https:\/\/www.europesays.com\/fr\/wp-json\/wp\/v2\/media?parent=299507"}],"wp:term":[{"taxonomy":"category","embeddable":true,"href":"https:\/\/www.europesays.com\/fr\/wp-json\/wp\/v2\/categories?post=299507"},{"taxonomy":"post_tag","embeddable":true,"href":"https:\/\/www.europesays.com\/fr\/wp-json\/wp\/v2\/tags?post=299507"}],"curies":[{"name":"wp","href":"https:\/\/api.w.org\/{rel}","templated":true}]}}