{"id":299509,"date":"2025-08-06T03:48:22","date_gmt":"2025-08-06T03:48:22","guid":{"rendered":"https:\/\/www.europesays.com\/fr\/299509\/"},"modified":"2025-08-06T03:48:22","modified_gmt":"2025-08-06T03:48:22","slug":"lepisode-5-marque-une-grande-premiere-pour-la-serie","status":"publish","type":"post","link":"https:\/\/www.europesays.com\/fr\/299509\/","title":{"rendered":"L&rsquo;\u00e9pisode 5 marque une grande premi\u00e8re pour la s\u00e9rie"},"content":{"rendered":"<p>Depuis le 16 juillet, la saison 3 de L&rsquo;\u00e9t\u00e9 o\u00f9 je suis devenue jolie est disponible sur Prime Video. Ce mercredi 6 ao\u00fbt, l&rsquo;\u00e9pisode 5 sera d\u00e9voil\u00e9 et il r\u00e9serve une grande surprise aux fans. D\u00e9couvrez pourquoi le nouvel \u00e9pisode de la s\u00e9rie est diff\u00e9rent des autres&#8230;<\/p>\n<p>Les Conrad girlies, c&rsquo;est votre moment. Ce mercredi 6 ao\u00fbt, Prime Video d\u00e9voilera l&rsquo;\u00e9pisode 5 de <a href=\"https:\/\/www.programme-tv.net\/news\/series-tv\/333941-lete-ou-je-suis-devenue-jolie-saison-3-casting-intrigues-les-premieres-infos-sur-la-suite-de-la-serie-prime-video\/\" data-api-deeplink=\"teleloisirs:\/\/news\/333941\" rel=\"nofollow noopener\" target=\"_blank\">la saison 3 de L&rsquo;\u00e9t\u00e9 o\u00f9 je suis devenue jolie<\/a>. Un \u00e9pisode tr\u00e8s sp\u00e9cial et tr\u00e8s attendu par les fans. Dans l&rsquo;\u00e9pisode pr\u00e9c\u00e9dent, Belly (Lola Tung) a fait face \u00e0 la r\u00e9action n\u00e9gative de ses proches concernant ses fian\u00e7ailles avec Jeremiah (Gavin Casalegno). Lors d&rsquo;une escapade \u00e0 Cousins, le couple est tomb\u00e9 nez \u00e0 nez avec Conrad (Christopher Briney) qui avait d\u00e9cid\u00e9 de quitter la maison de famille avant de changer d&rsquo;avis pour soutenir son fr\u00e8re en tant que t\u00e9moin de mariage. \u00c0 la toute fin de l&rsquo;\u00e9pisode, un important indice a \u00e9t\u00e9 gliss\u00e9 sur le prochain&#8230; Avez-vous remarqu\u00e9 qu&rsquo;<b>on entend pour la premi\u00e8re fois le monologue int\u00e9rieur de Conrad <\/b>? Lorsque Belly le serre dans ses bras pour le remercier, le personnage se demande : \u00ab\u00a0Qu&rsquo;est-ce que j&rsquo;ai fait ?\u00a0\u00bb <b>Attention, la suite de cet article contient des spoilers.<\/b><\/p>\n<p>                        L&rsquo;\u00e9t\u00e9 o\u00f9 je suis devenue jolie : d\u00e9couvrez la surprise que r\u00e9serve l&rsquo;\u00e9pisode 5 de la saison 3<\/p>\n<p>D&rsquo;apr\u00e8s cet indice, il semblerait que nous allons enfin avoir le point de vue de Conrad dans l&rsquo;\u00e9pisode 5 de la saison 3 de L&rsquo;\u00e9t\u00e9 o\u00f9 je suis devenue jolie. Il s&rsquo;agit d&rsquo;ailleurs de l&rsquo;\u00e9pisode pr\u00e9f\u00e9r\u00e9 de la plupart des acteurs du casting et il a \u00e9t\u00e9 r\u00e9alis\u00e9 par Jenny Han elle-m\u00eame. Un point de vue qui semble correspondre au chapitre 35 du tome 3 des livres. Selon cette logique, Conrad devrait tout faire pour r\u00e9concilier Belly et sa m\u00e8re Laurel bien qu\u2019il ne cautionne pas le mariage de son fr\u00e8re. Jusqu&rsquo;ici, \u00e0 part Belly, seul le personnage de Jeremiah avait eu sa propre narration dans l&rsquo;\u00e9pisode 5 de la saison 2.<\/p>\n<p>L&rsquo;\u00e9t\u00e9 o\u00f9 je suis devenue jolie : quand sera diffus\u00e9 l&rsquo;\u00e9pisode final de la s\u00e9rie ?<\/p>\n<p>Pour d\u00e9couvrir<a href=\"https:\/\/www.programme-tv.net\/news\/series-tv\/382267-l-ete-ou-je-suis-devenue-jolie-conrad-ou-jeremiah-je-pense-deja-avoir-decouvert-la-fin-et-voici-pourquoi\/\" data-api-deeplink=\"teleloisirs:\/\/news\/382267\" rel=\"nofollow noopener\" target=\"_blank\"> le choix final de Belly entre Jeremiah et Conrad<\/a> dans la s\u00e9rie, <a href=\"https:\/\/www.programme-tv.net\/news\/series-tv\/382173-l-ete-ou-je-suis-devenue-jolie-combien-d-episodes-compte-la-saison-3\/\" data-api-deeplink=\"teleloisirs:\/\/news\/382173\" rel=\"nofollow noopener\" target=\"_blank\">il faudra malheureusement patienter<\/a>. L&rsquo;ultime \u00e9pisode de L&rsquo;\u00e9t\u00e9 o\u00f9 je suis devenue jolie sera diffus\u00e9 le 17 septembre sur Prime Video. Il s&rsquo;agira de l&rsquo;\u00e9pisode 11 de la saison 3. D&rsquo;ici-l\u00e0, un \u00e9pisode sera d\u00e9voil\u00e9 sur la plateforme tous les mercredis.<\/p>\n","protected":false},"excerpt":{"rendered":"Depuis le 16 juillet, la saison 3 de L&rsquo;\u00e9t\u00e9 o\u00f9 je suis devenue jolie est disponible sur Prime&hellip;\n","protected":false},"author":2,"featured_media":299510,"comment_status":"","ping_status":"","sticky":false,"template":"","format":"standard","meta":{"footnotes":""},"categories":[1356],"tags":[4225,40401,244,58,59,1011,27,4224,11219,129,252,1364],"class_list":{"0":"post-299509","1":"post","2":"type-post","3":"status-publish","4":"format-standard","5":"has-post-thumbnail","7":"category-television","8":"tag-amazon-prime-vidu00e9o","9":"tag-christopher-briney","10":"tag-commentaire","11":"tag-divertissement","12":"tag-entertainment","13":"tag-fr","14":"tag-france","15":"tag-pub-streaming-prime-video","16":"tag-su00e9rie-amazon","17":"tag-svod","18":"tag-television","19":"tag-tv"},"share_on_mastodon":{"url":"https:\/\/pubeurope.com\/@fr\/114979779714974690","error":""},"_links":{"self":[{"href":"https:\/\/www.europesays.com\/fr\/wp-json\/wp\/v2\/posts\/299509","targetHints":{"allow":["GET"]}}],"collection":[{"href":"https:\/\/www.europesays.com\/fr\/wp-json\/wp\/v2\/posts"}],"about":[{"href":"https:\/\/www.europesays.com\/fr\/wp-json\/wp\/v2\/types\/post"}],"author":[{"embeddable":true,"href":"https:\/\/www.europesays.com\/fr\/wp-json\/wp\/v2\/users\/2"}],"replies":[{"embeddable":true,"href":"https:\/\/www.europesays.com\/fr\/wp-json\/wp\/v2\/comments?post=299509"}],"version-history":[{"count":0,"href":"https:\/\/www.europesays.com\/fr\/wp-json\/wp\/v2\/posts\/299509\/revisions"}],"wp:featuredmedia":[{"embeddable":true,"href":"https:\/\/www.europesays.com\/fr\/wp-json\/wp\/v2\/media\/299510"}],"wp:attachment":[{"href":"https:\/\/www.europesays.com\/fr\/wp-json\/wp\/v2\/media?parent=299509"}],"wp:term":[{"taxonomy":"category","embeddable":true,"href":"https:\/\/www.europesays.com\/fr\/wp-json\/wp\/v2\/categories?post=299509"},{"taxonomy":"post_tag","embeddable":true,"href":"https:\/\/www.europesays.com\/fr\/wp-json\/wp\/v2\/tags?post=299509"}],"curies":[{"name":"wp","href":"https:\/\/api.w.org\/{rel}","templated":true}]}}