{"id":299521,"date":"2025-08-06T03:54:12","date_gmt":"2025-08-06T03:54:12","guid":{"rendered":"https:\/\/www.europesays.com\/fr\/299521\/"},"modified":"2025-08-06T03:54:12","modified_gmt":"2025-08-06T03:54:12","slug":"ne-manquez-surtout-pas-les-perseides-2025","status":"publish","type":"post","link":"https:\/\/www.europesays.com\/fr\/299521\/","title":{"rendered":"ne manquez surtout pas les Pers\u00e9ides 2025"},"content":{"rendered":"<p><strong>Les Pers\u00e9ides, l\u2019un des ph\u00e9nom\u00e8nes astronomiques les plus attendus de l\u2019ann\u00e9e, sont de retour dans le ciel estival. Avec un pic d\u2019activit\u00e9 culminant jusqu\u2019\u00e0 100 \u00e9toiles filantes par heure, ce spectacle naturel fascinant s\u2019annonce comme un incontournable en ao\u00fbt 2025. D\u00e9couvrez pourquoi cet \u00e9v\u00e9nement m\u00e9rite toute votre attention et comment profiter pleinement de cet incroyable ballet c\u00e9leste.<\/strong><\/p>\n<p><img fetchpriority=\"high\" decoding=\"async\" width=\"1024\" height=\"538\" src=\"https:\/\/www.europesays.com\/fr\/wp-content\/uploads\/2025\/08\/Normal-2025-08-05T094049.898-1024x538.jpg\" alt=\"\" class=\"wp-image-486649\"  \/>Photo : Shutterstock<\/p>\n<p><strong>Une pluie d\u2019\u00e9toiles au sommet de son \u00e9clat<\/strong><\/p>\n<p>L\u2019essaim des Pers\u00e9ides traverse chaque ann\u00e9e le ciel de mi-juillet \u00e0 d\u00e9but septembre. En 2025, le pic d\u2019activit\u00e9 est attendu dans la nuit du <strong>12 au 13 ao\u00fbt<\/strong>, moment id\u00e9al pour observer jusqu\u2019\u00e0 une centaine de m\u00e9t\u00e9ores par heure. Synonyme de spectacle lumineux et f\u00e9erique, cette pluie d\u2019\u00e9toiles filantes brille par son abondance et sa clart\u00e9, rendant son observation accessible \u00e0 tous, m\u00eame aux n\u00e9ophytes en astronomie.<\/p>\n<p><strong>Origine des Pers\u00e9ides : la com\u00e8te 109P\/Swift-Tuttle\u00a0<\/strong><\/p>\n<p>Les Pers\u00e9ides tirent leur origine de la <strong>com\u00e8te 109P\/Swift-Tuttle<\/strong>, un objet c\u00e9leste monumental dont le noyau atteint 26 kilom\u00e8tres de diam\u00e8tre. D\u00e9couverte en 1862 par les astronomes Swift et Tuttle, cette com\u00e8te suit une orbite autour du Soleil d\u2019une dur\u00e9e de 133 ans. Lors de son passage \u00e0 proximit\u00e9 du Soleil, elle laisse derri\u00e8re elle une tra\u00een\u00e9e de poussi\u00e8res. Lorsque la Terre traverse cette tra\u00een\u00e9e, les particules entrent en contact avec l\u2019atmosph\u00e8re \u00e0 une vitesse vertigineuse de <strong>200 000 km\/h<\/strong>, se d\u00e9sint\u00e8grent et produisent les sublimes tra\u00een\u00e9es lumineuses que nous appelons \u00e9toiles filantes.<\/p>\n<p>La derni\u00e8re visite de la com\u00e8te en 1992 continue d\u2019illuminer nos cieux chaque ann\u00e9e, un h\u00e9ritage c\u00e9leste dont l\u2019abondance et la r\u00e9gularit\u00e9 en font un ph\u00e9nom\u00e8ne rare et spectaculaire.<\/p>\n<p>Observer les Pers\u00e9ides est d\u2019une simplicit\u00e9 r\u00e9jouissante. Pas besoin d\u2019un t\u00e9lescope ou d\u2019un \u00e9quipement sp\u00e9cifique : vos yeux suffisent. Voici les conseils pour maximiser votre exp\u00e9rience :<\/p>\n<p><strong>Lieu et conditions id\u00e9ales<\/strong><\/p>\n<ul>\n<li>Choisissez un lieu loin des lumi\u00e8res artificielles, comme une campagne ou une montagne, pour limiter la pollution lumineuse.<\/li>\n<li>Privil\u00e9giez un ciel d\u00e9gag\u00e9 et surveillez la m\u00e9t\u00e9o pour \u00e9viter les nuages.<\/li>\n<li>Donnez \u00e0 vos yeux 15 \u00e0 20 minutes pour s\u2019adapter \u00e0 l\u2019obscurit\u00e9 et profiter pleinement du spectacle.<\/li>\n<\/ul>\n<p><strong>Trouver le radiant<\/strong><\/p>\n<p>Les \u00e9toiles filantes des Pers\u00e9ides semblent provenir d\u2019un point pr\u00e9cis du ciel, appel\u00e9 radiant, situ\u00e9 dans la <strong>constellation de Pers\u00e9e<\/strong>. Pour localiser ce radiant, rep\u00e9rez la constellation de Cassiop\u00e9e, identifiable par sa forme distinctive en \u00ab\u00a0W\u00a0\u00bb. Le radiant se trouve l\u00e9g\u00e8rement au-dessous de Cassiop\u00e9e et gagne en hauteur tout au long de la nuit.<\/p>\n<p><strong>Horaires cl\u00e9s<\/strong><\/p>\n<p>Au d\u00e9but de la nuit, le radiant est \u00e0 environ <strong>20\u00b0 au-dessus de l\u2019horizon<\/strong>, une \u00e9l\u00e9vation qui s\u2019accro\u00eet progressivement pour atteindre <strong>70\u00b0 en fin de nuit<\/strong>, offrant des conditions id\u00e9ales aux observateurs nocturnes.<\/p>\n<p><strong>Une c\u00e9l\u00e9bration pour les amateurs et les curieux<\/strong><\/p>\n<p>Que l\u2019on soit passionn\u00e9 d\u2019astronomie ou simple curieux, les Pers\u00e9ides offrent une exp\u00e9rience collective et po\u00e9tique. Que vous soyez en famille, entre amis, ou lors d\u2019un \u00e9v\u00e9nement organis\u00e9, cette pluie d\u2019\u00e9toiles rapproche et \u00e9merveille.<\/p>\n<p><strong>Pourquoi cet \u00e9v\u00e9nement est-il si exceptionnel ?<\/strong><\/p>\n<p>Au-del\u00e0 de son aspect spectaculaire, les Pers\u00e9ides nous rappellent chaque ann\u00e9e notre connexion avec l\u2019univers. Elles permettent \u00e0 tout un chacun, sans mat\u00e9riel particulier, de contempler un ph\u00e9nom\u00e8ne astronomique d\u2019une grande richesse \u00e9ducative. Les enfants, en particulier, en gardent souvent des souvenirs imp\u00e9rissables, \u00e9veillant une curiosit\u00e9 scientifique qui peut perdurer.<\/p>\n<p>De plus, l\u2019ampleur de l\u2019\u00e9v\u00e9nement en fait un moment \u00e0 ne pas manquer : rares sont les pluies d\u2019\u00e9toiles filantes offrant une telle densit\u00e9 et une luminosit\u00e9 suffisante pour \u00eatre facilement admir\u00e9es \u00e0 l\u2019\u0153il nu.<\/p>\n<p><strong>Quelques anecdotes impressionnantes sur les Pers\u00e9ides<\/strong><\/p>\n<ul>\n<li>Surnomm\u00e9es les <strong>\u00ab Larmes de la Saint-Laurent \u00bb<\/strong>, elles doivent leur nom \u00e0 la f\u00eate chr\u00e9tienne du 10 ao\u00fbt, date souvent proche de leur pic d\u2019activit\u00e9.<\/li>\n<li>Les particules responsables du spectacle lumineux sont souvent de la taille d\u2019un grain de sable, mais leur grande vitesse leur conf\u00e8re un \u00e9clat intense.<\/li>\n<li>En moyenne, entre <strong>50 et 100 \u00e9toiles filantes<\/strong> peuvent \u00eatre observ\u00e9es chaque heure lors du pic, un taux qui surpasse la majorit\u00e9 des essaims.<\/li>\n<\/ul>\n<p><strong>\u00c0 vos agendas !<\/strong><\/p>\n<p>Laissez-vous emporter par la magie des Pers\u00e9ides en ao\u00fbt 2025. Qu\u2019il s\u2019agisse d\u2019admirer un ciel parsem\u00e9 de m\u00e9t\u00e9ores ou d\u2019en apprendre davantage sur notre univers, cet \u00e9v\u00e9nement est une invitation \u00e0 lever les yeux et \u00e0 s\u2019\u00e9merveiller. N\u2019oubliez pas de faire un v\u0153u sous ces \u00e9toiles filantes\u202f!<\/p>\n","protected":false},"excerpt":{"rendered":"Les Pers\u00e9ides, l\u2019un des ph\u00e9nom\u00e8nes astronomiques les plus attendus de l\u2019ann\u00e9e, sont de retour dans le ciel estival.&hellip;\n","protected":false},"author":2,"featured_media":299522,"comment_status":"","ping_status":"","sticky":false,"template":"","format":"standard","meta":{"footnotes":""},"categories":[7],"tags":[1011,27,43,40,41,39,42,44],"class_list":{"0":"post-299521","1":"post","2":"type-post","3":"status-publish","4":"format-standard","5":"has-post-thumbnail","7":"category-sciences-et-technologies","8":"tag-fr","9":"tag-france","10":"tag-science","11":"tag-science-and-technology","12":"tag-sciences","13":"tag-sciences-et-technologies","14":"tag-technologies","15":"tag-technology"},"share_on_mastodon":{"url":"https:\/\/pubeurope.com\/@fr\/114979803280881516","error":""},"_links":{"self":[{"href":"https:\/\/www.europesays.com\/fr\/wp-json\/wp\/v2\/posts\/299521","targetHints":{"allow":["GET"]}}],"collection":[{"href":"https:\/\/www.europesays.com\/fr\/wp-json\/wp\/v2\/posts"}],"about":[{"href":"https:\/\/www.europesays.com\/fr\/wp-json\/wp\/v2\/types\/post"}],"author":[{"embeddable":true,"href":"https:\/\/www.europesays.com\/fr\/wp-json\/wp\/v2\/users\/2"}],"replies":[{"embeddable":true,"href":"https:\/\/www.europesays.com\/fr\/wp-json\/wp\/v2\/comments?post=299521"}],"version-history":[{"count":0,"href":"https:\/\/www.europesays.com\/fr\/wp-json\/wp\/v2\/posts\/299521\/revisions"}],"wp:featuredmedia":[{"embeddable":true,"href":"https:\/\/www.europesays.com\/fr\/wp-json\/wp\/v2\/media\/299522"}],"wp:attachment":[{"href":"https:\/\/www.europesays.com\/fr\/wp-json\/wp\/v2\/media?parent=299521"}],"wp:term":[{"taxonomy":"category","embeddable":true,"href":"https:\/\/www.europesays.com\/fr\/wp-json\/wp\/v2\/categories?post=299521"},{"taxonomy":"post_tag","embeddable":true,"href":"https:\/\/www.europesays.com\/fr\/wp-json\/wp\/v2\/tags?post=299521"}],"curies":[{"name":"wp","href":"https:\/\/api.w.org\/{rel}","templated":true}]}}