{"id":299582,"date":"2025-08-06T04:40:13","date_gmt":"2025-08-06T04:40:13","guid":{"rendered":"https:\/\/www.europesays.com\/fr\/299582\/"},"modified":"2025-08-06T04:40:13","modified_gmt":"2025-08-06T04:40:13","slug":"la-presidente-suisse-depechee-aux-usa-pour-eviter-des-droits-de-douane-de-39-international","status":"publish","type":"post","link":"https:\/\/www.europesays.com\/fr\/299582\/","title":{"rendered":"La pr\u00e9sidente suisse d\u00e9p\u00each\u00e9e aux USA pour \u00e9viter des droits de douane de 39% &#8211; INTERNATIONAL"},"content":{"rendered":"<p class=\"post_meta\">5 ao\u00fbt 2025Reuters<\/p>\n<p>ZURICH (Reuters) \u2013     La pr\u00e9sidente suisse Karin Keller-Sutter et le ministre de l\u2019\u00c9conomie Guy Parmelin se rendront mardi \u00e0 Washington pour tenter d\u2019\u00e9viter l\u2019application de droits de douane de 39% sur les exportations vers les \u00c9tats-Unis, a annonc\u00e9 le gouvernement.<\/p>\n<p>\u00ab\u00a0L\u2019objectif est de pr\u00e9senter aux \u00c9tats-Unis une offre plus attrayante, qui permette de diminuer le montant des droits de douane additionnels appliqu\u00e9s aux exportations suisses, tout en tenant compte des pr\u00e9occupations des \u00c9tats-Unis\u00a0\u00bb, a indiqu\u00e9 le Conseil f\u00e9d\u00e9ral dans un communiqu\u00e9.<\/p>\n<p>Le gouvernement suisse a d\u00e9clar\u00e9 lundi qu\u2019il \u00e9tait pr\u00eat \u00e0 formuler une meilleure offre aux \u00c9tats-Unis afin d\u2019\u00e9viter l\u2019entr\u00e9e en vigueur, pr\u00e9vue jeudi, de ces droits de douane, qui pourraient nuire \u00e0 l\u2019\u00e9conomie du pays.<\/p>\n<p>R\u00e9uni en urgence, le Conseil f\u00e9d\u00e9ral a pr\u00e9cis\u00e9 qu\u2019il \u00e9tait dispos\u00e9 \u00e0 poursuivre les n\u00e9gociations au-del\u00e0 de la date butoir fix\u00e9e par le pr\u00e9sident am\u00e9ricain Donald Trump pour l\u2019application des nouvelles taxes \u00e0 l\u2019importation.<\/p>\n<p>Aucun d\u00e9tail n\u2019a \u00e9t\u00e9 fourni sur les \u00e9ventuelles contreparties propos\u00e9es pour obtenir un meilleur accord, mais le gouvernement a pr\u00e9cis\u00e9 qu\u2019il n\u2019envisageait pas de mesures de r\u00e9torsion contre Washington.<\/p>\n<p>Les industriels suisses ont pr\u00e9venu vendredi que des dizaines de milliers d\u2019emplois \u00e9taient menac\u00e9s apr\u00e8s que le pr\u00e9sident am\u00e9ricain Donald Trump a impos\u00e9 \u00e0 la Suisse l\u2019un des taux de droits de douane les plus \u00e9lev\u00e9s instaur\u00e9s par sa pr\u00e9sidence.<\/p>\n<p>Ce taux, en hausse par rapport \u00e0 une proposition initiale de 31% elle-m\u00eame jug\u00e9e \u00ab\u00a0incompr\u00e9hensible\u00a0\u00bb par les autorit\u00e9s suisses, constitue un coup dur pour la petite nation alpine, dont les montres, bijoux et chocolats trouvent leur principal d\u00e9bouch\u00e9 aux \u00c9tats-Unis.<\/p>\n<p>La Maison blanche a expliqu\u00e9 sa d\u00e9cision vendredi par le refus de la Suisse de faire des \u00ab\u00a0concessions significatives\u00a0\u00bb en supprimant les barri\u00e8res commerciales avec Washington.<\/p>\n<p> (version fran\u00e7aise Nicolas Delame)<\/p>\n<p><a href=\"https:\/\/chretiens.com\/quoi-de-neuf\/la-presidente-suisse-depechee\/2025\/08\/05\/13\/04\/attachment\/la-presidente-suisse-karin-keller-sutter\/\" rel=\"nofollow noopener\" target=\"_blank\"><img decoding=\"async\" src=\"https:\/\/www.europesays.com\/fr\/wp-content\/uploads\/2025\/08\/tagreuters.com2025binary_LYNXMPEL740L3-FILEDIMAGE-scaled.jpg\" alt=\"tagreuters.com2025binary_LYNXMPEL740L3-FILEDIMAGE\"\/><\/a><\/p>\n<p style=\"display: inline;\">\nLes m\u00e9dias ont pris une telle importance dans la soci\u00e9t\u00e9 qu&rsquo;ils sont, pour beaucoup de gens, le moyen principal d&rsquo;information et de formation ; ils guident et inspirent les comportements individuels, familiaux et sociaux. <\/p>\n<p style=\"display: inline;\">\nDepuis la cr\u00e9ation de notre plateforme, nous r\u00e9alisons \u00e0 quel point le bon usage des m\u00e9dias demande aux professionnels de l&rsquo;audiovisuel chr\u00e9tien et aux usagers de la communication un s\u00e9rieux engagement au niveau de la connaissance, de la comp\u00e9tence et de l&rsquo;usage qualifi\u00e9 et actualis\u00e9.<\/p>\n<p style=\"display: inline;\">\n&#8211; les familles chr\u00e9tiennes si expos\u00e9es \u00e0 l&rsquo;influence des moyens de communication ;<\/p>\n<p style=\"display: inline;\">\n&#8211; les jeunes g\u00e9n\u00e9rations qui sont les usagers et les cr\u00e9ateurs de la communication de masse.<\/p>\n","protected":false},"excerpt":{"rendered":"5 ao\u00fbt 2025Reuters ZURICH (Reuters) \u2013 La pr\u00e9sidente suisse Karin Keller-Sutter et le ministre de l\u2019\u00c9conomie Guy Parmelin&hellip;\n","protected":false},"author":2,"featured_media":299583,"comment_status":"","ping_status":"","sticky":false,"template":"","format":"standard","meta":{"footnotes":""},"categories":[1589],"tags":[11,73,1866,12,1864,1865,1863,308],"class_list":{"0":"post-299582","1":"post","2":"type-post","3":"status-publish","4":"format-standard","5":"has-post-thumbnail","7":"category-etats-unis","8":"tag-actualites","9":"tag-etats-unis","10":"tag-etats-unis-damerique","11":"tag-news","12":"tag-united-states","13":"tag-united-states-of-america","14":"tag-us","15":"tag-usa"},"share_on_mastodon":{"url":"https:\/\/pubeurope.com\/@fr\/114979984165578145","error":""},"_links":{"self":[{"href":"https:\/\/www.europesays.com\/fr\/wp-json\/wp\/v2\/posts\/299582","targetHints":{"allow":["GET"]}}],"collection":[{"href":"https:\/\/www.europesays.com\/fr\/wp-json\/wp\/v2\/posts"}],"about":[{"href":"https:\/\/www.europesays.com\/fr\/wp-json\/wp\/v2\/types\/post"}],"author":[{"embeddable":true,"href":"https:\/\/www.europesays.com\/fr\/wp-json\/wp\/v2\/users\/2"}],"replies":[{"embeddable":true,"href":"https:\/\/www.europesays.com\/fr\/wp-json\/wp\/v2\/comments?post=299582"}],"version-history":[{"count":0,"href":"https:\/\/www.europesays.com\/fr\/wp-json\/wp\/v2\/posts\/299582\/revisions"}],"wp:featuredmedia":[{"embeddable":true,"href":"https:\/\/www.europesays.com\/fr\/wp-json\/wp\/v2\/media\/299583"}],"wp:attachment":[{"href":"https:\/\/www.europesays.com\/fr\/wp-json\/wp\/v2\/media?parent=299582"}],"wp:term":[{"taxonomy":"category","embeddable":true,"href":"https:\/\/www.europesays.com\/fr\/wp-json\/wp\/v2\/categories?post=299582"},{"taxonomy":"post_tag","embeddable":true,"href":"https:\/\/www.europesays.com\/fr\/wp-json\/wp\/v2\/tags?post=299582"}],"curies":[{"name":"wp","href":"https:\/\/api.w.org\/{rel}","templated":true}]}}