{"id":299589,"date":"2025-08-06T04:44:12","date_gmt":"2025-08-06T04:44:12","guid":{"rendered":"https:\/\/www.europesays.com\/fr\/299589\/"},"modified":"2025-08-06T04:44:12","modified_gmt":"2025-08-06T04:44:12","slug":"weah-est-arrive-et-il-a-eu-droit-a-un-accueil-grandiose-video","status":"publish","type":"post","link":"https:\/\/www.europesays.com\/fr\/299589\/","title":{"rendered":"Weah est arriv\u00e9 et il a eu droit \u00e0 un accueil grandiose (vid\u00e9o)"},"content":{"rendered":"<p><strong>Le piston am\u00e9ricain Timothy Weah est arriv\u00e9 \u00e0 Marseille ce soir pour passer sa visite m\u00e9dicale puis signer son contrat avec l\u2019OM. Il a eu droit \u00e0 un accueil enflamm\u00e9 \u00e0 l\u2019a\u00e9roport.<\/strong><\/p>\n<p>Au d\u00e9part, c\u2019\u00e9tait un moment uniquement r\u00e9serv\u00e9 aux stars. Alexis Sanchez a \u00e9t\u00e9 le premier, il y a deux ans, \u00e0 avoir droit \u00e0 un accueil tr\u00e8s chaleureux de la part des supporters, d\u00e8s son arriv\u00e9e \u00e0 l\u2019a\u00e9roport. Les images de sa course vers les supporters, au cours de laquelle il avait manqu\u00e9 de se fouler la cheville en marchant sur un objet non identifi\u00e9, avaient enflamm\u00e9 les r\u00e9seaux sociaux. Et donn\u00e9 envie aux supporters marseillais de remettre \u00e7a r\u00e9guli\u00e8rement.<\/p>\n<p>George Weah \u00e9tait \u00e9galement pr\u00e9sent<\/p>\n<p>Et c\u2019est devenu syst\u00e9matique du c\u00f4t\u00e9 de <a href=\"https:\/\/www.butfootballclub.fr\/612563-om-mercato-ordonez-fait-un-pas-de-plus-en-direction-de-marseille\/\" rel=\"noopener nofollow\" target=\"_blank\">l\u2019OM<\/a>. Le c\u00f4t\u00e9 spontan\u00e9 a totalement disparu. Pour preuve, pour Pierre-Emerick Aubameyang, le club avait fait installer une estrade, un fond avec son logo et un micro, pour que le Gabonais puisse communier avec les supporters. <a href=\"https:\/\/www.butfootballclub.fr\/612595-om-mercato-un-nouveau-transfert-acte-demain\/\" rel=\"noopener nofollow\" target=\"_blank\">L\u2019OM<\/a> communique m\u00eame les horaires d\u2019arriv\u00e9e de ses futures recrues sur les r\u00e9seaux sociaux, histoire qu\u2019ils aient le droit \u00e0 un bel accueil. Ce soir, c\u2019\u00e9tait au tour de Timothy Weah.<\/p>\n<p>Attendu vers 22h, le piston am\u00e9ricain a eu un l\u00e9ger retard. Malgr\u00e9 cela et l\u2019horaire tardif, ils \u00e9taient plusieurs dizaines \u00e0 s\u2019\u00eatre donn\u00e9s rendez-vous \u00e0 Marignane pour accueillir le fils de George Weah, qui \u00e9tait d\u2019ailleurs pr\u00e9sent, lui qui a aussi jou\u00e9 \u00e0 Marseille (en 2000-01) et y a organis\u00e9 son jubil\u00e9. Timothy Weah passera sa visite m\u00e9dicale demain et devrait signer son pr\u00eat avec option d\u2019achat en provenance de la Juventus Turin dans la foul\u00e9e.<\/p>\n","protected":false},"excerpt":{"rendered":"Le piston am\u00e9ricain Timothy Weah est arriv\u00e9 \u00e0 Marseille ce soir pour passer sa visite m\u00e9dicale puis signer&hellip;\n","protected":false},"author":2,"featured_media":299590,"comment_status":"","ping_status":"","sticky":false,"template":"","format":"standard","meta":{"footnotes":""},"categories":[1586],"tags":[11,448,1777,674,1779,63,1011,27,66,3388,12,25,10662,1778,364],"class_list":{"0":"post-299589","1":"post","2":"type-post","3":"status-publish","4":"format-standard","5":"has-post-thumbnail","7":"category-europe","8":"tag-actualites","9":"tag-champions-league","10":"tag-eu","11":"tag-europe","12":"tag-european-union","13":"tag-football","14":"tag-fr","15":"tag-france","16":"tag-ligue-1","17":"tag-matchs","18":"tag-news","19":"tag-republique-francaise","20":"tag-transferts","21":"tag-ue","22":"tag-union-europeenne"},"share_on_mastodon":{"url":"https:\/\/pubeurope.com\/@fr\/114979999811377033","error":""},"_links":{"self":[{"href":"https:\/\/www.europesays.com\/fr\/wp-json\/wp\/v2\/posts\/299589","targetHints":{"allow":["GET"]}}],"collection":[{"href":"https:\/\/www.europesays.com\/fr\/wp-json\/wp\/v2\/posts"}],"about":[{"href":"https:\/\/www.europesays.com\/fr\/wp-json\/wp\/v2\/types\/post"}],"author":[{"embeddable":true,"href":"https:\/\/www.europesays.com\/fr\/wp-json\/wp\/v2\/users\/2"}],"replies":[{"embeddable":true,"href":"https:\/\/www.europesays.com\/fr\/wp-json\/wp\/v2\/comments?post=299589"}],"version-history":[{"count":0,"href":"https:\/\/www.europesays.com\/fr\/wp-json\/wp\/v2\/posts\/299589\/revisions"}],"wp:featuredmedia":[{"embeddable":true,"href":"https:\/\/www.europesays.com\/fr\/wp-json\/wp\/v2\/media\/299590"}],"wp:attachment":[{"href":"https:\/\/www.europesays.com\/fr\/wp-json\/wp\/v2\/media?parent=299589"}],"wp:term":[{"taxonomy":"category","embeddable":true,"href":"https:\/\/www.europesays.com\/fr\/wp-json\/wp\/v2\/categories?post=299589"},{"taxonomy":"post_tag","embeddable":true,"href":"https:\/\/www.europesays.com\/fr\/wp-json\/wp\/v2\/tags?post=299589"}],"curies":[{"name":"wp","href":"https:\/\/api.w.org\/{rel}","templated":true}]}}