{"id":299597,"date":"2025-08-06T04:49:12","date_gmt":"2025-08-06T04:49:12","guid":{"rendered":"https:\/\/www.europesays.com\/fr\/299597\/"},"modified":"2025-08-06T04:49:12","modified_gmt":"2025-08-06T04:49:12","slug":"clemence-vieira-et-aline-chamereau-premieres-francaises-en-demi-finales-de-finale-de-leuro-depuis-26-ans-lequipe","status":"publish","type":"post","link":"https:\/\/www.europesays.com\/fr\/299597\/","title":{"rendered":"Cl\u00e9mence Vieira et Aline Chamereau, premi\u00e8res Fran\u00e7aises en demi-finales de finale de l&#039;Euro depuis 26 ans &#8211; L&#039;\u00c9quipe"},"content":{"rendered":"<ol>\n<li><a href=\"https:\/\/news.google.com\/rss\/articles\/CBMi8gFBVV95cUxNSTBoTk5aNmY2bE5HakcyYnUzSnMxcFFZZW4yNjZESGFVWE4yZ3ZEaEtHckhwamFIa2RXN0FDeUEtSjVaVUd6Z3BfRzI0Yld2R2c0dW1IcVFZWVQ5RU1FbUdNaVFESFpFUnBIeWg3NTI1Y2paTFZVLXBfU3VjdE1LRWhJa2ZYc2JPUHliQ2dQWlpTLVkzVGNhblI1dXRJNl9tVXZETU9zczFwMVN5SnpSQ3A2MnJmd3pRUEd4eWd1RE1KLVVIbDZUSjBVR2lpT0t1aTdhNVFzY3RGMU9GMU1nYUZVS1NiUlM4VUx0LVBiNUV5QQ?oc=5\" target=\"_blank\" rel=\"nofollow noopener\">Cl\u00e9mence Vieira et Aline Chamereau, premi\u00e8res Fran\u00e7aises en demi-finales de finale de l&rsquo;Euro depuis 26 ans<\/a>&nbsp;&nbsp;L&rsquo;\u00c9quipe<\/li>\n<li><a href=\"https:\/\/news.google.com\/rss\/articles\/CBMi4AFBVV95cUxPVGZPNzR6TWQ5Um8wUHE4aDdQaVlxTHpzUFZRSWRJY21jX0NleTFGTi1WeHRQUlNFbV8tYjFyMjhZMEVScmh5SDdaYTN1YWx1UmZITVZsMEFteEFGT2NTc3BmQ3g0RVFoazhGdzFnV3pBNF9yVzlZS0YwSFRtTE5lcEpiZnRXVzRrSnJBRGYwOWxXQ0hkSW9KMXNDVVVpSEgtOGpjQ1NfTG8yUGxPcDVCRG9jOUJZR2pzOERrejVrVVFfeFFrVVFtMkNxbGJZNUdxa2ZnU2JFMlgxNHBqX0p5ZQ?oc=5\" target=\"_blank\" rel=\"nofollow noopener\">Quel programme pour Cl\u00e9mence Vieira et Aline Chamereau apr\u00e8s leur m\u00e9daille d&rsquo;argent \u00e0 l&rsquo;Euro ?<\/a>&nbsp;&nbsp;L&rsquo;\u00c9quipe<\/li>\n<li><a href=\"https:\/\/news.google.com\/rss\/articles\/CBMi4gFBVV95cUxPYmlUekVUeUFWZnpCUUhoUnF0X0VuY1Exa2pFd1NuWGpBRk4xMUQta1QzdlRRNldOdUFrV1ZfZUIwUmJfbjVxQm8zbVpJS3ZjWldaZzBDMl9USmJsNVZ5WnByNEVRdFhnU1RLVl9LRzJGYXpCcXNVZ1VMd2gyTEFXczJHeE5GVjdrU2tnYWNILUVhaFJwajFlWG1hUFhURkV4MzdfVGxoejNENm1lVjhvYWVSaV9heVBnWklQVmhvR0JNUndmeHp1Wjk0OTh6X3lrbHZaeUdUdE1seU00TVVwTi1n?oc=5\" target=\"_blank\" rel=\"nofollow noopener\">\u00ab On est tr\u00e8s contentes d\u2019apporter cette m\u00e9daille \u00e0 la France \u00bb : Cl\u00e9mence Vieira, de l&rsquo;argent et des promesses<\/a>&nbsp;&nbsp;Le Dauphin\u00e9 Lib\u00e9r\u00e9<\/li>\n<li><a href=\"https:\/\/news.google.com\/rss\/articles\/CBMiygFBVV95cUxPLV9ZbFdVNTZkV1pNRjNqQTd4dDJicFhKem1aR09OcTdyWUxrRXZlSVBNdjBHcHU4d0hQZDFUM2FodDFGM1d2aExvV3ZWQXR4eG1pRUtDYlRaODVKY3FpMXU3WUk5cUoxRTFsSGphRnJFOVhPRnZkR0lEd18zWkFMeFJpS05zOTBUT21vdUxfcjREaXFCU2RZR3V0eUV3QjVZUG1QSVIwTF90VFRZa2tKaHhXaC1UWlFwS0pxSE1zTHppbEFKa0dMQV9B?oc=5\" target=\"_blank\" rel=\"nofollow noopener\">Beach-volley. La Lyonnaise Aline Chamereau vice-championne d\u2019Europe avec sa partenaire Cl\u00e9mence Vieira<\/a>&nbsp;&nbsp;Le Progr\u00e8s<\/li>\n<li><a href=\"https:\/\/news.google.com\/rss\/articles\/CBMi5gFBVV95cUxQclpVY1dEUFRUbUlfMmdQTndlOHVVamhrcGdBbWtRSkt1S3gxSFdhR2FOZTJSNG9QTktsSUtpQzRvclVKYjVhbm9vVDFUa1BGSmNTNDd4NGJCa25FZlhMMU5hamY4V2NLWUk3Q2JTTmdyaDUwa3dyZWNfbnRMU0lUcE1feDVrVlRkVWpFTVh4anFHMjRTZ3k4dlZpWXBuSS1yWERMNUNKeVZNOGdpblljN2ZKYlRId3pNS0thdnMzb1U2ck1hN3RiRTFQT1hxZTFTWDhnNFA5cmhIMFpUU3ZuNzc5UnVWdw?oc=5\" target=\"_blank\" rel=\"nofollow noopener\">Euro de Beach-Volley : Apr\u00e8s l&rsquo;argent, Chamreau et Vieira veulent \u00ab\u00a0montrer que le sport existe\u00a0\u00bb<\/a>&nbsp;&nbsp;RMC Sport<\/li>\n<\/ol>\n","protected":false},"excerpt":{"rendered":"Cl\u00e9mence Vieira et Aline Chamereau, premi\u00e8res Fran\u00e7aises en demi-finales de finale de l&rsquo;Euro depuis 26 ans&nbsp;&nbsp;L&rsquo;\u00c9quipe Quel programme&hellip;\n","protected":false},"author":2,"featured_media":299598,"comment_status":"","ping_status":"","sticky":false,"template":"","format":"standard","meta":{"footnotes":""},"categories":[1417],"tags":[1011,27,60,1470,1469],"class_list":{"0":"post-299597","1":"post","2":"type-post","3":"status-publish","4":"format-standard","5":"has-post-thumbnail","7":"category-volley","8":"tag-fr","9":"tag-france","10":"tag-sports","11":"tag-volley","12":"tag-volleyball"},"share_on_mastodon":{"url":"https:\/\/pubeurope.com\/@fr\/114980020996240966","error":""},"_links":{"self":[{"href":"https:\/\/www.europesays.com\/fr\/wp-json\/wp\/v2\/posts\/299597","targetHints":{"allow":["GET"]}}],"collection":[{"href":"https:\/\/www.europesays.com\/fr\/wp-json\/wp\/v2\/posts"}],"about":[{"href":"https:\/\/www.europesays.com\/fr\/wp-json\/wp\/v2\/types\/post"}],"author":[{"embeddable":true,"href":"https:\/\/www.europesays.com\/fr\/wp-json\/wp\/v2\/users\/2"}],"replies":[{"embeddable":true,"href":"https:\/\/www.europesays.com\/fr\/wp-json\/wp\/v2\/comments?post=299597"}],"version-history":[{"count":0,"href":"https:\/\/www.europesays.com\/fr\/wp-json\/wp\/v2\/posts\/299597\/revisions"}],"wp:featuredmedia":[{"embeddable":true,"href":"https:\/\/www.europesays.com\/fr\/wp-json\/wp\/v2\/media\/299598"}],"wp:attachment":[{"href":"https:\/\/www.europesays.com\/fr\/wp-json\/wp\/v2\/media?parent=299597"}],"wp:term":[{"taxonomy":"category","embeddable":true,"href":"https:\/\/www.europesays.com\/fr\/wp-json\/wp\/v2\/categories?post=299597"},{"taxonomy":"post_tag","embeddable":true,"href":"https:\/\/www.europesays.com\/fr\/wp-json\/wp\/v2\/tags?post=299597"}],"curies":[{"name":"wp","href":"https:\/\/api.w.org\/{rel}","templated":true}]}}