{"id":299603,"date":"2025-08-06T04:53:14","date_gmt":"2025-08-06T04:53:14","guid":{"rendered":"https:\/\/www.europesays.com\/fr\/299603\/"},"modified":"2025-08-06T04:53:14","modified_gmt":"2025-08-06T04:53:14","slug":"motogp-quartararo-une-scene-secrete-revelee-par-yamaha-en-video","status":"publish","type":"post","link":"https:\/\/www.europesays.com\/fr\/299603\/","title":{"rendered":"MotoGP Quartararo, une sc\u00e8ne secr\u00e8te r\u00e9v\u00e9l\u00e9e par Yamaha, en vid\u00e9o !"},"content":{"rendered":"<p>En cette p\u00e9riode de pause estivale pour la MotoGP, Yamaha r\u00e9v\u00e8le quelques s\u00e9quences \u201csecr\u00e8tes\u201d, concernant notamment son pilote phare, Fabio Quartararo. Dans la vid\u00e9o \u00e0 suivre, nous pouvons apercevoir le Fran\u00e7ais s\u2019introduire dans le box Yamaha avec une motocross \u00e9lectrique ! Place au m\u00e9dia en question.<\/p>\n<blockquote class=\"twitter-tweet\">\n<p dir=\"ltr\" lang=\"en\">Who raised this guy? \ud83e\udd23 You give El Diablo a Trail e-bike and suddenly no place in the paddock is safe anymore \u26a0\ufe0f\ud83d\ude08<a href=\"https:\/\/twitter.com\/hashtag\/MonsterYamaha?src=hash&amp;ref_src=twsrc%5Etfw\" target=\"_blank\" rel=\"noopener\">#MonsterYamaha<\/a> | <a href=\"https:\/\/twitter.com\/hashtag\/YamahaMotoGP?src=hash&amp;ref_src=twsrc%5Etfw\" target=\"_blank\" rel=\"noopener\">#YamahaMotoGP<\/a> | <a href=\"https:\/\/twitter.com\/hashtag\/YamahaFactoryRacing?src=hash&amp;ref_src=twsrc%5Etfw\" target=\"_blank\" rel=\"noopener\">#YamahaFactoryRacing<\/a> | <a href=\"https:\/\/twitter.com\/hashtag\/MotoGP?src=hash&amp;ref_src=twsrc%5Etfw\" target=\"_blank\" rel=\"noopener\">#MotoGP<\/a> <a href=\"https:\/\/t.co\/U9NLiuKREo\">pic.twitter.com\/U9NLiuKREo<\/a><\/p>\n<p>\u2014 Monster Energy Yamaha MotoGP (@YamahaMotoGP) <a href=\"https:\/\/twitter.com\/YamahaMotoGP\/status\/1950578408972509645?ref_src=twsrc%5Etfw\" target=\"_blank\" rel=\"noopener\">July 30, 2025<\/a><\/p>\n<\/blockquote>\n<p>                                            <img loading=\"lazy\" alt=\"\" class=\"avatar avatar-100 photo lazyload\" height=\"100\" width=\"100\" decoding=\"async\" src=\"https:\/\/www.europesays.com\/fr\/wp-content\/uploads\/2025\/08\/1754455994_729_ffbb894c35ea5189d599d4ea062c98b86ffb67cc602fa683ebcbf422a80fc47a\"  data-eio-rwidth=\"100\" data-eio-rheight=\"100\"\/><\/p>\n<p class=\"h2\">\n                                            Julien Barthet\n                                        <\/p>\n<p>R\u00e9dacteur professionnel, titulaire de la carte de presse pendant 3 ans. Fondateur\/Directeur et R\u00e9dacteur en chef Le Mag Sport Auto et LeMagJeuxHighTech.com.&#13;<br \/>\nEx-Pilote automobile : 55 courses (Formule Ford, F.Campus, Coupe 206 Sprint et Relais, Saxo, Ford Fiesta Allemagne, Mitjet) 1 Victoire. Essais F3, Nascar Euro, Caterham, F.Renault, etc.<\/p>\n<p>                                                                                                                            <a href=\"https:\/\/lemagsportauto.ouest-france.fr\/author\/lmsa_adm\/\" title=\"Julien Barthet\" target=\"_blank\" rel=\"noopener\"><br \/>\n                                                Voir les publications de l&rsquo;auteur<br \/>\n                                            <\/a><\/p>\n<p>                                <script async src=\"https:\/\/platform.twitter.com\/widgets.js\" charset=\"utf-8\"><\/script><\/p>\n","protected":false},"excerpt":{"rendered":"En cette p\u00e9riode de pause estivale pour la MotoGP, Yamaha r\u00e9v\u00e8le quelques s\u00e9quences \u201csecr\u00e8tes\u201d, concernant notamment son pilote&hellip;\n","protected":false},"author":2,"featured_media":299604,"comment_status":"","ping_status":"","sticky":false,"template":"","format":"standard","meta":{"footnotes":""},"categories":[1413],"tags":[1680,1011,27,1457,1456,1458,60],"class_list":{"0":"post-299603","1":"post","2":"type-post","3":"status-publish","4":"format-standard","5":"has-post-thumbnail","7":"category-moto","8":"tag-fabio-quartararo","9":"tag-fr","10":"tag-france","11":"tag-moto","12":"tag-motocycle","13":"tag-motogp","14":"tag-sports"},"share_on_mastodon":{"url":"https:\/\/pubeurope.com\/@fr\/114980035270890594","error":""},"_links":{"self":[{"href":"https:\/\/www.europesays.com\/fr\/wp-json\/wp\/v2\/posts\/299603","targetHints":{"allow":["GET"]}}],"collection":[{"href":"https:\/\/www.europesays.com\/fr\/wp-json\/wp\/v2\/posts"}],"about":[{"href":"https:\/\/www.europesays.com\/fr\/wp-json\/wp\/v2\/types\/post"}],"author":[{"embeddable":true,"href":"https:\/\/www.europesays.com\/fr\/wp-json\/wp\/v2\/users\/2"}],"replies":[{"embeddable":true,"href":"https:\/\/www.europesays.com\/fr\/wp-json\/wp\/v2\/comments?post=299603"}],"version-history":[{"count":0,"href":"https:\/\/www.europesays.com\/fr\/wp-json\/wp\/v2\/posts\/299603\/revisions"}],"wp:featuredmedia":[{"embeddable":true,"href":"https:\/\/www.europesays.com\/fr\/wp-json\/wp\/v2\/media\/299604"}],"wp:attachment":[{"href":"https:\/\/www.europesays.com\/fr\/wp-json\/wp\/v2\/media?parent=299603"}],"wp:term":[{"taxonomy":"category","embeddable":true,"href":"https:\/\/www.europesays.com\/fr\/wp-json\/wp\/v2\/categories?post=299603"},{"taxonomy":"post_tag","embeddable":true,"href":"https:\/\/www.europesays.com\/fr\/wp-json\/wp\/v2\/tags?post=299603"}],"curies":[{"name":"wp","href":"https:\/\/api.w.org\/{rel}","templated":true}]}}