{"id":29961,"date":"2025-04-16T21:00:33","date_gmt":"2025-04-16T21:00:33","guid":{"rendered":"https:\/\/www.europesays.com\/fr\/29961\/"},"modified":"2025-04-16T21:00:33","modified_gmt":"2025-04-16T21:00:33","slug":"quinte-3-pros-analysent-leurs-chances-dans-le-quinte-du-mardi-15-avril-a-auteuil","status":"publish","type":"post","link":"https:\/\/www.europesays.com\/fr\/29961\/","title":{"rendered":"Quint\u00e9+: 3 pros analysent leurs chances dans le Quint\u00e9+ du mardi 15 avril \u00e0 Auteuil"},"content":{"rendered":"<p><strong>Ga\u00ebl Lemer<\/strong>, entra\u00eeneur d&rsquo;<strong><a href=\"https:\/\/www.equidia.fr\/chevaux\/emidio-pepe\" target=\"_blank\" rel=\"noopener\">Emid&rsquo;io Pepe<\/a> <\/strong>(1) :<\/p>\n<p style=\"text-align: justify;\">\u00ab\u00a0Il a d\u00e9couvert Auteuil gentiment et y a tr\u00e8s bien couru, refaisant des longueurs en face rien qu&rsquo;en sautant. Il s&rsquo;est retrouv\u00e9 un peu perdu au d\u00e9but de la ligne droite, en voyant ses rivaux s&rsquo;\u00e9carter. Apr\u00e8s le poteau, Bertrand Lestrade s&rsquo;est arr\u00eat\u00e9 en catastrophe devant la haie du pavillon ! Je n&rsquo;ai pas \u00e9t\u00e9 surpris de ses bons d\u00e9buts \u00e0 Auteuil, je l&rsquo;ai \u00e9t\u00e9 un peu plus lorsque j&rsquo;ai vu qu&rsquo;il avait pris un kilo de p\u00e9nalit\u00e9 sur cette deuxi\u00e8me place ! Il mesure 1,77 m\u00e8tre au garrot et les 71 kilos \u00e0 porter ne m&rsquo;inqui\u00e8tent donc pas. Il est engag\u00e9 dans le Prix Alain du Breil (Gr. 1) et le Quint\u00e9+ de mardi nous indiquera la prochaine direction.\u00a0\u00bb<\/p>\n<p><strong>Gabriel Leenders<\/strong>, entra\u00eeneur de\u00a0<a href=\"https:\/\/www.equidia.fr\/chevaux\/lebandacarl\" target=\"_blank\" rel=\"noopener\"><strong>Lebandacarl <\/strong><\/a>(4) :\u00a0<\/p>\n<p style=\"text-align: justify;\">\u00ab\u00a0C&rsquo;est un cheval estim\u00e9, raison pour laquelle je l&rsquo;ai engag\u00e9 dans le Prix Alain du Breil (Gr. 1). Je n&rsquo;avais pas trop le choix pour faire une rentr\u00e9e. Il a donc \u00e9t\u00e9 pr\u00e9par\u00e9 pour ce Quint\u00e9+. Je suis tr\u00e8s confiant avec lui.\u00a0\u00bb<\/p>\n<p><strong>Micka\u00ebl Seror<\/strong>, entra\u00eeneur de <a href=\"https:\/\/www.equidia.fr\/chevaux\/leading-raffles\" target=\"_blank\" rel=\"noopener\"><strong>Leading Raffles<\/strong> <\/a>(11) :\u00a0<\/p>\n<p style=\"text-align: justify;\">\u00ab\u00a0Elle reste sur deux succ\u00e8s \u00e0 Fontainebleau. Elle n&rsquo;a jamais couru \u00e0 Auteuil, mais il n&rsquo;y a pas de raison qu&rsquo;elle ne s&rsquo;y adapte pas. Elle est en bonne forme. C&rsquo;est une pouliche de bon terrain et, si la piste reste rapide, elle devrait bien courir.\u00a0\u00bb<\/p>\n","protected":false},"excerpt":{"rendered":"Ga\u00ebl Lemer, entra\u00eeneur d&rsquo;Emid&rsquo;io Pepe (1) : \u00ab\u00a0Il a d\u00e9couvert Auteuil gentiment et y a tr\u00e8s bien couru,&hellip;\n","protected":false},"author":2,"featured_media":29962,"comment_status":"","ping_status":"","sticky":false,"template":"","format":"standard","meta":{"footnotes":""},"categories":[8],"tags":[58,59,1011,27,10339],"class_list":{"0":"post-29961","1":"post","2":"type-post","3":"status-publish","4":"format-standard","5":"has-post-thumbnail","7":"category-divertissement","8":"tag-divertissement","9":"tag-entertainment","10":"tag-fr","11":"tag-france","12":"tag-haies"},"share_on_mastodon":{"url":"https:\/\/pubeurope.com\/@fr\/114349658958950913","error":""},"_links":{"self":[{"href":"https:\/\/www.europesays.com\/fr\/wp-json\/wp\/v2\/posts\/29961","targetHints":{"allow":["GET"]}}],"collection":[{"href":"https:\/\/www.europesays.com\/fr\/wp-json\/wp\/v2\/posts"}],"about":[{"href":"https:\/\/www.europesays.com\/fr\/wp-json\/wp\/v2\/types\/post"}],"author":[{"embeddable":true,"href":"https:\/\/www.europesays.com\/fr\/wp-json\/wp\/v2\/users\/2"}],"replies":[{"embeddable":true,"href":"https:\/\/www.europesays.com\/fr\/wp-json\/wp\/v2\/comments?post=29961"}],"version-history":[{"count":0,"href":"https:\/\/www.europesays.com\/fr\/wp-json\/wp\/v2\/posts\/29961\/revisions"}],"wp:featuredmedia":[{"embeddable":true,"href":"https:\/\/www.europesays.com\/fr\/wp-json\/wp\/v2\/media\/29962"}],"wp:attachment":[{"href":"https:\/\/www.europesays.com\/fr\/wp-json\/wp\/v2\/media?parent=29961"}],"wp:term":[{"taxonomy":"category","embeddable":true,"href":"https:\/\/www.europesays.com\/fr\/wp-json\/wp\/v2\/categories?post=29961"},{"taxonomy":"post_tag","embeddable":true,"href":"https:\/\/www.europesays.com\/fr\/wp-json\/wp\/v2\/tags?post=29961"}],"curies":[{"name":"wp","href":"https:\/\/api.w.org\/{rel}","templated":true}]}}