{"id":299611,"date":"2025-08-06T04:57:15","date_gmt":"2025-08-06T04:57:15","guid":{"rendered":"https:\/\/www.europesays.com\/fr\/299611\/"},"modified":"2025-08-06T04:57:15","modified_gmt":"2025-08-06T04:57:15","slug":"apres-son-geste-juge-obscene-patrick-sebastien-se-voit-annuler-un-show","status":"publish","type":"post","link":"https:\/\/www.europesays.com\/fr\/299611\/","title":{"rendered":"Apr\u00e8s son geste jug\u00e9 obsc\u00e8ne, Patrick S\u00e9bastien se voit annuler un show"},"content":{"rendered":"<p>Mim\u00e9e ou non, <a href=\"https:\/\/www.20minutes.fr\/faits_divers\/4165942-20250730-herault-patrick-sebastien-vraiment-fait-faire-fellation-scene-cap-agde\" target=\"_blank\" class=\"color-ultramarine c-link\" rel=\"noopener\">la fellation re\u00e7ue en plein show par Patrick S\u00e9bastien<\/a> n\u2019est pas pass\u00e9e inaper\u00e7ue. R\u00e9alis\u00e9 face \u00e0 2.000 personnes (dont 24 enfants d\u2019apr\u00e8s <a href=\"https:\/\/www.bfmtv.com\/people\/patrick-sebastien-deprogramme-a-la-motte-du-caire-apres-la-polemique-autour-de-son-geste-controverse_AN-202508050268.html?at_brand=BFMTV&amp;at_compte=BFMTV&amp;at_plateforme=facebook&amp;at_campaign=Fan_pages&amp;at_medium=Community_Management\" target=\"_blank\" class=\"color-ultramarine c-link\" rel=\"noopener\">BFM TV<\/a>) sur camping naturiste au Cap d\u2019Agde (H\u00e9rault), le geste a provoqu\u00e9 une vague d\u2019indignation. Sans surprise, il est arriv\u00e9 aux oreilles du maire de La-Motte-du-Caire (Alpes-de-Haute-Provence) qui s\u2019est empress\u00e9 d\u2019annuler le concert de l\u2019humoriste.<\/p>\n<\/p>\n<p>Une indignation collective<\/p>\n<p>Le 22 juillet dernier, Patrick S\u00e9bastien donne un spectacle sur une plage naturiste. Au moment de faire monter des spectatrices sur sc\u00e8ne pour les faire danser sur Les Sardines, l\u2019ambiance d\u00e9rape\u00a0: l\u2019une d\u2019elles se jette sur l\u2019animateur pour faire le geste pol\u00e9mique.<\/p>\n<p>Par la voix de son avocat, l\u2019animateur a d\u00e9clar\u00e9 \u00e0 <a href=\"https:\/\/www.mediapart.fr\/journal\/france\/290725\/au-cap-d-agde-devant-des-familles-patrick-sebastien-offre-une-fellation-en-guise-de\" target=\"_blank\" class=\"color-ultramarine c-link\" rel=\"noopener\">Mediapart<\/a> que le geste \u00e9tait \u00ab\u00a0mim\u00e9\u00a0\u00bb et l\u2019avait \u00ab\u00a0surpris\u00a0\u00bb. Le geste a suscit\u00e9 la pol\u00e9mique, sur place comme en ligne, poussant la direction du camping \u00e0 pr\u00e9senter des excuses.<\/p>\n","protected":false},"excerpt":{"rendered":"Mim\u00e9e ou non, la fellation re\u00e7ue en plein show par Patrick S\u00e9bastien n\u2019est pas pass\u00e9e inaper\u00e7ue. R\u00e9alis\u00e9 face&hellip;\n","protected":false},"author":2,"featured_media":299612,"comment_status":"","ping_status":"","sticky":false,"template":"","format":"standard","meta":{"footnotes":""},"categories":[1359],"tags":[47,58,59,118,1011,27,7089,2681,5107,2680,6097,973],"class_list":{"0":"post-299611","1":"post","2":"type-post","3":"status-publish","4":"format-standard","5":"has-post-thumbnail","7":"category-people","8":"tag-actualite","9":"tag-divertissement","10":"tag-entertainment","11":"tag-faits-divers","12":"tag-fr","13":"tag-france","14":"tag-herault","15":"tag-languedoc-roussillon","16":"tag-maire","17":"tag-occitanie","18":"tag-patrick-sebastien","19":"tag-people"},"share_on_mastodon":{"url":"https:\/\/pubeurope.com\/@fr\/114980050974708401","error":""},"_links":{"self":[{"href":"https:\/\/www.europesays.com\/fr\/wp-json\/wp\/v2\/posts\/299611","targetHints":{"allow":["GET"]}}],"collection":[{"href":"https:\/\/www.europesays.com\/fr\/wp-json\/wp\/v2\/posts"}],"about":[{"href":"https:\/\/www.europesays.com\/fr\/wp-json\/wp\/v2\/types\/post"}],"author":[{"embeddable":true,"href":"https:\/\/www.europesays.com\/fr\/wp-json\/wp\/v2\/users\/2"}],"replies":[{"embeddable":true,"href":"https:\/\/www.europesays.com\/fr\/wp-json\/wp\/v2\/comments?post=299611"}],"version-history":[{"count":0,"href":"https:\/\/www.europesays.com\/fr\/wp-json\/wp\/v2\/posts\/299611\/revisions"}],"wp:featuredmedia":[{"embeddable":true,"href":"https:\/\/www.europesays.com\/fr\/wp-json\/wp\/v2\/media\/299612"}],"wp:attachment":[{"href":"https:\/\/www.europesays.com\/fr\/wp-json\/wp\/v2\/media?parent=299611"}],"wp:term":[{"taxonomy":"category","embeddable":true,"href":"https:\/\/www.europesays.com\/fr\/wp-json\/wp\/v2\/categories?post=299611"},{"taxonomy":"post_tag","embeddable":true,"href":"https:\/\/www.europesays.com\/fr\/wp-json\/wp\/v2\/tags?post=299611"}],"curies":[{"name":"wp","href":"https:\/\/api.w.org\/{rel}","templated":true}]}}