{"id":299613,"date":"2025-08-06T04:58:15","date_gmt":"2025-08-06T04:58:15","guid":{"rendered":"https:\/\/www.europesays.com\/fr\/299613\/"},"modified":"2025-08-06T04:58:15","modified_gmt":"2025-08-06T04:58:15","slug":"60e-anniversaire-du-voyage-triomphal-de-dali-a-perpignan-dun-hommage-a-la-gare-a-un-defile-depuis-la-place-catalogne-comme-sil-revenait","status":"publish","type":"post","link":"https:\/\/www.europesays.com\/fr\/299613\/","title":{"rendered":"60e anniversaire du voyage triomphal de Dal\u00ed\u00a0\u00e0 Perpignan\u00a0: d\u2019un hommage \u00e0 la gare \u00e0 un d\u00e9fil\u00e9 depuis la place Catalogne \u00ab\u00a0comme s\u2019il revenait\u00a0\u00bb"},"content":{"rendered":"<p>\n                                                                Il y a presque 60 ans, Dal\u00ed d\u00e9barquait en Roussillon \u00e0 l\u2019occasion d\u2019un voyage triomphal. Perpignan c\u00e9l\u00e8bre cette ann\u00e9e cet anniversaire avec un d\u00e9fil\u00e9 surr\u00e9aliste de grande ampleur d\u00e9ploy\u00e9 dans le centre-ville ainsi qu\u2019un hommage.\n                            <\/p>\n<p>Ce 27\u00a0ao\u00fbt 2025 c\u00e9l\u00e9brera le 60e anniversaire de la venue de l\u2019artiste espagnol Salvador Dal\u00ed au cours d\u2019un \u00ab\u00a0voyage triomphal\u00a0\u00bb. Invit\u00e9 \u00e0 C\u00e9ret par le maire alors en place Michel Sageloli, Dal\u00ed avait ensuite embarqu\u00e9 dans un train de marchandises pour venir jusqu\u2019\u00e0 Perpignan. \u00ab\u00a0Il est arriv\u00e9 \u00e0 16\u00a0h\u00a021 \u00e0 la gare\u00a0\u00bb pr\u00e9cise le catalan Lluis Colet, fan incontestable de Salvador Dal\u00ed, qui rendra cette ann\u00e9e son 42e hommage au Ma\u00eetre, le 27\u00a0ao\u00fbt en ce m\u00eame lieu. \u00ab\u00a0\u00c0 l\u2019endroit exact o\u00f9 il s\u2019est exprim\u00e9, devant un pyl\u00f4ne dans le hall de gare\u00a0\u00bb.<\/p>\n<p>        <img decoding=\"async\" class=\"std-img__img responsive-img\" src=\"https:\/\/www.europesays.com\/fr\/wp-content\/uploads\/2025\/08\/1754456293_942_image.jpg\" alt=\"Salvador Dal\u00ed avait \u00e9t\u00e9 invit\u00e9 par le maire de C\u00e9ret Michel Sageloli.\"\/><\/p>\n<p>                Salvador Dal\u00ed avait \u00e9t\u00e9 invit\u00e9 par le maire de C\u00e9ret Michel Sageloli.<br \/>\n                                    L&rsquo;INDEPENDANT &#8211; JEAN ROIG<\/p>\n<p>\u00ab\u00a0Inonder la gare de 60 choux-fleurs\u00a0\u00bb<\/p>\n<p>Chaque ann\u00e9e, le Catalan Lluis Colet s\u2019attelle \u00e0 c\u00e9l\u00e9brer celui qu\u2019il consid\u00e8re comme \u00ab\u00a0un de ces idoles\u00a0\u00bb. Et pour cet anniversaire particulier, celui qui est n\u00e9 place Belgique et qui porte le quartier de la gare \u00ab\u00a0dans son c\u0153ur\u00a0\u00bb, a un r\u00eave ultime\u00a0: porter un chou-fleur par la voie a\u00e9rienne jusqu\u2019\u00e0 la place Catalogne. Un l\u00e9gume qui par sa forme granul\u00e9e, proche de la repr\u00e9sentation de la chair de poule, faisait partie des sources d\u2019inspirations de Dal\u00ed tout comme les mouches et les rhinoc\u00e9ros. Plan B. Inonder la gare de 60 choux-fleurs pour c\u00e9l\u00e9brer cette date anniversaire.<\/p>\n<p>        <img decoding=\"async\" class=\"std-img__img responsive-img\" src=\"https:\/\/www.europesays.com\/fr\/wp-content\/uploads\/2025\/08\/1754456293_910_image.jpg\" alt=\"Le catalan Lluis Colet rendra son 42e hommage au Ma\u00eetre Dali le 27\u00a0ao\u00fbt \u00e0 la gare de Perpignan.\"\/><\/p>\n<p>                Le catalan Lluis Colet rendra son 42e hommage au Ma\u00eetre Dali le 27\u00a0ao\u00fbt \u00e0 la gare de Perpignan.<br \/>\n                                    Nicolas Parent &#8211; Nicolas Parent<\/p>\n<p>Comme le raconte Lluis Colet, \u00ab\u00a0ce voyage authentique a d\u00e9marr\u00e9 \u00e0 la gare de Perpignan, pour se poursuivre vers la place Arago, \u00e0 la Loge devant la statue de\u00a0Maillol puis rue Louis-Blanc o\u00f9 <a href=\"https:\/\/www.lindependant.fr\/2025\/08\/02\/60-ans-de-la-venue-de-dali-a-perpignan-pierre-et-elisabeth-ducommun-mont-transmis-cette-partie-de-lhistoire-la-bague-mosca-cosmica-offerte-a-lartiste-12840760.php\" target=\"_self\" rel=\"nofollow noopener\">la bijouterie Ducommun a offert \u00e0 Dal\u00ed la fameuse bague mouche<\/a> en or et grenat, puis le cort\u00e8ge est parti vers les portes du Castillet, boulevard Jean-Bourrat pour se terminer dans les jardins de Sant Vicens. C\u2019est comme si j\u2019y avais \u00e9t\u00e9 avec tous les t\u00e9moins oculaires qui ont t\u00e9moign\u00e9. J\u2019ai moi-m\u00eame pu rencontrer Salvador Dal\u00ed en 1979 \u00e0 Port Lligat, chez lui\u00a0\u00bb.<\/p>\n<p>        <img decoding=\"async\" class=\"std-img__img responsive-img\" src=\"https:\/\/www.europesays.com\/fr\/wp-content\/uploads\/2025\/08\/1754456294_752_image.jpg\" alt=\"La bague &quot;Mosca Cosmica&quot; offerte \u00e0 Dal\u00ed lors de sa venue \u00e0 Perpignan sera expos\u00e9e en vitrine de la bijouterie Creuzet-Romeu.\"\/><\/p>\n<p>                La bague \u00ab\u00a0Mosca Cosmica\u00a0\u00bb offerte \u00e0 Dal\u00ed lors de sa venue \u00e0 Perpignan sera expos\u00e9e en vitrine de la bijouterie Creuzet-Romeu.<\/p>\n<p>Les g\u00e9ants Dal\u00ed\u00a0et Gala de Figu\u00e8res<\/p>\n<p>Et pour que cet hommage vibre dans les rues du centre-ville, la soir\u00e9e du samedi 23\u00a0ao\u00fbt, soit quelques jours avant la date officielle, va se transformer en un v\u00e9ritable d\u00e9fil\u00e9 surr\u00e9aliste d\u00e8s 21\u00a0h\u00a030. Un d\u00e9part et une arriv\u00e9e depuis la place Catalogne, l\u00e0 o\u00f9 la statue de Salvador Dal\u00ed\u00a0s\u2019\u00e9l\u00e8ve, et face \u00e0 l\u2019avenue de la gare, celle qu\u2019il a baptis\u00e9e \u00ab\u00a0Centre du monde\u00a0\u00bb en 1965\u2026\u00a0\u00bbou dans les ann\u00e9es 50&Prime; comme avance plut\u00f4t\u00a0Lluis Colet. Un d\u00e9fil\u00e9 d\u00e9j\u00e0 entam\u00e9 ces derni\u00e8res ann\u00e9es mais qui \u00ab\u00a0s\u2019intensifie pour ce 60e anniversaire\u00a0\u00bb explique la Ville.<\/p>\n<p>        <img decoding=\"async\" class=\"std-img__img responsive-img\" src=\"https:\/\/www.europesays.com\/fr\/wp-content\/uploads\/2025\/08\/1754456295_952_image.jpg\" alt=\"Salvador Dal\u00ed lors de son arriv\u00e9e en gare de Perpignan le 27\u00a0ao\u00fbt 1965.\"\/><\/p>\n<p>                Salvador Dal\u00ed lors de son arriv\u00e9e en gare de Perpignan le 27\u00a0ao\u00fbt 1965.<br \/>\n                                    Independant Independant &#8211; J barde<\/p>\n<p>Compagnies, artistes, danseurs, chars vont prendre part au spectacle. La parade d\u00e9marrera et se cl\u00f4turera avec une cr\u00e9ation sur le th\u00e8me surr\u00e9aliste sp\u00e9cialement con\u00e7ue pour l\u2019\u00e9v\u00e9nement par la compagne Gratte Ciel, ces artistes perch\u00e9s dans les airs sur des tiges. Les passants pourront ensuite d\u00e9couvrir\u00a0la locomotive des songes, \u00ab\u00a0comme s\u2019il revenait et qui ouvre surtout l\u2019imaginaire\u00a0\u00bb. La compagnie Les fils qui se touchent, la Fabrica, les danseurs de l\u2019\u00e9cole de danse Synopsis et l\u2019\u00e9cole de cirque La Nyn\u2019s Cie feront voyager les spectateurs autour de chars de rhinoc\u00e9ros avec la Task Compagnie et une parade \u00ab\u00a0d\u2019\u00e9l\u00e9phantaisie\u00a0\u00bb de grands \u00e9chassiers avec Tac o Tac. Et plein d\u2019autres surprises\u2026 Et qui dit ann\u00e9e exceptionnelle dit pr\u00e9sences exceptionnelles. Le d\u00e9fil\u00e9 aura l\u2019honneur d\u2019accueillir deux g\u00e9ants de Figu\u00e8res\u00a0: Dal\u00ed et Gala, pour cette collaboration avec la mairie de Figu\u00e8res, si\u00e8ge du mus\u00e9e de Salvador Dal\u00ed.<\/p>\n<p>\u00a0<\/p>\n<p>    Le Mus\u00e9e Hyacinthe Rigaud va accueillir une \u0153uvre de Salvador Dal\u00ed<\/p>\n<p>Du 1er\u00a0mars 2026 au 30\u00a0avril 2027, le mus\u00e9e d\u2019art Hyacinthe Rigaud de Perpignan accueillera pour la premi\u00e8re fois une \u0153uvre de l\u2019artiste Salvador Dal\u00ed, en pr\u00e9ambule de l\u2019exposition qui lui sera consacr\u00e9e en 2027. C\u2019est gr\u00e2ce au pr\u00eat exceptionnel du Centre Pompidou \u2013 Mus\u00e9e national d\u2019art moderne de Paris, que le tableau\u00a0Hallucination partielle. Six images de L\u00e9nine sur un piano (1931), sera expos\u00e9 durant plus d\u2019une ann\u00e9e dans un lieu charg\u00e9 d\u2019histoire\u00a0: l\u2019ancien salon d\u2019apparat de l\u2019h\u00f4tel particulier de Lazerme, au c\u0153ur du mus\u00e9e. \u00ab\u00a0Le mus\u00e9e Rigaud pose les premiers jalons d\u2019un projet ambitieux\u00a0: mieux inscrire Salvador Dal\u00ed dans l\u2019histoire culturelle de Perpignan et de la r\u00e9gion, en valorisant ses liens r\u00e9els et symboliques avec ce territoire o\u00f9 l\u2019artiste voyait la convergence de ses visions\u00a0\u00bb, confie Andr\u00e9 Bonet, l\u2019adjoint \u00e0 la culture \u00e0 la Ville de Perpignan.\u00a0Aux c\u00f4t\u00e9s de ce tableau, deux \u0153uvres issues des collections du mus\u00e9e Rigaud seront accroch\u00e9es\u00a0: un dessin original de Dal\u00ed repr\u00e9sentant le clocher de Collioure, \u00ab\u00a0rare t\u00e9moignage de son attachement au paysage roussillonnais\u00a0\u00bb et une photographie rehauss\u00e9e de gouache par Dal\u00ed, d\u00e9clinant son tableau La Gare de Perpignan ou Pop, Op, Yes-Yes, Pompier (1965), clin d\u2019\u0153il jubilatoire \u00e0 ce lieu que Dal\u00ed consid\u00e9rait comme \u00ab\u00a0le centre cosmique de l\u2019univers\u00a0\u00bb.<\/p>\n","protected":false},"excerpt":{"rendered":"Il y a presque 60 ans, Dal\u00ed d\u00e9barquait en Roussillon \u00e0 l\u2019occasion d\u2019un voyage triomphal. Perpignan c\u00e9l\u00e8bre cette&hellip;\n","protected":false},"author":2,"featured_media":299614,"comment_status":"","ping_status":"","sticky":false,"template":"","format":"standard","meta":{"footnotes":""},"categories":[1358],"tags":[1348,1384,1385,1386,58,59,1011,27],"class_list":{"0":"post-299613","1":"post","2":"type-post","3":"status-publish","4":"format-standard","5":"has-post-thumbnail","7":"category-arts-et-design","8":"tag-arts","9":"tag-arts-and-design","10":"tag-arts-et-design","11":"tag-design","12":"tag-divertissement","13":"tag-entertainment","14":"tag-fr","15":"tag-france"},"share_on_mastodon":{"url":"https:\/\/pubeurope.com\/@fr\/114980055002560458","error":""},"_links":{"self":[{"href":"https:\/\/www.europesays.com\/fr\/wp-json\/wp\/v2\/posts\/299613","targetHints":{"allow":["GET"]}}],"collection":[{"href":"https:\/\/www.europesays.com\/fr\/wp-json\/wp\/v2\/posts"}],"about":[{"href":"https:\/\/www.europesays.com\/fr\/wp-json\/wp\/v2\/types\/post"}],"author":[{"embeddable":true,"href":"https:\/\/www.europesays.com\/fr\/wp-json\/wp\/v2\/users\/2"}],"replies":[{"embeddable":true,"href":"https:\/\/www.europesays.com\/fr\/wp-json\/wp\/v2\/comments?post=299613"}],"version-history":[{"count":0,"href":"https:\/\/www.europesays.com\/fr\/wp-json\/wp\/v2\/posts\/299613\/revisions"}],"wp:featuredmedia":[{"embeddable":true,"href":"https:\/\/www.europesays.com\/fr\/wp-json\/wp\/v2\/media\/299614"}],"wp:attachment":[{"href":"https:\/\/www.europesays.com\/fr\/wp-json\/wp\/v2\/media?parent=299613"}],"wp:term":[{"taxonomy":"category","embeddable":true,"href":"https:\/\/www.europesays.com\/fr\/wp-json\/wp\/v2\/categories?post=299613"},{"taxonomy":"post_tag","embeddable":true,"href":"https:\/\/www.europesays.com\/fr\/wp-json\/wp\/v2\/tags?post=299613"}],"curies":[{"name":"wp","href":"https:\/\/api.w.org\/{rel}","templated":true}]}}