{"id":299615,"date":"2025-08-06T04:59:10","date_gmt":"2025-08-06T04:59:10","guid":{"rendered":"https:\/\/www.europesays.com\/fr\/299615\/"},"modified":"2025-08-06T04:59:10","modified_gmt":"2025-08-06T04:59:10","slug":"avis-aux-fans-de-polar-le-dernier-livre-de-franck-thilliez-a-retardement-cartonne-sur-amazon","status":"publish","type":"post","link":"https:\/\/www.europesays.com\/fr\/299615\/","title":{"rendered":"Avis aux fans de polar, le dernier livre de Franck Thilliez \u00c0 retardement cartonne sur Amazon"},"content":{"rendered":"<p>L\u2019inspecteur de police Franck Sharko reprend du service dans \u00c0 retardement, le dernier polar de Franck Thilliez, qui est disponible chez Amazon. Pr\u00e9parez-vous \u00e0 une enqu\u00eate aux multiples intrigues, qui plonge dans le monde de la psychiatrie.<\/p>\n<p class=\"fig-paragraph\">Trois mois apr\u00e8s sa sortie, le nouveau livre de Franck Thilliez, \u00c0 retardement, est d\u00e9j\u00e0 class\u00e9 n\u00b01 des ventes sur Amazon, dans la cat\u00e9gorie \u00ab\u00a0Romans noirs\u00a0\u00bb. Le ma\u00eetre du polar \u00e0 la fran\u00e7aise signe une \u00e9ni\u00e8me enqu\u00eate, o\u00f9 il propose une plong\u00e9e captivante et oppressante dans le milieu de la psychiatrie. L\u2019histoire d\u00e9bute par deux \u00e9v\u00e9nements pour le moins inqui\u00e9tants. Un patient en pleine crise est admis en unit\u00e9 psychiatrique apr\u00e8s un coup de folie, alors que la brigade criminelle est occup\u00e9e \u00e0 \u00e9lucider un meurtre entour\u00e9 de myst\u00e8res, aucune trace ne pouvant \u00eatre exploit\u00e9e sur la sc\u00e8ne de crime. Si vous aimez les enqu\u00eates complexes et les atmosph\u00e8res sombres, foncez sur Amazon pour commander \u00c0 retardement, le nouveau thriller de Franck Thilliez. Il vous attend au format broch\u00e9 \u00e0 22,90 euros, mais aussi au format Kindle \u00e0 16,99 euros ou encore en livre audio.<\/p>\n<p class=\"fig-paragraph\"><a href=\"https:\/\/amzn.to\/3JddTtO\" target=\"_blank\" rel=\"nofollow noopener\" data-gtm-custom-categorie=\"navigation\" data-gtm-custom-action=\"crossclick\" data-gtm-custom-label=\"Contextuel\" data-gtm-event=\"customEventSPE\"><strong>D\u00e9couvrir ce nouveau polar de Franck Thilliez ici<\/strong><\/a><\/p>\n<p class=\"fig-paragraph\"><strong>Bons plans lecture sur Amazon\u00a0:<\/strong><\/p>\n<p>D\u00e9couvrez \u00c0 retardement de Franck Thilliez, le roman noir le plus vendu sur Amazon en ce moment<\/p>\n<p class=\"fig-paragraph\">Le livre \u00c0 retardement fait partie de la s\u00e9rie Sharko et Hennebelle, avec laquelle Franck Thilliez tient en haleine ses lecteurs depuis plus de 20 ans. C\u2019est l\u2019une des raisons du succ\u00e8s de l\u2019auteur, qui a su fid\u00e9liser ses fans en mettant en sc\u00e8ne des personnages r\u00e9currents, dont on suit l\u2019histoire et les aventures sur le temps long. Dans \u00c0 retardement, vous retrouvez l\u2019inspecteur Franck Sharko avec son \u00e9quipe de choc. L\u2019enqu\u00eate se penche sur les ressorts complexes de la maladie mentale. Pour donner du cr\u00e9dit \u00e0 son nouveau roman, Franck Thilliez a fait un important travail de recherche. Il est notamment all\u00e9 sur le terrain, pour se rendre compte de la r\u00e9alit\u00e9 du quotidien dans une unit\u00e9 pour malades difficiles (UMD).<\/p>\n<p class=\"fig-paragraph\"><a href=\"https:\/\/amzn.to\/3JddTtO\" target=\"_blank\" rel=\"nofollow noopener\" data-gtm-custom-categorie=\"navigation\" data-gtm-custom-action=\"crossclick\" data-gtm-custom-label=\"Contextuel\" data-gtm-event=\"customEventSPE\"><strong>Cliquez ici pour profiter de l\u2019offre Amazon sur le livre <\/strong><strong>\u00c0 retardement<\/strong> <strong>de Franck Thilliez\u00a0<\/strong><\/a><\/p>\n<p class=\"fig-paragraph\">Contenu con\u00e7u et propos\u00e9 par nos Experts Shopping. L\u2019\u00e9quipe Shopping du Figaro est ind\u00e9pendante de la r\u00e9daction.\u00a0<\/p>\n<p>Les prix mentionn\u00e9s dans cet article le sont \u00e0 titre indicatif. Lorsque vous achetez via nos liens de vente, nous pouvons percevoir une commission d\u2019affiliation.<\/p>\n","protected":false},"excerpt":{"rendered":"L\u2019inspecteur de police Franck Sharko reprend du service dans \u00c0 retardement, le dernier polar de Franck Thilliez, qui&hellip;\n","protected":false},"author":2,"featured_media":299616,"comment_status":"","ping_status":"","sticky":false,"template":"","format":"standard","meta":{"footnotes":""},"categories":[1357],"tags":[1379,58,59,1011,27,2003,1380,2004],"class_list":{"0":"post-299615","1":"post","2":"type-post","3":"status-publish","4":"format-standard","5":"has-post-thumbnail","7":"category-livres","8":"tag-books","9":"tag-divertissement","10":"tag-entertainment","11":"tag-fr","12":"tag-france","13":"tag-livre","14":"tag-livres","15":"tag-roman"},"share_on_mastodon":{"url":"https:\/\/pubeurope.com\/@fr\/114980058804059833","error":""},"_links":{"self":[{"href":"https:\/\/www.europesays.com\/fr\/wp-json\/wp\/v2\/posts\/299615","targetHints":{"allow":["GET"]}}],"collection":[{"href":"https:\/\/www.europesays.com\/fr\/wp-json\/wp\/v2\/posts"}],"about":[{"href":"https:\/\/www.europesays.com\/fr\/wp-json\/wp\/v2\/types\/post"}],"author":[{"embeddable":true,"href":"https:\/\/www.europesays.com\/fr\/wp-json\/wp\/v2\/users\/2"}],"replies":[{"embeddable":true,"href":"https:\/\/www.europesays.com\/fr\/wp-json\/wp\/v2\/comments?post=299615"}],"version-history":[{"count":0,"href":"https:\/\/www.europesays.com\/fr\/wp-json\/wp\/v2\/posts\/299615\/revisions"}],"wp:featuredmedia":[{"embeddable":true,"href":"https:\/\/www.europesays.com\/fr\/wp-json\/wp\/v2\/media\/299616"}],"wp:attachment":[{"href":"https:\/\/www.europesays.com\/fr\/wp-json\/wp\/v2\/media?parent=299615"}],"wp:term":[{"taxonomy":"category","embeddable":true,"href":"https:\/\/www.europesays.com\/fr\/wp-json\/wp\/v2\/categories?post=299615"},{"taxonomy":"post_tag","embeddable":true,"href":"https:\/\/www.europesays.com\/fr\/wp-json\/wp\/v2\/tags?post=299615"}],"curies":[{"name":"wp","href":"https:\/\/api.w.org\/{rel}","templated":true}]}}