{"id":299618,"date":"2025-08-06T05:01:12","date_gmt":"2025-08-06T05:01:12","guid":{"rendered":"https:\/\/www.europesays.com\/fr\/299618\/"},"modified":"2025-08-06T05:01:12","modified_gmt":"2025-08-06T05:01:12","slug":"lady-gaga-va-sortir-une-chanson-inedite-pour-la-nouvelle-saison-de-la-serie","status":"publish","type":"post","link":"https:\/\/www.europesays.com\/fr\/299618\/","title":{"rendered":"Lady Gaga va sortir une chanson in\u00e9dite pour la nouvelle saison de la s\u00e9rie"},"content":{"rendered":"<p>La chanteuse va d\u00e9voiler un nouveau titre pour la prochaine saison de \u00ab\u00a0Mercredi\u00a0\u00bb, attendue les 6 ao\u00fbt et 3 septembre prochains, dans laquelle elle tiendra \u00e9galement un r\u00f4le.<\/p>\n<p><a href=\"https:\/\/www.bfmtv.com\/people\/musique\/aucun-probleme-de-securite-lady-gaga-reagit-a-l-attentat-dejoue-lors-de-son-concert-au-bresil_AV-202505050184.html\" title=\"&quot;Aucun probl\u00e8me de s\u00e9curit\u00e9&quot;: Lady Gaga r\u00e9agit \u00e0 l&#039;attentat d\u00e9jou\u00e9 lors de son concert au Br\u00e9sil\" class=\"internal_link\" rel=\"nofollow noopener\" target=\"_blank\">Lady Gaga<\/a> s&rsquo;immisce un peu plus dans l&rsquo;univers de Mercredi. D&rsquo;apr\u00e8s le magazine am\u00e9ricain <a href=\"https:\/\/variety.com\/2025\/music\/news\/lady-gaga-wednesday-song-season-2-1236478003\/\" target=\"_blank\" class=\"external_link\" rel=\"nofollow noopener\">Variety<\/a>, la chanteuse va d\u00e9voiler une chanson in\u00e9dite, Dead Dance, accompagn\u00e9e d&rsquo;un clip, pour la nouvelle saison de la s\u00e9rie, attendue les 6 ao\u00fbt et 3 septembre prochains.<\/p>\n<p>En juin dernier, la plateforme avait \u00e9galement r\u00e9v\u00e9l\u00e9 que Lady Gaga <a href=\"https:\/\/www.bfmtv.com\/people\/series\/mercredi-netflix-leve-le-voile-sur-le-role-que-jouera-lady-gaga-dans-la-saison-2-de-la-serie_AN-202506010378.html\" title=\"&quot;Mercredi&quot;: Netflix l\u00e8ve le voile sur le r\u00f4le que jouera Lady Gaga dans la saison 2 de la s\u00e9rie\" class=\"internal_link\" rel=\"nofollow noopener\" target=\"_blank\">allait faire un cameo<\/a> dans ce nouveau volet des aventures de l&rsquo;a\u00een\u00e9e de la famille Addams.<\/p>\n<p>Pour son premier r\u00f4le \u00e0 l&rsquo;\u00e9cran depuis la sortie de <strong><a href=\"https:\/\/www.bfmtv.com\/people\/cinema\/joker-folie-a-deux-sept-fois-nomme-aux-razzie-awards-les-oscars-des-pires-films_AD-202501220207.html\" title=\"&quot;Joker: Folie \u00e0 Deux&quot; sept fois nomm\u00e9 aux Razzie Awards, les Oscars des pires films\" class=\"internal_link\" rel=\"nofollow noopener\" target=\"_blank\">Joker: Folie \u00e0 deux<\/a><\/strong>, l&rsquo;artiste, actuellement en pleine tourn\u00e9e pour son album <a href=\"https:\/\/www.bfmtv.com\/people\/musique\/lady-gaga-annonce-une-quatrieme-date-a-paris-pour-son-mayhem-ball-tour_AN-202503310630.html\" title=\"Lady Gaga annonce une quatri\u00e8me date \u00e0 Paris pour son &quot;Mayhem Ball Tour&quot;\" class=\"internal_link\" rel=\"nofollow noopener\" target=\"_blank\">Mayhem<\/a>, incarnera le personnage de Rosaline Rotwood, une professeure de la Nevermore Academy, \u00e9cole o\u00f9 \u00e9tudie Mercredi Addams.<\/p>\n<\/p>\n<p>\u00ab\u00a0Bloody Mary\u00a0\u00bb propuls\u00e9e gr\u00e2ce \u00e0 la saison 1<\/p>\n<p>Lanc\u00e9e en novembre 2022, Mercredi met en sc\u00e8ne l&rsquo;a\u00een\u00e9e de la famille Adams, qui tente de s&rsquo;adapter \u00e0 sa nouvelle \u00e9cole, la Nevermore Academy. Jenna Ortega y donne la r\u00e9plique \u00e0 Gwendoline Christie (<strong><a href=\"https:\/\/www.bfmtv.com\/people\/series\/house-of-the-dragon-la-serie-derivee-de-game-of-thrones-continue-de-battre-des-records_AN-202209210180.html\" title=\"&quot;House of the Dragon&quot;: la s\u00e9rie d\u00e9riv\u00e9e de &quot;Game of Thrones&quot; continue de battre des records\" class=\"internal_link\" rel=\"nofollow noopener\" target=\"_blank\">Game of Thrones<\/a><\/strong>), <strong><a href=\"https:\/\/www.bfmtv.com\/people\/series\/mercredi-addams-christina-ricci-rejoint-casting-de-la-serie-de-tim-burton_AN-202203220292.html\" title=\"&quot;Mercredi Addams&quot;: Christina Ricci rejoint le casting de la s\u00e9rie de Tim Burton\" class=\"internal_link\" rel=\"nofollow noopener\" target=\"_blank\">Christina Ricci<\/a><\/strong> et <strong><a href=\"https:\/\/www.bfmtv.com\/people\/series\/netflix-catherine-zeta-jones-sera-morticia-dans-la-serie-sur-mercredi-addams_AN-202108100095.html\" title=\"Netflix: Catherine Zeta-Jones sera Morticia dans la s\u00e9rie sur Mercredi Addams\" class=\"internal_link\" rel=\"nofollow noopener\" target=\"_blank\">Catherine Zeta-Jones<\/a><\/strong>.<\/p>\n<p>V\u00e9ritable carton, cette s\u00e9rie de huit \u00e9pisodes, cr\u00e9\u00e9e par Alfred Cough et Miles Millar et r\u00e9alis\u00e9e en partie par <strong><a href=\"https:\/\/www.bfmtv.com\/people\/cinema\/de-beetlejuice-a-mercredi-comment-tim-burton-est-devenu-l-ombre-de-lui-meme_AN-202211230136.html\" title=\"De &quot;Beetlejuice&quot; \u00e0 &quot;Mercredi&quot;, comment Tim Burton est devenu l\u2019ombre de lui-m\u00eame\" class=\"internal_link\" rel=\"nofollow noopener\" target=\"_blank\">Tim Burton<\/a><\/strong>, avait notamment permis de repopulariser la chanson <a href=\"https:\/\/www.bfmtv.com\/people\/series\/mercredi-lady-gaga-se-prete-a-son-tour-au-challenge-tik-tok-tire-de-la-serie-phenomene_AN-202212090700.html\" title=\"&quot;Mercredi&quot;: Lady Gaga se pr\u00eate \u00e0 son tour au challenge TikTok tir\u00e9 de la s\u00e9rie-ph\u00e9nom\u00e8ne\" class=\"internal_link\" rel=\"nofollow noopener\" target=\"_blank\">Bloody Mary<\/a> de Lady Gaga.<\/p>\n<p>Ce titre, qui n&rsquo;\u00e9tait pourtant pas dans la bande originale du programme, a connu un regain d&rsquo;int\u00earet, utilis\u00e9 par de nombreux internautes, notamment sur TikTok pour partager des extraits de la s\u00e9rie. \u00c0 voir si Dead Dance conna\u00eetra le m\u00eame engouement.<\/p>\n","protected":false},"excerpt":{"rendered":"La chanteuse va d\u00e9voiler un nouveau titre pour la prochaine saison de \u00ab\u00a0Mercredi\u00a0\u00bb, attendue les 6 ao\u00fbt et&hellip;\n","protected":false},"author":2,"featured_media":3352,"comment_status":"","ping_status":"","sticky":false,"template":"","format":"standard","meta":{"footnotes":""},"categories":[1355],"tags":[58,59,1011,27,1361,873],"class_list":{"0":"post-299618","1":"post","2":"type-post","3":"status-publish","4":"format-standard","5":"has-post-thumbnail","7":"category-musique","8":"tag-divertissement","9":"tag-entertainment","10":"tag-fr","11":"tag-france","12":"tag-music","13":"tag-musique"},"share_on_mastodon":{"url":"https:\/\/pubeurope.com\/@fr\/114980066689454678","error":""},"_links":{"self":[{"href":"https:\/\/www.europesays.com\/fr\/wp-json\/wp\/v2\/posts\/299618","targetHints":{"allow":["GET"]}}],"collection":[{"href":"https:\/\/www.europesays.com\/fr\/wp-json\/wp\/v2\/posts"}],"about":[{"href":"https:\/\/www.europesays.com\/fr\/wp-json\/wp\/v2\/types\/post"}],"author":[{"embeddable":true,"href":"https:\/\/www.europesays.com\/fr\/wp-json\/wp\/v2\/users\/2"}],"replies":[{"embeddable":true,"href":"https:\/\/www.europesays.com\/fr\/wp-json\/wp\/v2\/comments?post=299618"}],"version-history":[{"count":0,"href":"https:\/\/www.europesays.com\/fr\/wp-json\/wp\/v2\/posts\/299618\/revisions"}],"wp:featuredmedia":[{"embeddable":true,"href":"https:\/\/www.europesays.com\/fr\/wp-json\/wp\/v2\/media\/3352"}],"wp:attachment":[{"href":"https:\/\/www.europesays.com\/fr\/wp-json\/wp\/v2\/media?parent=299618"}],"wp:term":[{"taxonomy":"category","embeddable":true,"href":"https:\/\/www.europesays.com\/fr\/wp-json\/wp\/v2\/categories?post=299618"},{"taxonomy":"post_tag","embeddable":true,"href":"https:\/\/www.europesays.com\/fr\/wp-json\/wp\/v2\/tags?post=299618"}],"curies":[{"name":"wp","href":"https:\/\/api.w.org\/{rel}","templated":true}]}}