{"id":299619,"date":"2025-08-06T05:02:16","date_gmt":"2025-08-06T05:02:16","guid":{"rendered":"https:\/\/www.europesays.com\/fr\/299619\/"},"modified":"2025-08-06T05:02:16","modified_gmt":"2025-08-06T05:02:16","slug":"les-films-a-voir-cette-semaine-evanouis-sept-jours-slow-freaky-friday-le-monde-fr","status":"publish","type":"post","link":"https:\/\/www.europesays.com\/fr\/299619\/","title":{"rendered":"Les films \u00e0 voir cette semaine : \u00ab Evanouis \u00bb, \u00ab Sept Jours \u00bb, \u00ab Slow \u00bb, \u00ab Freaky Friday \u00bb\u2026 &#8211; Le Monde.fr"},"content":{"rendered":"<ol>\n<li><a href=\"https:\/\/news.google.com\/rss\/articles\/CBMi0gFBVV95cUxPc092STB5LUVMVllXQTlldm4wT2Y3aGpUUWdIOHBqTVJobjVPUm0zNlpzcUNOWEVIcDFBU1JiSzJ1eEtkaFlhQnBGaUJOQWRycmNoWTllTGk2T0Z3eE1uNEd0bUYyVU5YQjEycFQxczZnT2ozNW1GTzBjTTF6WmZ1WTdsTkotSjVXSnFlTi0xcFFYbEdJQUFNb1EyUlRVeE8tdmlvUDZwbDhBbHo0Ym4xMmd2Q255UlJsVHJuRU5KdTQySVlxaERMQjR1TE52bkRTaEE?oc=5\" target=\"_blank\" rel=\"nofollow noopener\">Les films \u00e0 voir cette semaine : \u00ab Evanouis \u00bb, \u00ab Sept Jours \u00bb, \u00ab Slow \u00bb, \u00ab Freaky Friday \u00bb\u2026<\/a>&nbsp;&nbsp;Le Monde.fr<\/li>\n<li><a href=\"https:\/\/news.google.com\/rss\/articles\/CBMihwJBVV95cUxNRWIwNzF0ZXVobk8yMUdianE4MzY2eFFzWHdTQW51UkJRYmtIMzlvVk1QTDR2dWd1UllrMGdNM18zdU9MRzlIaDRlbkVNTlM2N1d5NFJvVUxyOC1POFVERm9GZlE1Y0h3eUc3eTRPV2xQS1FqN3BUWWFDb3dlMXZZMkVRdV9ybkhPZkw0ekZhLThma3R6UWJ4SDBUZXdSczNKS1NKSnpXcjhzMkdocUxlb096dmcyNHB4eEpLd3JRY3paZmt4bTh0LVZrYzBqeDZZZ0ZOQlVYVFdWX1Y2QlpUZExINGp1N0VZclNYSzIxVU5qMW5Sd0N0ZjRVbkNoRmRTNkRpZmpscw?oc=5\" target=\"_blank\" rel=\"nofollow noopener\">Sorties cin\u00e9ma du 6 ao\u00fbt : \u00ab \u00c9vanouis \u00bb, \u00ab Badh \u00bb, \u00ab Freaky Friday 2 \u00bb&#8230; Les films \u00e0 voir cette semaine<\/a>&nbsp;&nbsp;Le Parisien<\/li>\n<li><a href=\"https:\/\/news.google.com\/rss\/articles\/CBMiwAFBVV95cUxPdHhhdDVQazZpTW8yekg3RUVfLVM0Ny1VWmtRTGJzSG84ZjYwWkQ0dTYxSXpKWUNxOWcxeDV0dWpPU09qdXZ6QnJKYjhCdmJIMHRPRVFSSDB6SFU3T2dYWTdqUG9WN0FBWURMSEJqZ1BtcTZneVNrbEF1b21TMTZrNmczR1FJcTdsM2FlWGYtUVV0TnZxS3ROMmp3Q3ZWVWRXSlQtQXFMVjJMY095T0tULWY2NFd5Q3NxV0RyS0l0bXHSAcYBQVVfeXFMTXFRREYyM3dLNjN6YVlJSVZrcWw5UUNVV2hiZ3ZJekMxSk9VdWNDTk5hWWpRdm45TWJ3c2h3ZWpLakMtWjh4aDAyUDdVM3EybGxERGk5MlZIT0psWkh2U3ZoT29pamZBZ3BtNXJrTVZjc1V1OUtId1pDRGFicDRlNVRFWGZtOHBFdEhObnJmTkZKNzBQb1JDdVBUUU5pZDdTakFidElqU3M0bWo4UmxSV3NLa25qUUdZaFo4TnR6N2c2MDVreURR?oc=5\" target=\"_blank\" rel=\"nofollow noopener\">Quelles sont les sorties cin\u00e9 au mois d\u2019ao\u00fbt dans les cin\u00e9mas M\u00e9garama et Victor Hugo \u00e0 Besan\u00e7on ?<\/a>&nbsp;&nbsp;maCommune.info<\/li>\n<li><a href=\"https:\/\/news.google.com\/rss\/articles\/CBMifkFVX3lxTE95cHNvVDRoeldWamxJa08tVVJiWTdpWlEzcHUzR29xNDNVaHVyZjFhMDJvaUllUkZUc0Y5cHJsTU5ya2w2Q1JNeno4bTc3WUdpTzVoOTl3WjRvUHY4Q09ZWXBxaHhydFhlS0dmT1JRMGkydXU4cDZ6aHEtWFp2dw?oc=5\" target=\"_blank\" rel=\"nofollow noopener\">Au cin\u00e9ma le 6 ao\u00fbt, ce sont les films \u00e0 voir : Y a pas de r\u00e9seau, \u00c9vanouis, Freaky Friday 2&#8230;<\/a>&nbsp;&nbsp;AlloCin\u00e9<\/li>\n<li><a href=\"https:\/\/news.google.com\/rss\/articles\/CBMirwFBVV95cUxNWFlZeG5IVXlheXdBUktvamZaOG90ZkpoeVhLRk9xMC1wb1oxakRBZEtZMVI1QXFLQ291M1NqRWZnZkduOGEwc3cxV1pwaVQxSkRUSHFscDVUMTQ1YUJDRG5XZkF0YjRWTExhajVnWEhvOU9vaHdTMjYybURDWWJVdGVIbXFhUHRUZlBfNC0zU3VCX1A1bmxVSmd6WlZHdmVPY3Zaa2hnQWFrdVF1c1BJ?oc=5\" target=\"_blank\" rel=\"nofollow noopener\">\u00ab Freaky Friday \u00bb, \u00ab The Salt Path \u00bb, \u00ab Beurk ! \u00bb\u2026 les sorties cin\u00e9ma de la semaine<\/a>&nbsp;&nbsp;Le Soir<\/li>\n<\/ol>\n","protected":false},"excerpt":{"rendered":"Les films \u00e0 voir cette semaine : \u00ab Evanouis \u00bb, \u00ab Sept Jours \u00bb, \u00ab Slow \u00bb, \u00ab&hellip;\n","protected":false},"author":2,"featured_media":299620,"comment_status":"","ping_status":"","sticky":false,"template":"","format":"standard","meta":{"footnotes":""},"categories":[1354],"tags":[58,59,1346,1011,27,1360],"class_list":{"0":"post-299619","1":"post","2":"type-post","3":"status-publish","4":"format-standard","5":"has-post-thumbnail","7":"category-films","8":"tag-divertissement","9":"tag-entertainment","10":"tag-films","11":"tag-fr","12":"tag-france","13":"tag-movies"},"share_on_mastodon":{"url":"https:\/\/pubeurope.com\/@fr\/114980070673760378","error":""},"_links":{"self":[{"href":"https:\/\/www.europesays.com\/fr\/wp-json\/wp\/v2\/posts\/299619","targetHints":{"allow":["GET"]}}],"collection":[{"href":"https:\/\/www.europesays.com\/fr\/wp-json\/wp\/v2\/posts"}],"about":[{"href":"https:\/\/www.europesays.com\/fr\/wp-json\/wp\/v2\/types\/post"}],"author":[{"embeddable":true,"href":"https:\/\/www.europesays.com\/fr\/wp-json\/wp\/v2\/users\/2"}],"replies":[{"embeddable":true,"href":"https:\/\/www.europesays.com\/fr\/wp-json\/wp\/v2\/comments?post=299619"}],"version-history":[{"count":0,"href":"https:\/\/www.europesays.com\/fr\/wp-json\/wp\/v2\/posts\/299619\/revisions"}],"wp:featuredmedia":[{"embeddable":true,"href":"https:\/\/www.europesays.com\/fr\/wp-json\/wp\/v2\/media\/299620"}],"wp:attachment":[{"href":"https:\/\/www.europesays.com\/fr\/wp-json\/wp\/v2\/media?parent=299619"}],"wp:term":[{"taxonomy":"category","embeddable":true,"href":"https:\/\/www.europesays.com\/fr\/wp-json\/wp\/v2\/categories?post=299619"},{"taxonomy":"post_tag","embeddable":true,"href":"https:\/\/www.europesays.com\/fr\/wp-json\/wp\/v2\/tags?post=299619"}],"curies":[{"name":"wp","href":"https:\/\/api.w.org\/{rel}","templated":true}]}}