{"id":299621,"date":"2025-08-06T05:03:13","date_gmt":"2025-08-06T05:03:13","guid":{"rendered":"https:\/\/www.europesays.com\/fr\/299621\/"},"modified":"2025-08-06T05:03:13","modified_gmt":"2025-08-06T05:03:13","slug":"beaucoup-de-femmes-le-minimisent-selon-les-medecins","status":"publish","type":"post","link":"https:\/\/www.europesays.com\/fr\/299621\/","title":{"rendered":"beaucoup de femmes le minimisent, selon les m\u00e9decins"},"content":{"rendered":"<p data-start=\"78\" data-end=\"493\">Les <strong>premiers signes d\u2019un<br \/>\ncancer<\/strong> ne sont pas toujours spectaculaires. On pense<br \/>\nsouvent \u00e0 une grosseur, une perte de poids importante ou une<br \/>\nfatigue persistante. Pourtant, d\u2019autres sympt\u00f4mes plus discrets<br \/>\npeuvent parfois constituer des signaux pr\u00e9coces. C\u2019est le cas des<br \/>\n<strong>sueurs nocturnes<\/strong> ou de l\u2019insomnie, deux troubles<br \/>\ncourants mais qu\u2019il convient de ne pas n\u00e9gliger lorsqu\u2019ils<br \/>\ndeviennent inhabituels ou persistants.<\/p>\n<p data-start=\"495\" data-end=\"1293\">La transpiration nocturne, par<br \/>\nexemple, peut avoir de nombreuses causes b\u00e9nignes, comme une<br \/>\n<strong>temp\u00e9rature excessive dans la pi\u00e8ce<\/strong>, une couette<br \/>\ntrop chaude ou un \u00e9pisode de stress. Mais certains cas doivent<br \/>\nalerter. Selon <a href=\"https:\/\/www.cancerresearchuk.org\/about-cancer\/cancer-symptoms\" target=\"_blank\" rel=\"nofollow noopener\">Cancer Research<br \/>\nUK<\/a> et le docteur Suhail Hussain, m\u00e9decin g\u00e9n\u00e9raliste<br \/>\nbritannique, des sueurs nocturnes excessives, prolong\u00e9es et sans<br \/>\ncause apparente <a href=\"https:\/\/www.mariefrance.fr\/equilibre\/jamais-pense-medecin-revele-pourquoi-gens-fument-boivent-cancer-1191865.html\" rel=\"nofollow noopener\" target=\"_blank\"><br \/>\npeuvent indiquer la pr\u00e9sence d\u2019un cancer<\/a>, en particulier les<br \/>\nlymphomes ou la leuc\u00e9mie. \u00ab Il ne s\u2019agit pas de simples<br \/>\ngouttelettes sur le front, mais d\u2019une sudation telle que vos draps<br \/>\net votre pyjama <strong>sont tremp\u00e9s au r\u00e9veil<\/strong>, m\u00eame si la<br \/>\nchambre est fra\u00eeche \u00bb, avertit le docteur Hussain, cit\u00e9 par<br \/>\n<a href=\"https:\/\/www.topsante.com\/medecine\/cancers\/des-medecins-alertent-ce-signe-visible-sur-vos-draps-peut-etre-un-indicateur-precoce-de-cancer-917190?utm_campaign=partenariat&amp;utm_source=yahoo-articles&amp;utm_medium=flux\" target=\"_blank\" rel=\"noopener nofollow\">Top Sant\u00e9<\/a>. Ces sueurs<br \/>\ns\u2019accompagnent parfois d\u2019autres sympt\u00f4mes comme de la fi\u00e8vre, une<br \/>\nperte de poids, une fatigue inhabituelle ou des ganglions<br \/>\ngonfl\u00e9s.<\/p>\n<p><strong>Des troubles du sommeil qui peuvent r\u00e9v\u00e9ler un<br \/>\ncancer<\/strong><\/p>\n<p data-start=\"1295\" data-end=\"1821\">Certains cancers sont plus<br \/>\nfr\u00e9quemment associ\u00e9s \u00e0 ce type de tableau clinique. Parmi eux, le<br \/>\nlymphome hodgkinien et non hodgkinien, la leuc\u00e9mie, mais aussi les<br \/>\ntumeurs carcino\u00efdes, le cancer du rein, de la prostate, des os, le<br \/>\nm\u00e9soth\u00e9liome ou encore le cancer m\u00e9dullaire de la thyro\u00efde. Si l\u2019on<br \/>\nne peut en <strong>d\u00e9duire un diagnostic<\/strong> \u00e0 partir d\u2019un<br \/>\nseul sympt\u00f4me, ces manifestations doivent encourager \u00e0 <strong>une<br \/>\nconsultation rapide<\/strong>. Un diagnostic pr\u00e9coce reste, dans<br \/>\ntous les cas, un facteur cl\u00e9 pour am\u00e9liorer les chances de<br \/>\ntraitement.<\/p>\n<p data-start=\"1823\" data-end=\"2477\">L\u2019insomnie, <strong>autre<br \/>\ntrouble nocturne fr\u00e9quent<\/strong>, m\u00e9rite elle aussi une attention<br \/>\nparticuli\u00e8re lorsqu\u2019elle s\u2019installe dans la dur\u00e9e. Bien qu\u2019<a href=\"https:\/\/www.mariefrance.fr\/equilibre\/specialiste-sommeil-erreur-fait-nuit-vers-3-heures-matin-completement-anxiogene-1187490.html\" rel=\"nofollow noopener\" target=\"_blank\">un<br \/>\ntiers des adultes souffre de troubles du sommeil<\/a> \u00e0 un moment de<br \/>\nsa vie, certains cas doivent alerter. \u00ab Elle peut r\u00e9sulter d\u2019un<br \/>\ninconfort physique li\u00e9 \u00e0 la maladie elle-m\u00eame, \u00e0 ses douleurs ou \u00e0<br \/>\nses traitements, mais aussi \u00e0 l\u2019anxi\u00e9t\u00e9 ou \u00e0 la d\u00e9pression caus\u00e9es<br \/>\npar un cancer \u00bb, explique Cancer Research UK. Une<br \/>\ninsomnie persistante, <strong>accompagn\u00e9e de fatigue<br \/>\nchronique<\/strong>, d\u2019irritabilit\u00e9 ou d\u2019une perte d\u2019\u00e9nergie, peut<br \/>\nainsi justifier une \u00e9valuation m\u00e9dicale, notamment si elle s\u2019ajoute<br \/>\n\u00e0 d\u2019autres sympt\u00f4mes inexpliqu\u00e9s.<\/p>\n<p><img loading=\"lazy\" decoding=\"async\" aria-describedby=\"caption-attachment-848429\" itemprop=\"thumbnailUrl\" class=\"wp-image-848429 img-responsive size-full\" src=\"https:\/\/www.europesays.com\/fr\/wp-content\/uploads\/2025\/08\/shutterstock_2141805237.jpg\" alt=\"astro pleine lune b\u00e9lier septembre 2023\u00a0\" width=\"945\" height=\"630\"\/> \u00a9 shutterstock<\/p>\n<p id=\"caption-attachment-848429\" class=\"wp-caption-text\">Certaines<br \/>\ninsomnies ou sueurs nocturnes persistantes peuvent, dans de rares<br \/>\ncas, r\u00e9v\u00e9ler un cancer sous-jacent<\/p>\n<p>Des sympt\u00f4mes souvent b\u00e9nins mais<br \/>\nparfois r\u00e9v\u00e9lateurs d\u2019un cancer<\/p>\n<p data-start=\"2479\" data-end=\"2960\">Il est essentiel de rappeler<br \/>\nque <strong>sueurs nocturnes et insomnie<\/strong> ne sont pas en<br \/>\nsoi des signes graves. Dans la plupart des cas, leur origine est<br \/>\nb\u00e9nigne : stress passager, variations hormonales, effets<br \/>\nsecondaires m\u00e9dicamenteux ou infection l\u00e9g\u00e8re. En revanche, s\u2019ils<br \/>\ndeviennent inhabituels, s\u2019ils s\u2019installent ou s\u2019ils s\u2019accompagnent<br \/>\n<strong>d\u2019autres signes d\u2019alerte<\/strong> comme des douleurs<br \/>\ninexpliqu\u00e9es, des rougeurs, des saignements ou une perte de poids<br \/>\ninvolontaire, un avis m\u00e9dical s\u2019impose.<\/p>\n<p data-start=\"2962\" data-end=\"3438\" data-is-last-node=\"\" data-is-only-node=\"\">Les sp\u00e9cialistes sont unanimes : <strong>mieux<br \/>\nvaut consulter trop t\u00f4t<\/strong> que trop tard. Un simple bilan<br \/>\nsanguin ou <a href=\"https:\/\/www.mariefrance.fr\/actualite\/societe\/bacteries-champignons-staphylocoques-dores-maladies-sable-plage-reflexes-vacances-1182154.html\" rel=\"nofollow noopener\" target=\"_blank\"><br \/>\nun examen peut permettre de d\u00e9celer une maladie<\/a> \u00e0 un stade<br \/>\npr\u00e9coce. \u00ab Conna\u00eetre son corps, rester attentif \u00e0 ce qui<br \/>\nchange, et ne pas h\u00e9siter \u00e0 consulter en cas de doute, c\u2019est aussi<br \/>\n\u00e7a, <strong>prendre soin de sa sant\u00e9<\/strong> \u00bb, rappelle<br \/>\nCancer Research UK. Une vigilance raisonn\u00e9e, sans<br \/>\nalarmisme, mais attentive aux signaux que le corps peut parfois<br \/>\nenvoyer de mani\u00e8re tr\u00e8s discr\u00e8te.<\/p>\n<blockquote class=\"twitter-tweet\"><p><a class=\"twitter-link\" rel=\"noindex, nofollow noopener\" href=\"https:\/\/twitter.com\/mariefrancemag\/status\/1826705298234519705\" target=\"_blank\"><\/p><\/blockquote>\n<p><script async src=\"https:\/\/platform.twitter.com\/widgets.js\" charset=\"utf-8\"><\/script><\/p>\n","protected":false},"excerpt":{"rendered":"Les premiers signes d\u2019un cancer ne sont pas toujours spectaculaires. On pense souvent \u00e0 une grosseur, une perte&hellip;\n","protected":false},"author":2,"featured_media":299622,"comment_status":"","ping_status":"","sticky":false,"template":"","format":"standard","meta":{"footnotes":""},"categories":[10],"tags":[1011,27,72,71],"class_list":{"0":"post-299621","1":"post","2":"type-post","3":"status-publish","4":"format-standard","5":"has-post-thumbnail","7":"category-sante","8":"tag-fr","9":"tag-france","10":"tag-health","11":"tag-sante"},"share_on_mastodon":{"url":"https:\/\/pubeurope.com\/@fr\/114980075027803585","error":""},"_links":{"self":[{"href":"https:\/\/www.europesays.com\/fr\/wp-json\/wp\/v2\/posts\/299621","targetHints":{"allow":["GET"]}}],"collection":[{"href":"https:\/\/www.europesays.com\/fr\/wp-json\/wp\/v2\/posts"}],"about":[{"href":"https:\/\/www.europesays.com\/fr\/wp-json\/wp\/v2\/types\/post"}],"author":[{"embeddable":true,"href":"https:\/\/www.europesays.com\/fr\/wp-json\/wp\/v2\/users\/2"}],"replies":[{"embeddable":true,"href":"https:\/\/www.europesays.com\/fr\/wp-json\/wp\/v2\/comments?post=299621"}],"version-history":[{"count":0,"href":"https:\/\/www.europesays.com\/fr\/wp-json\/wp\/v2\/posts\/299621\/revisions"}],"wp:featuredmedia":[{"embeddable":true,"href":"https:\/\/www.europesays.com\/fr\/wp-json\/wp\/v2\/media\/299622"}],"wp:attachment":[{"href":"https:\/\/www.europesays.com\/fr\/wp-json\/wp\/v2\/media?parent=299621"}],"wp:term":[{"taxonomy":"category","embeddable":true,"href":"https:\/\/www.europesays.com\/fr\/wp-json\/wp\/v2\/categories?post=299621"},{"taxonomy":"post_tag","embeddable":true,"href":"https:\/\/www.europesays.com\/fr\/wp-json\/wp\/v2\/tags?post=299621"}],"curies":[{"name":"wp","href":"https:\/\/api.w.org\/{rel}","templated":true}]}}