{"id":299623,"date":"2025-08-06T05:04:11","date_gmt":"2025-08-06T05:04:11","guid":{"rendered":"https:\/\/www.europesays.com\/fr\/299623\/"},"modified":"2025-08-06T05:04:11","modified_gmt":"2025-08-06T05:04:11","slug":"trump-sincruste-dans-lorganisation-des-jeux-olympiques-2028-de-los-angeles","status":"publish","type":"post","link":"https:\/\/www.europesays.com\/fr\/299623\/","title":{"rendered":"Trump s\u2019incruste dans l\u2019organisation des Jeux olympiques 2028 de Los Angeles"},"content":{"rendered":"<p>A moins de trois ans des <a href=\"https:\/\/www.20minutes.fr\/sport\/jo-los-angeles-2028\/\" target=\"_blank\" class=\"color-ultramarine c-link\" rel=\"noopener\">Jeux olympiques<\/a> de <a href=\"https:\/\/www.20minutes.fr\/dossier\/los_angeles\" target=\"_blank\" class=\"color-ultramarine c-link\" rel=\"noopener\">Los Angeles<\/a>, Donald Trump entend jouer un r\u00f4le central dans leur organisation. Mercredi, le pr\u00e9sident am\u00e9ricain a annonc\u00e9 la cr\u00e9ation d\u2019un groupe de travail qu\u2019il dirigera personnellement, affirmant vouloir mobiliser l\u2019ensemble du gouvernement f\u00e9d\u00e9ral pour garantir la s\u00e9curit\u00e9 et le succ\u00e8s de l\u2019\u00e9v\u00e9nement.<\/p>\n<p>\u00ab\u00a0Nous ferons tout pour que ces Jeux soient s\u00fbrs, y compris utiliser la Garde nationale et des militaires d\u2019active\u00a0\u00bb, a d\u00e9clar\u00e9 <a href=\"https:\/\/www.20minutes.fr\/dossier\/donald_trump\" target=\"_blank\" class=\"color-ultramarine c-link\" rel=\"noopener\">Donald Trump<\/a> lors d\u2019une c\u00e9r\u00e9monie \u00e0 la <a href=\"https:\/\/www.20minutes.fr\/dossier\/maison_blanche\" target=\"_blank\" class=\"color-ultramarine c-link\" rel=\"noopener\">Maison-Blanche<\/a>, au cours de laquelle il a sign\u00e9 le d\u00e9cret instituant ce comit\u00e9. Le groupe de travail comprendra plusieurs ministres, proches conseillers et le vice-pr\u00e9sident <a href=\"https:\/\/www.20minutes.fr\/monde\/vance\/\" target=\"_blank\" class=\"color-ultramarine c-link\" rel=\"noopener\">J.D. Vance<\/a>, fid\u00e8le soutien du pr\u00e9sident.<\/p>\n<p>Inqui\u00e9tudes des \u00e9lus locaux<\/p>\n<p>L\u2019initiative pr\u00e9sidentielle suscite d\u00e9j\u00e0 l\u2019inqui\u00e9tude de certains \u00e9lus locaux, tant les tensions sont vives entre la Maison-Blanche et les autorit\u00e9s d\u00e9mocrates de <a href=\"https:\/\/www.20minutes.fr\/dossier\/californie\" target=\"_blank\" class=\"color-ultramarine c-link\" rel=\"noopener\">Californie<\/a>. En juin dernier, Donald Trump avait r\u00e9quisitionn\u00e9 la Garde nationale en Californie pour r\u00e9tablir l\u2019ordre \u00e0 Los Angeles apr\u00e8s <a href=\"https:\/\/www.20minutes.fr\/monde\/etats-unis\/4157607-20250609-etats-unis-manifestations-garde-nationale-point-affrontements-los-angeles\" target=\"_blank\" class=\"color-ultramarine c-link\" rel=\"noopener\">des manifestations contre des arrestations d\u2019immigr\u00e9s<\/a>, une d\u00e9cision exceptionnelle prise sans l\u2019aval du gouverneur Gavin Newsom.<\/p>\n<\/p>\n<p>La veille de l\u2019annonce de la mobilisation des troupes, Donald Trump avait d\u2019ailleurs de nouveau attaqu\u00e9 le gouverneur ainsi que la <a href=\"https:\/\/www.20minutes.fr\/dossier\/maire\" target=\"_blank\" class=\"color-ultramarine c-link\" rel=\"noopener\">maire<\/a> de Los Angeles, Karen Bass, qu\u2019il a qualifi\u00e9e de \u00ab\u00a0pas tr\u00e8s comp\u00e9tente\u00a0\u00bb, leur reprochant une mauvaise gestion des incendies meurtriers qui ont frapp\u00e9 la ville en janvier.<\/p>\n<p>Des affrontements politiques en vue<\/p>\n<p>Ces attaques renforcent les craintes d\u2019une organisation olympique marqu\u00e9e par les affrontements politiques entre la pr\u00e9sidence <a href=\"https:\/\/www.20minutes.fr\/monde\/republicains\/\" target=\"_blank\" class=\"color-ultramarine c-link\" rel=\"noopener\">r\u00e9publicaine<\/a> et les \u00e9lus locaux <a href=\"https:\/\/www.20minutes.fr\/dossier\/parti_democrate\" target=\"_blank\" class=\"color-ultramarine c-link\" rel=\"noopener\">d\u00e9mocrates<\/a>. Malgr\u00e9 ce climat tendu, le pr\u00e9sident am\u00e9ricain a affich\u00e9 mardi une entente cordiale avec Casey Wasserman, pr\u00e9sident du comit\u00e9 d\u2019organisation de Los Angeles 2028, venu sp\u00e9cialement \u00e0 la Maison-Blanche.<\/p>\n<p>\u00ab\u00a0Vous nous avez soutenus et aid\u00e9s \u00e0 chaque moment, et nous n\u2019en serions pas l\u00e0 aujourd\u2019hui sans vous\u00a0\u00bb, a salu\u00e9 Casey Wasserman, en remettant \u00e0 Donald Trump des r\u00e9pliques des m\u00e9dailles des Jeux de\u00a01984. L\u2019homme d\u2019affaires avait d\u2019ailleurs d\u00e9j\u00e0 port\u00e9 la flamme olympique \u00e0 <a href=\"https:\/\/www.20minutes.fr\/dossier\/new_york\" target=\"_blank\" class=\"color-ultramarine c-link\" rel=\"noopener\">New York<\/a> avant les Jeux d\u2019Ath\u00e8nes en\u00a02004. Cette fois, Casey Wasserman lui a propos\u00e9 de r\u00e9cidiver lors du relais national de la flamme pr\u00e9vu dans les 50 Etats\u00a0: \u00ab\u00a0Vous \u00eates plus que bienvenu.\u00a0\u00bb<\/p>\n<p>La question des athl\u00e8tes transgenres<\/p>\n<p>Fid\u00e8le \u00e0 ses positions conservatrices sur le sport, le pr\u00e9sident a aussi profit\u00e9 de son discours pour \u00e9voquer la participation des personnes transgenres aux comp\u00e9titions. \u00ab Les Etats-Unis ne laisseront pas des hommes voler les troph\u00e9es aux femmes pendant les JO-2028 \u00bb, a-t-il affirm\u00e9, r\u00e9it\u00e9rant une ligne politique d\u00e9j\u00e0 mat\u00e9rialis\u00e9e par plusieurs mesures adopt\u00e9es depuis janvier.<\/p>\n<p><a href=\"https:\/\/www.20minutes.fr\/sport\/jo-los-angeles-2028\/\" target=\"_blank\" class=\"c-link c-btn c-btn--primary\" rel=\"noopener\">Notre dossier sur les JO 2028 de Los Angeles<\/a><\/p>\n<p>La ville de Los Angeles avait \u00e9t\u00e9 d\u00e9sign\u00e9e en 2017 pour accueillir les Jeux olympiques et paralympiques de 2028, alors que Donald Trump entamait son premier mandat. Son second co\u00efncide \u00e9galement avec un autre \u00e9v\u00e9nement sportif majeur : la Coupe du monde de football 2026, \u00e9galement organis\u00e9e aux Etats-Unis, au Canada et au Mexique.<\/p>\n","protected":false},"excerpt":{"rendered":"A moins de trois ans des Jeux olympiques de Los Angeles, Donald Trump entend jouer un r\u00f4le central&hellip;\n","protected":false},"author":2,"featured_media":299624,"comment_status":"","ping_status":"","sticky":false,"template":"","format":"standard","meta":{"footnotes":""},"categories":[9],"tags":[47,2139,75,73,1011,27,3996,43983,6116,78,74,517,60],"class_list":{"0":"post-299623","1":"post","2":"type-post","3":"status-publish","4":"format-standard","5":"has-post-thumbnail","7":"category-sports","8":"tag-actualite","9":"tag-californie","10":"tag-donald-trump","11":"tag-etats-unis","12":"tag-fr","13":"tag-france","14":"tag-jeux-olympiques","15":"tag-jo-los-angeles-2028","16":"tag-los-angeles","17":"tag-maison-blanche","18":"tag-monde","19":"tag-sport","20":"tag-sports"},"share_on_mastodon":{"url":"https:\/\/pubeurope.com\/@fr\/114980078432436122","error":""},"_links":{"self":[{"href":"https:\/\/www.europesays.com\/fr\/wp-json\/wp\/v2\/posts\/299623","targetHints":{"allow":["GET"]}}],"collection":[{"href":"https:\/\/www.europesays.com\/fr\/wp-json\/wp\/v2\/posts"}],"about":[{"href":"https:\/\/www.europesays.com\/fr\/wp-json\/wp\/v2\/types\/post"}],"author":[{"embeddable":true,"href":"https:\/\/www.europesays.com\/fr\/wp-json\/wp\/v2\/users\/2"}],"replies":[{"embeddable":true,"href":"https:\/\/www.europesays.com\/fr\/wp-json\/wp\/v2\/comments?post=299623"}],"version-history":[{"count":0,"href":"https:\/\/www.europesays.com\/fr\/wp-json\/wp\/v2\/posts\/299623\/revisions"}],"wp:featuredmedia":[{"embeddable":true,"href":"https:\/\/www.europesays.com\/fr\/wp-json\/wp\/v2\/media\/299624"}],"wp:attachment":[{"href":"https:\/\/www.europesays.com\/fr\/wp-json\/wp\/v2\/media?parent=299623"}],"wp:term":[{"taxonomy":"category","embeddable":true,"href":"https:\/\/www.europesays.com\/fr\/wp-json\/wp\/v2\/categories?post=299623"},{"taxonomy":"post_tag","embeddable":true,"href":"https:\/\/www.europesays.com\/fr\/wp-json\/wp\/v2\/tags?post=299623"}],"curies":[{"name":"wp","href":"https:\/\/api.w.org\/{rel}","templated":true}]}}