{"id":299625,"date":"2025-08-06T05:05:11","date_gmt":"2025-08-06T05:05:11","guid":{"rendered":"https:\/\/www.europesays.com\/fr\/299625\/"},"modified":"2025-08-06T05:05:11","modified_gmt":"2025-08-06T05:05:11","slug":"sur-europe-1-sophie-favier-lance-un-appel-desespere-a-cyril-hanouna","status":"publish","type":"post","link":"https:\/\/www.europesays.com\/fr\/299625\/","title":{"rendered":"Sur Europe 1, Sophie Favier lance un appel (d\u00e9sesp\u00e9r\u00e9?) \u00e0 Cyril Hanouna"},"content":{"rendered":"<p>Invit\u00e9e ce mardi 5 ao\u00fbt du \u00abClub de l\u2019\u00e9t\u00e9\u00bb de Roland Perez, l\u2019ex-animatrice et chroniqueuse de 61 ans n\u2019a pas cach\u00e9 son envie de rejoindre l\u2019\u00e9quipe de \u00abTout beau, tout 9\u00bb dont le lancement est pr\u00e9vu \u00e0 la rentr\u00e9e sur W9.<\/p>\n<p class=\"fig-paragraph\">\u00c0 61 ans, l\u2019ancienne animatrice &#8211; chroniqueuse de \u00abMaxit\u00eate\u00bb, \u00abCiel, mon mardi!\u00bb, \u00abSacr\u00e9e soir\u00e9e\u00bb, \u00abSuper mecs\u00bb, \u00abSans aucun doute\u00bb, \u00abIncroyable mais vrai\u00bb, pour ne citer que celles-l\u00e0 &#8211; se verrait bien rejoindre l\u2019\u00e9quipe de la nouvelle \u00e9mission de Cyril Hanouna, <strong>\u00ab Tout beau, tout 9\u00a0\u00bb<\/strong>, en septembre sur W9.<\/p>\n<p class=\"fig-paragraph\">C\u2019est de moins ce que <strong>Sophie Favier<\/strong> a sugg\u00e9r\u00e9 ce mardi matin sur Europe 1 dans l\u2019\u00e9mission de Roland Perez \u00abLe club de l\u2019\u00e9t\u00e9\u00bb. \u00c9mission au cours de laquelle elle a \u00e9voqu\u00e9 les mille et une p\u00e9rip\u00e9ties de sa carri\u00e8re. \u00ab Vous auriez aim\u00e9, \u00e0 l\u2019\u00e9poque &#8211; peut-\u00eatre aujourd\u2019hui &#8211; int\u00e9grer la bande de Cyril\u00a0?\u00a0\u00bb, lui a alors demand\u00e9 l\u2019animateur.<\/p>\n<p class=\"fig-body-link\">\n            \u00c0 lire aussi<br \/>\n        <a class=\"fig-body-link__link\" href=\"http:\/\/tvmag.lefigaro.fr\/programme-tv\/actu-tele\/petite-info-cyril-hanouna-donne-des-nouvelles-de-tout-beau-tout-9-20250804\" data-fig-type=\"Article\" data-gtm-custom-categorie=\"navigation\" data-gtm-custom-action=\"crossclick\" data-gtm-custom-label=\"Contextuel\" data-gtm-event=\"customEventSPE\" data-fig-domain=\"TVMAG\" target=\"_blank\" rel=\"noopener\">\u00abPetite info&#8230;\u00bb\u00a0: Cyril Hanouna donne des nouvelles de \u00abTout beau tout 9\u00bb<br \/>\n    <\/a>\n<\/p>\n<p>                                    <a class=\"fig-a11y-skip a11y-hidden\" href=\"#fig-a11y-skip-main-inarticle\"><br \/>\n        Passer la publicit\u00e9<br \/>\n    <\/a><\/p>\n<p>\u00ab Vous connaissez Cyril\u00a0?\u00a0\u00bb<\/p>\n<p class=\"fig-paragraph\">\u00ab Mais j\u2019aurais ador\u00e9\u00a0! Je ne comprends pas pourquoi on ne s\u2019est jamais&#8230;\u00a0\u00bb, a-t-elle r\u00e9pondu, avant que de s\u2019entendre dire que sa nouvelle \u00e9mission arrive bient\u00f4t. \u00abJe sais mais&#8230; Je ne sais pas pourquoi on ne s\u2019est jamais&#8230;\u00bb, a-t-elle continu\u00e9. Pas tr\u00e8s clair tout \u00e7a&#8230; Et Roland Perez de continuer: \u00abVous connaissez Cyril\u00a0?\u00bb<\/p>\n<p class=\"fig-paragraph\">\u00abJe le connais bien. Enfin bien, comme on peut conna\u00eetre quelqu\u2019un dans notre m\u00e9tier, mais j\u2019aurais au moins aim\u00e9 prendre un caf\u00e9 avec lui et parler. Parce que j\u2019avais tellement de choses \u00e0 faire et \u00e0 dire. Mais bon, \u00e7a ne s\u2019est pas fait\u00bb, a pr\u00e9cis\u00e9 l\u2019animatrice, d\u00e9cid\u00e9ment moins prolixe qu\u2019autrefois.<\/p>\n<p class=\"fig-body-link\">\n            \u00c0 lire aussi<br \/>\n        <a class=\"fig-body-link__link\" href=\"http:\/\/tvmag.lefigaro.fr\/programme-tv\/actu-tele\/cyril-hanouna-impatient-de-retrouver-ses-cheries-sur-le-plateau-de-tout-beau-tout-9-20250722\" data-fig-type=\"Article\" data-gtm-custom-categorie=\"navigation\" data-gtm-custom-action=\"crossclick\" data-gtm-custom-label=\"Contextuel\" data-gtm-event=\"customEventSPE\" data-fig-domain=\"TVMAG\" target=\"_blank\" rel=\"noopener\">Cyril Hanouna impatient de retrouver ses \u00abch\u00e9ris\u00bb sur le plateau de \u00abTout beau tout 9\u00a0\u00bb<br \/>\n    <\/a>\n<\/p>\n<p class=\"fig-paragraph\">\u00abCyril, peut-\u00eatre qu\u2019il nous \u00e9coute, ou peut-\u00eatre quelqu\u2019un de son \u00e9quipe&#8230;\u00bb, a alors rappel\u00e9 l\u2019animateur. \u00abEn tout cas, je trouve que bon, voil\u00e0, il fait des choses, enfin on ne va pas&#8230;\u00bb, a conclu Sophie Favier sans d\u00e9velopper plus avant le fil de sa pens\u00e9e.<\/p>\n<p class=\"fig-paragraph\">Un bon petit dialogue de sourd, donc. L\u2019appel du pied, cependant n\u2019aura \u00e9chapp\u00e9 \u00e0 personne. Et de se souvenir qu\u2019en 2020, Sophie Favier avait racont\u00e9 sur une antenne de radio concurrente d\u2019Europe 1 qu\u2019elle avait \u00e9t\u00e9 approch\u00e9e \u00e0 plusieurs reprises par les \u00e9quipes de Cyril Hanouna.<\/p>\n<p class=\"fig-paragraph\">\u00abEn fait, la difficult\u00e9, c\u2019est que je viens toujours en invit\u00e9e un peu faire le clown gracieusement mais en fait, ce n\u2019est pas mon m\u00e9tier\u00bb, avait-elle ainsi confi\u00e9. Ceci explique peut-\u00eatre cela.<\/p>\n","protected":false},"excerpt":{"rendered":"Invit\u00e9e ce mardi 5 ao\u00fbt du \u00abClub de l\u2019\u00e9t\u00e9\u00bb de Roland Perez, l\u2019ex-animatrice et chroniqueuse de 61 ans&hellip;\n","protected":false},"author":2,"featured_media":299626,"comment_status":"","ping_status":"","sticky":false,"template":"","format":"standard","meta":{"footnotes":""},"categories":[8],"tags":[1083,58,59,1011,27,2395],"class_list":{"0":"post-299625","1":"post","2":"type-post","3":"status-publish","4":"format-standard","5":"has-post-thumbnail","7":"category-divertissement","8":"tag-cyril-hanouna","9":"tag-divertissement","10":"tag-entertainment","11":"tag-fr","12":"tag-france","13":"tag-w9"},"share_on_mastodon":{"url":"https:\/\/pubeurope.com\/@fr\/114980082376960032","error":""},"_links":{"self":[{"href":"https:\/\/www.europesays.com\/fr\/wp-json\/wp\/v2\/posts\/299625","targetHints":{"allow":["GET"]}}],"collection":[{"href":"https:\/\/www.europesays.com\/fr\/wp-json\/wp\/v2\/posts"}],"about":[{"href":"https:\/\/www.europesays.com\/fr\/wp-json\/wp\/v2\/types\/post"}],"author":[{"embeddable":true,"href":"https:\/\/www.europesays.com\/fr\/wp-json\/wp\/v2\/users\/2"}],"replies":[{"embeddable":true,"href":"https:\/\/www.europesays.com\/fr\/wp-json\/wp\/v2\/comments?post=299625"}],"version-history":[{"count":0,"href":"https:\/\/www.europesays.com\/fr\/wp-json\/wp\/v2\/posts\/299625\/revisions"}],"wp:featuredmedia":[{"embeddable":true,"href":"https:\/\/www.europesays.com\/fr\/wp-json\/wp\/v2\/media\/299626"}],"wp:attachment":[{"href":"https:\/\/www.europesays.com\/fr\/wp-json\/wp\/v2\/media?parent=299625"}],"wp:term":[{"taxonomy":"category","embeddable":true,"href":"https:\/\/www.europesays.com\/fr\/wp-json\/wp\/v2\/categories?post=299625"},{"taxonomy":"post_tag","embeddable":true,"href":"https:\/\/www.europesays.com\/fr\/wp-json\/wp\/v2\/tags?post=299625"}],"curies":[{"name":"wp","href":"https:\/\/api.w.org\/{rel}","templated":true}]}}