{"id":299627,"date":"2025-08-06T05:06:10","date_gmt":"2025-08-06T05:06:10","guid":{"rendered":"https:\/\/www.europesays.com\/fr\/299627\/"},"modified":"2025-08-06T05:06:10","modified_gmt":"2025-08-06T05:06:10","slug":"la-date-de-la-keynote-dapple-confirmee-par-une-fuite","status":"publish","type":"post","link":"https:\/\/www.europesays.com\/fr\/299627\/","title":{"rendered":"la date de la keynote d&rsquo;Apple confirm\u00e9e par une fuite ?"},"content":{"rendered":"<p data-start=\"156\" data-end=\"350\">Le calendrier de sortie de l\u2019iPhone 17, nouvelle mouture des c\u00e9l\u00e8bres smartphones estampill\u00e9s Apple, a peut-\u00eatre \u00e9t\u00e9 confirm\u00e9 d\u00e9finitivement par la documentation interne d\u2019un op\u00e9rateur allemand.<\/p>\n<p data-start=\"352\" data-end=\"817\">Chaque ann\u00e9e, la marque pr\u00e9sente cet appareil toujours tr\u00e8s attendu en suivant un rituel tr\u00e8s bien rod\u00e9 depuis plus de dix ans. Comme nous l\u2019expliquions d\u00e9j\u00e0 en juillet dernier, Apple a pris l\u2019habitude d\u2019organiser le lancement de son nouvel iPhone la semaine suivant le Labor Day, un jour f\u00e9ri\u00e9 au pays de l\u2019Oncle Sam.<\/p>\n<p data-start=\"352\" data-end=\"817\">Cette ann\u00e9e, il tombe le <strong>premier septembre<\/strong>, et de nombreux observateurs ont donc conclu que <strong>la keynote suivrait pendant la semaine du 8 septembre. <\/strong>C\u2019est aussi <a href=\"https:\/\/www.bloomberg.com\/news\/newsletters\/2025-07-13\/is-apple-going-to-replace-ceo-tim-cook-who-is-the-next-ceo-of-apple-ternus-md1mhrj4\" target=\"_blank\" rel=\"noopener\">l\u2019avis de Mark Gurman<\/a>, journaliste de Bloomberg connu pour la fiabilit\u00e9 de ses sources dans ce domaine. Selon lui, les iPhone 17 seront officiellement d\u00e9voil\u00e9s le mardi 9 ou le mercredi 10 septembre. Et tout r\u00e9cemment, une nouvelle information est encore venue renforcer cette interpr\u00e9tation, au point d\u2019en faire une quasi-certitude.<\/p>\n<p> Des documents d\u2019op\u00e9rateurs allemands enfoncent le clou <\/p>\n<p data-start=\"1167\" data-end=\"1531\">Ces nouvelles donn\u00e9es, relay\u00e9es par <a href=\"https:\/\/9to5mac.com\/2025\/08\/05\/iphone-17-event-scheduled-for-september-9-according-to-carrier-documents\/\" target=\"_blank\" rel=\"noopener\">9to5Mac<\/a>, proviennent du site allemand sp\u00e9cialis\u00e9 <a href=\"https:\/\/www.iphone-ticker.de\/iphone-17-vorstellung-wohl-am-9-verkaufsstart-am-19-september-261445\/\" target=\"_blank\" rel=\"noopener\">iPhone-Ticker<\/a>, qui est all\u00e9 fouiller du c\u00f4t\u00e9 des op\u00e9rateurs t\u00e9l\u00e9phoniques.<\/p>\n<p data-start=\"1167\" data-end=\"1531\">Ces derniers doivent toujours effectuer un certain nombre de pr\u00e9parations avant un lancement majeur comme celui d\u2019un nouvel iPhone (gestion des stocks, tests de compatibilit\u00e9, campagnes promotionnelles\u2026). Par cons\u00e9quent, ils sont syst\u00e9matiquement tenus au courant du lancement avant le grand public, et disposent de documents contenant des d\u00e9tails sur le calendrier.<\/p>\n<p data-start=\"1167\" data-end=\"1531\">Une aubaine pour iPhone-Ticker, qui a apparemment r\u00e9ussi \u00e0 se procurer des documents internes provenant \u00ab\u00a0d\u2019au moins un op\u00e9rateur local\u00a0\u00bb. Ceux-ci mentionnent explicitement le <strong>9 septembre<\/strong> \u2014 une date coh\u00e9rente avec les habitudes d\u2019Apple et avec les pronostics des insiders comme Mark Gurman. Cela ressemble donc \u00e0 une <strong>confirmation d\u00e9finitive de la date de l\u2019annonce.<\/strong><\/p>\n<p data-start=\"2070\" data-end=\"2573\">\u00c0 partir de l\u00e0, on peut aussi d\u00e9duire le reste du calendrier de lancement sur la base des habitudes d\u2019Apple. Si la keynote se tient effectivement le mardi 9 septembre, les <strong>pr\u00e9commandes<\/strong> seront vraisemblablement ouvertes \u00e0 la fin de cette m\u00eame semaine, potentiellement le vendredi <strong>12 septembre<\/strong>. L\u2019exp\u00e9dition des premi\u00e8res commandes, ainsi que la mise \u00e0 disposition chez les diff\u00e9rents revendeurs, arrive g\u00e9n\u00e9ralement une semaine apr\u00e8s cette \u00e9ch\u00e9ance. Cette ann\u00e9e, cela correspondrait donc au <strong>19 septembre<\/strong>.<\/p>\n<p data-start=\"2575\" data-end=\"3027\">\u00c0 supposer que les documents en question soient effectivement authentiques, les inconditionnels de la marque ont donc encore un peu plus d\u2019un mois devant eux pour se pr\u00e9parer \u00e0 cette \u00e9ch\u00e9ance. Rendez-vous dans quelques semaines pour savoir si tous ces insiders auront eu le nez creux\u2026 ou si Apple va surprendre tout le monde en modifiant son calendrier pour la premi\u00e8re fois depuis 2020, quand le lancement a \u00e9t\u00e9 boulevers\u00e9 par la pand\u00e9mie de Covid-19.<\/p>\n<blockquote>\n<p class=\"text-base text-neutral-700 dark:text-neutral-300\">\ud83d\udfe3 Pour ne manquer aucune news sur le Journal du Geek, abonnez-vous sur <a href=\"https:\/\/news.google.com\/publications\/CAAqBwgKMNr_hAswwYyCAw?hl=fr&amp;gl=FR&amp;ceid=FR%3Afr\" target=\"_blank\" rel=\"noopener\">Google Actualit\u00e9s<\/a> et sur <a href=\"https:\/\/whatsapp.com\/channel\/0029VaClM5y4tRry12tb7D2h\" target=\"_blank\" rel=\"noopener\">notre WhatsApp<\/a>. Et si vous nous adorez, on a <a href=\"https:\/\/www.journaldugeek.com\/newsletter\/\" target=\"_blank\" rel=\"noopener\">une newsletter tous les matins<\/a>.<\/p>\n<\/blockquote>\n","protected":false},"excerpt":{"rendered":"Le calendrier de sortie de l\u2019iPhone 17, nouvelle mouture des c\u00e9l\u00e8bres smartphones estampill\u00e9s Apple, a peut-\u00eatre \u00e9t\u00e9 confirm\u00e9&hellip;\n","protected":false},"author":2,"featured_media":299628,"comment_status":"","ping_status":"","sticky":false,"template":"","format":"standard","meta":{"footnotes":""},"categories":[7],"tags":[733,1011,27,655,6886,43,40,41,39,42,44],"class_list":{"0":"post-299627","1":"post","2":"type-post","3":"status-publish","4":"format-standard","5":"has-post-thumbnail","7":"category-sciences-et-technologies","8":"tag-apple","9":"tag-fr","10":"tag-france","11":"tag-iphone","12":"tag-keynote","13":"tag-science","14":"tag-science-and-technology","15":"tag-sciences","16":"tag-sciences-et-technologies","17":"tag-technologies","18":"tag-technology"},"share_on_mastodon":{"url":"https:\/\/pubeurope.com\/@fr\/114980086505134818","error":""},"_links":{"self":[{"href":"https:\/\/www.europesays.com\/fr\/wp-json\/wp\/v2\/posts\/299627","targetHints":{"allow":["GET"]}}],"collection":[{"href":"https:\/\/www.europesays.com\/fr\/wp-json\/wp\/v2\/posts"}],"about":[{"href":"https:\/\/www.europesays.com\/fr\/wp-json\/wp\/v2\/types\/post"}],"author":[{"embeddable":true,"href":"https:\/\/www.europesays.com\/fr\/wp-json\/wp\/v2\/users\/2"}],"replies":[{"embeddable":true,"href":"https:\/\/www.europesays.com\/fr\/wp-json\/wp\/v2\/comments?post=299627"}],"version-history":[{"count":0,"href":"https:\/\/www.europesays.com\/fr\/wp-json\/wp\/v2\/posts\/299627\/revisions"}],"wp:featuredmedia":[{"embeddable":true,"href":"https:\/\/www.europesays.com\/fr\/wp-json\/wp\/v2\/media\/299628"}],"wp:attachment":[{"href":"https:\/\/www.europesays.com\/fr\/wp-json\/wp\/v2\/media?parent=299627"}],"wp:term":[{"taxonomy":"category","embeddable":true,"href":"https:\/\/www.europesays.com\/fr\/wp-json\/wp\/v2\/categories?post=299627"},{"taxonomy":"post_tag","embeddable":true,"href":"https:\/\/www.europesays.com\/fr\/wp-json\/wp\/v2\/tags?post=299627"}],"curies":[{"name":"wp","href":"https:\/\/api.w.org\/{rel}","templated":true}]}}