{"id":299636,"date":"2025-08-06T05:11:11","date_gmt":"2025-08-06T05:11:11","guid":{"rendered":"https:\/\/www.europesays.com\/fr\/299636\/"},"modified":"2025-08-06T05:11:11","modified_gmt":"2025-08-06T05:11:11","slug":"firminy-la-reouverture-de-la-piscine-wogenscky-etait-attendue-avec-impatience-par-les-nageurs","status":"publish","type":"post","link":"https:\/\/www.europesays.com\/fr\/299636\/","title":{"rendered":"Firminy. La r\u00e9ouverture de la piscine Wogenscky \u00e9tait attendue avec impatience par les nageurs"},"content":{"rendered":"<p>Devant la piscine Wogenscky, Marc attend \u00e0 l\u2019ombre. Il est venu d\u00e8s l\u2019ouverture, \u00e0 11\u00a0h\u00a030 ce 5\u00a0ao\u00fbt, profiter des bassins\u00a0: \u00ab\u00a0\u00c7a faisait des mois qu\u2019elle \u00e9tait ferm\u00e9e alors, j&rsquo;attends cette ouverture avec impatience. J\u2019en suis tr\u00e8s content car, je nage une \u00e0 deux fois par semaine et je devais aller \u00e0 celle de Monistrol-sur-Loire ou du Chambon-Feugerolles. Mais il y avait plus de monde, c\u2019est plus loin et plus cher.\u00a0\u00bb<\/p>\n<p>Pour Pascale, c\u2019est un plaisir de retrouver la piscine appelouse\u00a0: \u00ab\u00a0Je l\u2019utilisais tous les jours pour marcher dans l\u2019eau et lutter contre la douleur de&#8230;<\/p>\n","protected":false},"excerpt":{"rendered":"Devant la piscine Wogenscky, Marc attend \u00e0 l\u2019ombre. Il est venu d\u00e8s l\u2019ouverture, \u00e0 11\u00a0h\u00a030 ce 5\u00a0ao\u00fbt, profiter&hellip;\n","protected":false},"author":2,"featured_media":299637,"comment_status":"","ping_status":"","sticky":false,"template":"","format":"standard","meta":{"footnotes":""},"categories":[9653],"tags":[1111,11,2430,1687,7539,1777,674,10282,10283,1011,27,12,316,25,4001],"class_list":{"0":"post-299636","1":"post","2":"type-post","3":"status-publish","4":"format-standard","5":"has-post-thumbnail","7":"category-saint-etienne","8":"tag-actu","9":"tag-actualites","10":"tag-auvergne-rhone-alpes","11":"tag-culture-loisirs","12":"tag-edition-loire-sud","13":"tag-eu","14":"tag-europe","15":"tag-firminy","16":"tag-firminy-ville","17":"tag-fr","18":"tag-france","19":"tag-news","20":"tag-politique","21":"tag-republique-francaise","22":"tag-saint-etienne"},"share_on_mastodon":{"url":"https:\/\/pubeurope.com\/@fr\/114980106029483362","error":""},"_links":{"self":[{"href":"https:\/\/www.europesays.com\/fr\/wp-json\/wp\/v2\/posts\/299636","targetHints":{"allow":["GET"]}}],"collection":[{"href":"https:\/\/www.europesays.com\/fr\/wp-json\/wp\/v2\/posts"}],"about":[{"href":"https:\/\/www.europesays.com\/fr\/wp-json\/wp\/v2\/types\/post"}],"author":[{"embeddable":true,"href":"https:\/\/www.europesays.com\/fr\/wp-json\/wp\/v2\/users\/2"}],"replies":[{"embeddable":true,"href":"https:\/\/www.europesays.com\/fr\/wp-json\/wp\/v2\/comments?post=299636"}],"version-history":[{"count":0,"href":"https:\/\/www.europesays.com\/fr\/wp-json\/wp\/v2\/posts\/299636\/revisions"}],"wp:featuredmedia":[{"embeddable":true,"href":"https:\/\/www.europesays.com\/fr\/wp-json\/wp\/v2\/media\/299637"}],"wp:attachment":[{"href":"https:\/\/www.europesays.com\/fr\/wp-json\/wp\/v2\/media?parent=299636"}],"wp:term":[{"taxonomy":"category","embeddable":true,"href":"https:\/\/www.europesays.com\/fr\/wp-json\/wp\/v2\/categories?post=299636"},{"taxonomy":"post_tag","embeddable":true,"href":"https:\/\/www.europesays.com\/fr\/wp-json\/wp\/v2\/tags?post=299636"}],"curies":[{"name":"wp","href":"https:\/\/api.w.org\/{rel}","templated":true}]}}