{"id":299638,"date":"2025-08-06T05:12:09","date_gmt":"2025-08-06T05:12:09","guid":{"rendered":"https:\/\/www.europesays.com\/fr\/299638\/"},"modified":"2025-08-06T05:12:09","modified_gmt":"2025-08-06T05:12:09","slug":"a-saint-etienne-la-thillaye-lartiste-peintre-florence-lepoutre-investit-leglise","status":"publish","type":"post","link":"https:\/\/www.europesays.com\/fr\/299638\/","title":{"rendered":"\u00c0 Saint-\u00c9tienne-la-Thillaye, l&rsquo;artiste peintre Florence Lepoutre investit l&rsquo;\u00e9glise"},"content":{"rendered":"<p>            Par<br \/>\n        <strong><br \/>\n            <a href=\"https:\/\/actu.fr\/auteur\/redaction-pa\" title=\"Consulter tous les articles de R\u00e9daction Le Pays d&#039;Auge\" target=\"_blank\" rel=\"noopener\">R\u00e9daction Le Pays d&rsquo;Auge<\/a><br \/>\n        <\/strong><\/p>\n<p>        Publi\u00e9 le<\/p>\n<p>            6 ao\u00fbt 2025 \u00e0 6h30        <\/p>\n<p>En accord avec Bruno Vay, maire de la commune et de son \u00e9quipe municipale, l\u2019association <b>Musiques et Patrimoine \u00e0 Saint-\u00c9tienne-la-Thillaye<\/b> (Calvados) propose de d\u00e9couvrir <b>une exposition au sein de l\u2019\u00e9glise, qui sera ouverte au public du 4 au 16 ao\u00fbt<\/b> 2025 de mani\u00e8re exceptionnelle.<\/p>\n<p class=\" wall-content\">On pourra y voir des \u0153uvres de <b>l\u2019artiste pont\u00e9piscopienne Florence Lepoutre<\/b> \u00ab dont le talent est reconnu au-del\u00e0 des fronti\u00e8res du pays d\u2019Auge \u00bb, salue Jean-Olivier Gires, le pr\u00e9sident de l\u2019association. <b>Trois chemins de croix et leurs quatorze stations<\/b> r\u00e9alis\u00e9es par l\u2019artiste seront expos\u00e9s. Si le th\u00e8me sied bien au lieu, les \u0153uvres l\u2019investissent opportun\u00e9ment en faisant le tour de l\u2019\u00e9difice.<\/p>\n<p class=\" wall-content\">\u00ab Je suis tr\u00e8s heureuse d\u2019exposer ces chemins de croix dans une \u00e9glise, commente l\u2019artiste. \u00c7a a du sens. Le premier, au centre de l\u2019\u00e9glise, a \u00e9t\u00e9 peint il y a dix-huit ans. Le deuxi\u00e8me, \u00e0 gauche, est trait\u00e9 de mani\u00e8re plus classique. Le troisi\u00e8me, le plus r\u00e9cent est \u00e0 dominante rouge mais reprend les couleurs des vitraux. \u00bb<\/p>\n<p>L\u2019artiste pr\u00e9sente les 9 et 16 ao\u00fbt<\/p>\n<p class=\" wall-content\"><b>Florence Lepoutre sera pr\u00e9sente les 9 et 16\u00a0ao\u00fbt<\/b> et propose de faire des croquis aquarell\u00e9s des silhouettes des enfants qui seront pr\u00e9sents dans l\u2019\u00e9glise. Ces esquisses seront mises en vente afin de r\u00e9colter des fonds pour les travaux de l\u2019\u00e9glise.<\/p>\n<p class=\" wall-content\">\u00ab L\u2019association Musiques et Patrimoine \u00e0 Saint-Etienne la Thillaye (MUPA) remplace une association cr\u00e9\u00e9e en 2010 qui avait pour objet la pr\u00e9servation de l\u2019\u00e9glise st\u00e9phanoise, mais qui a \u00e9t\u00e9 dissoute en 2019 \u00bb, explique son pr\u00e9sident.<\/p>\n<p>Vid\u00e9os : en ce moment sur Actu<\/p>\n<p class=\" wall-content\">Son objet est \u00ab d\u2019<b>organiser des \u00e9v\u00e9nements culturels, et notamment musicaux, afin de r\u00e9colter des fonds<\/b> dans le but de pr\u00e9server le patrimoine b\u00e2ti et naturel de la commune \u00bb, poursuit-il. L\u2019association a d\u2019ores et d\u00e9j\u00e0 assur\u00e9 la r\u00e9habilitation de chemins ruraux jusque-l\u00e0 \u00e0 l\u2019abandon. Mais son action prioritaire est un dossier plus urgent, s\u2019agissant de la sauvegarde de l\u2019\u00e9glise et des travaux qu\u2019elle n\u00e9cessite.<\/p>\n<p>Chaque jour, de 14 h \u00e0 18 h, jusqu\u2019au 16 ao\u00fbt. Entr\u00e9e libre.<\/p>\n<p class=\" wall-content\">Suivez toute l\u2019actualit\u00e9 de vos villes et m\u00e9dias favoris en vous inscrivant \u00e0 <a href=\"https:\/\/moncompte.actu.fr\" title=\"D\u00e9couvez Mon Actu\" rel=\"nofollow noopener\" data-trk=\"{&quot;cta&quot;:{&quot;action&quot;:&quot;https:\\\/\\\/moncompte.actu.fr&quot;,&quot;category&quot;:&quot;mon compte&quot;,&quot;from&quot;:&quot;article footer&quot;,&quot;name&quot;:&quot;Mon actu&quot;,&quot;type&quot;:&quot;cta&quot;}}\" target=\"_blank\">Mon Actu<\/a>.<\/p>\n","protected":false},"excerpt":{"rendered":"Par R\u00e9daction Le Pays d&rsquo;Auge Publi\u00e9 le 6 ao\u00fbt 2025 \u00e0 6h30 En accord avec Bruno Vay, maire&hellip;\n","protected":false},"author":2,"featured_media":299639,"comment_status":"","ping_status":"","sticky":false,"template":"","format":"standard","meta":{"footnotes":""},"categories":[9653],"tags":[1111,11,2430,1777,674,1011,27,1652,12,2551,22922,25,4001],"class_list":{"0":"post-299638","1":"post","2":"type-post","3":"status-publish","4":"format-standard","5":"has-post-thumbnail","7":"category-saint-etienne","8":"tag-actu","9":"tag-actualites","10":"tag-auvergne-rhone-alpes","11":"tag-eu","12":"tag-europe","13":"tag-fr","14":"tag-france","15":"tag-loisirs-culture","16":"tag-news","17":"tag-patrimoine","18":"tag-pays-dauge","19":"tag-republique-francaise","20":"tag-saint-etienne"},"share_on_mastodon":{"url":"https:\/\/pubeurope.com\/@fr\/114980110095307320","error":""},"_links":{"self":[{"href":"https:\/\/www.europesays.com\/fr\/wp-json\/wp\/v2\/posts\/299638","targetHints":{"allow":["GET"]}}],"collection":[{"href":"https:\/\/www.europesays.com\/fr\/wp-json\/wp\/v2\/posts"}],"about":[{"href":"https:\/\/www.europesays.com\/fr\/wp-json\/wp\/v2\/types\/post"}],"author":[{"embeddable":true,"href":"https:\/\/www.europesays.com\/fr\/wp-json\/wp\/v2\/users\/2"}],"replies":[{"embeddable":true,"href":"https:\/\/www.europesays.com\/fr\/wp-json\/wp\/v2\/comments?post=299638"}],"version-history":[{"count":0,"href":"https:\/\/www.europesays.com\/fr\/wp-json\/wp\/v2\/posts\/299638\/revisions"}],"wp:featuredmedia":[{"embeddable":true,"href":"https:\/\/www.europesays.com\/fr\/wp-json\/wp\/v2\/media\/299639"}],"wp:attachment":[{"href":"https:\/\/www.europesays.com\/fr\/wp-json\/wp\/v2\/media?parent=299638"}],"wp:term":[{"taxonomy":"category","embeddable":true,"href":"https:\/\/www.europesays.com\/fr\/wp-json\/wp\/v2\/categories?post=299638"},{"taxonomy":"post_tag","embeddable":true,"href":"https:\/\/www.europesays.com\/fr\/wp-json\/wp\/v2\/tags?post=299638"}],"curies":[{"name":"wp","href":"https:\/\/api.w.org\/{rel}","templated":true}]}}