{"id":299651,"date":"2025-08-06T05:22:11","date_gmt":"2025-08-06T05:22:11","guid":{"rendered":"https:\/\/www.europesays.com\/fr\/299651\/"},"modified":"2025-08-06T05:22:11","modified_gmt":"2025-08-06T05:22:11","slug":"un-couple-est-venu-tous-les-vendredis-pendant-30-ans","status":"publish","type":"post","link":"https:\/\/www.europesays.com\/fr\/299651\/","title":{"rendered":"\u00ab\u00a0Un couple est venu tous les vendredis pendant 30 ans \u00bb"},"content":{"rendered":"<p>            Par<br \/>\n        <strong><br \/>\n            <a href=\"https:\/\/actu.fr\/auteur\/yann-rivallan\" title=\"Consulter tous les articles de Yann Rivallan\" rel=\"nofollow noopener\" target=\"_blank\">Yann Rivallan<\/a><br \/>\n        <\/strong><\/p>\n<p>        Publi\u00e9 le<\/p>\n<p>            6 ao\u00fbt 2025 \u00e0 7h19        <\/p>\n<p><strong>Encore une institution qui ferme<\/strong> dans l\u2019hypercentre de <a href=\"https:\/\/actu.fr\/normandie\/rouen_76540\" rel=\"nofollow noopener\" target=\"_blank\">Rouen<\/a>. <strong>Apr\u00e8s 30 ans de bons et loyaux services<\/strong>, les deux fr\u00e8res Fabrice et Emmanuel Guidez ont d\u00e9cid\u00e9 de fermer, le 31 juillet 2025, leur restaurant, bien connu des amateurs de cuisine antillaise.<\/p>\n<p>Ils d\u00e9couvrent la cuisine cr\u00e9ole en Martinique<\/p>\n<p class=\" wall-content\">Tous deux originaires de Rouen, c\u2019est <strong>en Martinique<\/strong> qu\u2019ils ont d\u00e9couvert la cuisine antillaise. Ils ont rejoint leur m\u00e8re sur l\u2019\u00eele des Cara\u00efbes dans les ann\u00e9es 90 et y sont rest\u00e9s six ans. L\u00e0-bas, Fabrice et Emmanuel sont tomb\u00e9s amoureux de la gastronomie locale.<\/p>\n<blockquote class=\"ac-article-quote wall-content\">\n<p>Ce qui est bien avec la cuisine cr\u00e9ole, c&rsquo;est qu&rsquo;elle est tr\u00e8s vari\u00e9e et qu&rsquo;on peut faire de belles choses si on la ma\u00eetrise.<\/p>\n<p>    <strong>Fabrice Guidez<\/strong><br \/>\n        Co-g\u00e9rant du Bakoua    <\/p><\/blockquote>\n<p class=\" wall-content\">Les deux fr\u00e8res l\u2019ont apprivois\u00e9 au sein du restaurant de leur m\u00e8re. Et puis, ils ont d\u00e9cid\u00e9 de <strong>revenir en m\u00e9tropole<\/strong>, \u00e0 Rouen, et de se lancer \u00e0 deux dans la restauration. Fabrice en salle et Emmanuel en cuisine.<\/p>\n<p class=\" wall-content\">Un premier Bakoua est n\u00e9, sur <strong>la place Henri-IV<\/strong>, en 1995. Les deux fr\u00e8res y sont rest\u00e9s 13\u00a0ans, avant de d\u00e9m\u00e9nager \u00e0 quelques centaines de m\u00e8tres, dans la rue du Vieux-Palais.<\/p>\n<p>30\u00a0ans de restauration \u00e0 Rouen<\/p>\n<p class=\" wall-content\">Ce nouveau restaurant \u2014 il a gard\u00e9 le nom Le Bakoua \u2014, ils y resteront 18\u00a0ans. Et \u00e0 l\u2019aube de cet anniversaire, les deux fr\u00e8res ont d\u00e9cid\u00e9 d\u2019arr\u00eater. \u00c0 63\u00a0ans, Fabrice compte prendre <strong>une retraite bien m\u00e9rit\u00e9e<\/strong>. Emmanuel, 57\u00a0ans, a pr\u00e9f\u00e9r\u00e9 quitter la restauration avant de prendre sa retraite dans quelques ann\u00e9es.<\/p>\n<p>    <img   decoding=\"async\" loading=\"lazy\" src=\"https:\/\/www.europesays.com\/fr\/wp-content\/uploads\/2025\/08\/bakoua-restaurant-illustration-rouen-960x640.jpg\" alt=\"Le Bakoua dans la rue du Vieux-Palais \u00e0 Rouen. Une institution de la cuisine cr\u00e9ole qui accueillait 38 couverts en int\u00e9rieur et 20 en terrasses. \" width=\"960\" height=\"640\"\/><br \/>\n    Le Bakoua dans la rue du Vieux-Palais \u00e0 Rouen. Une institution de la cuisine cr\u00e9ole qui accueillait 38 couverts en int\u00e9rieur et 20 en terrasse. (\u00a9Document transmis)<\/p>\n<p class=\" wall-content\">De cette aventure de presque 31\u00a0ans, les \u00ab\u2009fr\u00e8res Bakoua\u2009\u00bb, comme certains clients les surnomment, gardent un excellent souvenir. \u00ab\u2009Une ambiance familiale\u2009\u00bb, pense Fabrice, mais aussi une client\u00e8le d\u2019habitu\u00e9s qui est rest\u00e9e fid\u00e8le pendant trois d\u00e9cennies.<\/p>\n<blockquote class=\"ac-article-quote wall-content\">\n<p>Il y a un couple qui est venu tous les vendredis pendant 30 ans. C&rsquo;\u00e9tait leur sortie.<\/p>\n<p>    <strong>Fabrice Guidez<\/strong><br \/>\n        Co-g\u00e9rant du Bakoua    <\/p><\/blockquote>\n<p class=\" wall-content\">Et aussi quelques souvenirs m\u00e9morables comme cette fois, il y a quatre ou cinq ans, o\u00f9 <strong>Teddy Riner<\/strong> et l\u2019\u00e9quipe de France de judo ont pass\u00e9 la porte de leur restaurant apr\u00e8s une comp\u00e9tition \u00e0 Rouen.<\/p>\n<p>Un restaurant vietnamien va prendre sa place<\/p>\n<p class=\" wall-content\">C\u2019est donc une belle aventure qui se conclut pour les deux fr\u00e8res. Mais aussi une nouvelle qui commence pour cet \u00e9tablissement de la rue du Vieux-Palais. Car Fabrice et Emmanuel ont revendu leur commerce.<\/p>\n<p class=\" wall-content\">Bient\u00f4t, c\u2019est un <strong>restaurant de sp\u00e9cialit\u00e9s vietnamiennes<\/strong> qui s\u2019installera en lieu et place du Bakoua. De quoi continuer de ravir les papilles dans cette art\u00e8re commer\u00e7ante de Rouen.<\/p>\n<p>Suivez l\u2019actualit\u00e9 de Rouen sur <a href=\"https:\/\/www.whatsapp.com\/channel\/0029VaKfnf99hXF2ddApFB1D\" rel=\"nofollow noopener\" target=\"_blank\">notre cha\u00eene WhatsApp<\/a> et sur <a href=\"https:\/\/www.tiktok.com\/@76actu.fr?lang=fr\" rel=\"nofollow noopener\" target=\"_blank\">notre compte TikTok<\/a><\/p>\n<p class=\" wall-content\">Suivez toute l\u2019actualit\u00e9 de vos villes et m\u00e9dias favoris en vous inscrivant \u00e0 <a href=\"https:\/\/moncompte.actu.fr\" title=\"D\u00e9couvez Mon Actu\" rel=\"nofollow noopener\" data-trk=\"{&quot;cta&quot;:{&quot;action&quot;:&quot;https:\\\/\\\/moncompte.actu.fr&quot;,&quot;category&quot;:&quot;mon compte&quot;,&quot;from&quot;:&quot;article footer&quot;,&quot;name&quot;:&quot;Mon actu&quot;,&quot;type&quot;:&quot;cta&quot;}}\" target=\"_blank\">Mon Actu<\/a>.<\/p>\n<p>                    <script async src=\"\/\/www.tiktok.com\/embed.js\"><\/script><\/p>\n","protected":false},"excerpt":{"rendered":"Par Yann Rivallan Publi\u00e9 le 6 ao\u00fbt 2025 \u00e0 7h19 Encore une institution qui ferme dans l\u2019hypercentre de&hellip;\n","protected":false},"author":2,"featured_media":299652,"comment_status":"","ping_status":"","sticky":false,"template":"","format":"standard","meta":{"footnotes":""},"categories":[9587],"tags":[1111,11,215,1777,674,1011,27,1661,1652,12,5161,25,137,9590],"class_list":{"0":"post-299651","1":"post","2":"type-post","3":"status-publish","4":"format-standard","5":"has-post-thumbnail","7":"category-rouen","8":"tag-actu","9":"tag-actualites","10":"tag-commerce","11":"tag-eu","12":"tag-europe","13":"tag-fr","14":"tag-france","15":"tag-gastronomie","16":"tag-loisirs-culture","17":"tag-news","18":"tag-normandie","19":"tag-republique-francaise","20":"tag-retraite","21":"tag-rouen"},"share_on_mastodon":{"url":"https:\/\/pubeurope.com\/@fr\/114980149206681148","error":""},"_links":{"self":[{"href":"https:\/\/www.europesays.com\/fr\/wp-json\/wp\/v2\/posts\/299651","targetHints":{"allow":["GET"]}}],"collection":[{"href":"https:\/\/www.europesays.com\/fr\/wp-json\/wp\/v2\/posts"}],"about":[{"href":"https:\/\/www.europesays.com\/fr\/wp-json\/wp\/v2\/types\/post"}],"author":[{"embeddable":true,"href":"https:\/\/www.europesays.com\/fr\/wp-json\/wp\/v2\/users\/2"}],"replies":[{"embeddable":true,"href":"https:\/\/www.europesays.com\/fr\/wp-json\/wp\/v2\/comments?post=299651"}],"version-history":[{"count":0,"href":"https:\/\/www.europesays.com\/fr\/wp-json\/wp\/v2\/posts\/299651\/revisions"}],"wp:featuredmedia":[{"embeddable":true,"href":"https:\/\/www.europesays.com\/fr\/wp-json\/wp\/v2\/media\/299652"}],"wp:attachment":[{"href":"https:\/\/www.europesays.com\/fr\/wp-json\/wp\/v2\/media?parent=299651"}],"wp:term":[{"taxonomy":"category","embeddable":true,"href":"https:\/\/www.europesays.com\/fr\/wp-json\/wp\/v2\/categories?post=299651"},{"taxonomy":"post_tag","embeddable":true,"href":"https:\/\/www.europesays.com\/fr\/wp-json\/wp\/v2\/tags?post=299651"}],"curies":[{"name":"wp","href":"https:\/\/api.w.org\/{rel}","templated":true}]}}