{"id":299654,"date":"2025-08-06T05:25:13","date_gmt":"2025-08-06T05:25:13","guid":{"rendered":"https:\/\/www.europesays.com\/fr\/299654\/"},"modified":"2025-08-06T05:25:13","modified_gmt":"2025-08-06T05:25:13","slug":"ou-sont-les-hotels-haut-de-gamme-a-rennes-et-ses-alentours","status":"publish","type":"post","link":"https:\/\/www.europesays.com\/fr\/299654\/","title":{"rendered":"O\u00f9 sont les h\u00f4tels haut de gamme \u00e0 Rennes et ses alentours\u00a0?"},"content":{"rendered":"<p>Le pays de Rennes compte 14 h\u00f4tels haut de gamme, dont deux 5 \u00e9toiles. Dans le d\u00e9tail, on y recense 732 chambres dans Rennes intra-muros et 327 dans ses environs. Soit un total de 1 059 chambres, dont 72 grand luxe (5 \u00e9toiles) d\u2019apr\u00e8s l\u2019Insee1.<\/p>\n<p>Selon des donn\u00e9es officielles publi\u00e9es en 2017, Rennes m\u00e9tropole comptait 819 chambres dans le segment haut-de-gamme. Depuis la mise en place de la ligne \u00e0 grande vitesse (LGV), l\u2019offre haut de gamme a donc augment\u00e9 de pr\u00e8s de 30 %. Particuli\u00e8rement dans l\u2019hyper centre et \u00e0 proximit\u00e9 de la gare. Ce secteur compte \u00e0 lui seul 633 chambres de gamme sup\u00e9rieure, soit 60 % de l\u2019ensemble de l\u2018offre du territoire.<\/p>\n<p>Nous avons choisi de comparer Rennes avec ses voisines, mais aussi avec Grenoble juste derri\u00e8re la capitale bretonne en termes de d\u00e9mographie m\u00e9tropolitaine (452 707 habitants, contre 467 858 \u00e0 Rennes). Rennes se distingue par un nombre l\u00e9g\u00e8rement inf\u00e9rieur de chambres par habitant, derri\u00e8re ses voisines bretonnes. Mais elle compte quatre fois plus d\u2018offres 5 \u00e9toiles que Nantes. Et davantage de chambres haut de gamme par habitant, par rapport \u00e0 Caen, pourtant situ\u00e9e \u00e0 proximit\u00e9 imm\u00e9diate des plages normandes.<\/p>\n<p class=\"note\">1 L\u2019essentiel des donn\u00e9es de cette page sont issues de l\u2019Insee pour l\u2019ann\u00e9e 2024. Pour Rennes, afin d\u2019affiner les donn\u00e9es, nous avons consult\u00e9 directement les sites des h\u00f4tels, susceptibles d\u2019ajuster r\u00e9guli\u00e8rement leur nombre de chambres. D\u2019o\u00f9 un l\u00e9ger d\u00e9calage entre notre comptage et les donn\u00e9es Insee.<\/p>\n","protected":false},"excerpt":{"rendered":"Le pays de Rennes compte 14 h\u00f4tels haut de gamme, dont deux 5 \u00e9toiles. Dans le d\u00e9tail, on&hellip;\n","protected":false},"author":2,"featured_media":299655,"comment_status":"","ping_status":"","sticky":false,"template":"","format":"standard","meta":{"footnotes":""},"categories":[2821],"tags":[1111,11,829,1777,674,1011,27,848,12,584,25],"class_list":{"0":"post-299654","1":"post","2":"type-post","3":"status-publish","4":"format-standard","5":"has-post-thumbnail","7":"category-rennes","8":"tag-actu","9":"tag-actualites","10":"tag-bretagne","11":"tag-eu","12":"tag-europe","13":"tag-fr","14":"tag-france","15":"tag-ille-et-vilaine","16":"tag-news","17":"tag-rennes","18":"tag-republique-francaise"},"share_on_mastodon":{"url":"https:\/\/pubeurope.com\/@fr\/114980161128113006","error":""},"_links":{"self":[{"href":"https:\/\/www.europesays.com\/fr\/wp-json\/wp\/v2\/posts\/299654","targetHints":{"allow":["GET"]}}],"collection":[{"href":"https:\/\/www.europesays.com\/fr\/wp-json\/wp\/v2\/posts"}],"about":[{"href":"https:\/\/www.europesays.com\/fr\/wp-json\/wp\/v2\/types\/post"}],"author":[{"embeddable":true,"href":"https:\/\/www.europesays.com\/fr\/wp-json\/wp\/v2\/users\/2"}],"replies":[{"embeddable":true,"href":"https:\/\/www.europesays.com\/fr\/wp-json\/wp\/v2\/comments?post=299654"}],"version-history":[{"count":0,"href":"https:\/\/www.europesays.com\/fr\/wp-json\/wp\/v2\/posts\/299654\/revisions"}],"wp:featuredmedia":[{"embeddable":true,"href":"https:\/\/www.europesays.com\/fr\/wp-json\/wp\/v2\/media\/299655"}],"wp:attachment":[{"href":"https:\/\/www.europesays.com\/fr\/wp-json\/wp\/v2\/media?parent=299654"}],"wp:term":[{"taxonomy":"category","embeddable":true,"href":"https:\/\/www.europesays.com\/fr\/wp-json\/wp\/v2\/categories?post=299654"},{"taxonomy":"post_tag","embeddable":true,"href":"https:\/\/www.europesays.com\/fr\/wp-json\/wp\/v2\/tags?post=299654"}],"curies":[{"name":"wp","href":"https:\/\/api.w.org\/{rel}","templated":true}]}}