{"id":299659,"date":"2025-08-06T05:28:12","date_gmt":"2025-08-06T05:28:12","guid":{"rendered":"https:\/\/www.europesays.com\/fr\/299659\/"},"modified":"2025-08-06T05:28:12","modified_gmt":"2025-08-06T05:28:12","slug":"strasbourg-un-premier-plongeon-dans-lill-en-2026-letude-sur-la-baignade-naturelle-bientot-bouclee","status":"publish","type":"post","link":"https:\/\/www.europesays.com\/fr\/299659\/","title":{"rendered":"Strasbourg. Un premier plongeon dans l&rsquo;Ill en 2026 ? L\u2019\u00e9tude sur la baignade naturelle bient\u00f4t boucl\u00e9e"},"content":{"rendered":"<p>Apr\u00e8s la Seine, le plongeon dans l\u2019Ill\u00a0? C\u2019est ce qui pourrait se dessiner en 2026 si tous les voyants sont au vert, indique la mairie. Le dossier s\u2019est r\u00e9invit\u00e9 dans la campagne des municipales r\u00e9cemment, l\u2019ancien adjoint socialiste Paul Meyer, et son mouvement R\u00e9concilier Strasbourg, <a href=\"https:\/\/www.dna.fr\/elections\/2025\/07\/11\/baignade-dans-l-ill-plan-ombre-reconcilier-strasbourg-detaille-son-programme-pour-rafraichir-la-ville\" target=\"_blank\" rel=\"noopener\">ayant critiqu\u00e9 l\u2019abandon du projet par la municipalit\u00e9<\/a>. \u00ab\u00a0Le projet n\u2019est pas abandonn\u00e9, peut-\u00eatre qu\u2019un ancien \u00e9lu qui n\u2019est plus en fonction n\u2019est pas au courant de tous les dossiers en cours\u2026\u00a0\u00bb, rectifie Pierre Ozenne, adjoint en charge des espaces publics. <\/p>\n<p>D\u00e8s 2021, la nouvelle \u00e9quipe \u00e9cologiste avait assur\u00e9 de sa volont\u00e9 de porter le dossier ouvert sous le mandat de Roland Ries. Mais quatre ans plus tard, le dossier patauge encore.<\/p>\n<p>\u00c9valuer les sites favorables, les risques de pollution&#8230;<\/p>\n<p>Pour expliquer de tels d\u00e9lais, la&#8230;<\/p>\n","protected":false},"excerpt":{"rendered":"Apr\u00e8s la Seine, le plongeon dans l\u2019Ill\u00a0? C\u2019est ce qui pourrait se dessiner en 2026 si tous les&hellip;\n","protected":false},"author":2,"featured_media":299660,"comment_status":"","ping_status":"","sticky":false,"template":"","format":"standard","meta":{"footnotes":""},"categories":[2820],"tags":[1111,11,2649,1687,2880,27337,1777,674,107,1011,27,775,12,25,640],"class_list":{"0":"post-299659","1":"post","2":"type-post","3":"status-publish","4":"format-standard","5":"has-post-thumbnail","7":"category-strasbourg","8":"tag-actu","9":"tag-actualites","10":"tag-bas-rhin","11":"tag-culture-loisirs","12":"tag-edition-strasbourg","13":"tag-estivales","14":"tag-eu","15":"tag-europe","16":"tag-fil-info","17":"tag-fr","18":"tag-france","19":"tag-grand-est","20":"tag-news","21":"tag-republique-francaise","22":"tag-strasbourg"},"share_on_mastodon":{"url":"https:\/\/pubeurope.com\/@fr\/114980172841148378","error":""},"_links":{"self":[{"href":"https:\/\/www.europesays.com\/fr\/wp-json\/wp\/v2\/posts\/299659","targetHints":{"allow":["GET"]}}],"collection":[{"href":"https:\/\/www.europesays.com\/fr\/wp-json\/wp\/v2\/posts"}],"about":[{"href":"https:\/\/www.europesays.com\/fr\/wp-json\/wp\/v2\/types\/post"}],"author":[{"embeddable":true,"href":"https:\/\/www.europesays.com\/fr\/wp-json\/wp\/v2\/users\/2"}],"replies":[{"embeddable":true,"href":"https:\/\/www.europesays.com\/fr\/wp-json\/wp\/v2\/comments?post=299659"}],"version-history":[{"count":0,"href":"https:\/\/www.europesays.com\/fr\/wp-json\/wp\/v2\/posts\/299659\/revisions"}],"wp:featuredmedia":[{"embeddable":true,"href":"https:\/\/www.europesays.com\/fr\/wp-json\/wp\/v2\/media\/299660"}],"wp:attachment":[{"href":"https:\/\/www.europesays.com\/fr\/wp-json\/wp\/v2\/media?parent=299659"}],"wp:term":[{"taxonomy":"category","embeddable":true,"href":"https:\/\/www.europesays.com\/fr\/wp-json\/wp\/v2\/categories?post=299659"},{"taxonomy":"post_tag","embeddable":true,"href":"https:\/\/www.europesays.com\/fr\/wp-json\/wp\/v2\/tags?post=299659"}],"curies":[{"name":"wp","href":"https:\/\/api.w.org\/{rel}","templated":true}]}}