{"id":299672,"date":"2025-08-06T05:35:13","date_gmt":"2025-08-06T05:35:13","guid":{"rendered":"https:\/\/www.europesays.com\/fr\/299672\/"},"modified":"2025-08-06T05:35:13","modified_gmt":"2025-08-06T05:35:13","slug":"sur-cet-axe-tres-frequente-de-toulouse-les-travaux-sement-la-discorde-entre-les-voitures-et-les-cyclistes","status":"publish","type":"post","link":"https:\/\/www.europesays.com\/fr\/299672\/","title":{"rendered":"Sur cet axe tr\u00e8s fr\u00e9quent\u00e9 de Toulouse, les travaux s\u00e8ment la discorde entre les voitures et les cyclistes"},"content":{"rendered":"<p>            Par<br \/>\n        <strong><br \/>\n            <a href=\"https:\/\/actu.fr\/auteur\/enzo-legros\" title=\"Consulter tous les articles de Enzo Legros\" target=\"_blank\" rel=\"noopener\">Enzo Legros<\/a><br \/>\n        <\/strong><\/p>\n<p>        Publi\u00e9 le<\/p>\n<p>            6 ao\u00fbt 2025 \u00e0 7h12        <\/p>\n<p>Depuis le d\u00e9but de l\u2019\u00e9t\u00e9 2025, circuler dans le secteur de l\u2019arr\u00eat de m\u00e9tro \u00ab\u00a0Roseraie\u00a0\u00bb n\u2019est pas une t\u00e2che facile. Avec <a href=\"https:\/\/actu.fr\/occitanie\/toulouse_31555\/toulouse-cet-axe-routier-strategique-de-la-ville-se-transforme-voici-ce-qui-se-trame_62895523.html\" target=\"_blank\" rel=\"noopener\">le d\u00e9but des travaux du r\u00e9seau express pour les v\u00e9los (REV<\/a><a href=\"https:\/\/actu.fr\/occitanie\/toulouse_31555\/toulouse-cet-axe-routier-strategique-de-la-ville-se-transforme-voici-ce-qui-se-trame_62895523.html\" target=\"_blank\" rel=\"noopener\">)<\/a>, l\u2019arriv\u00e9e de la ligne de bus Lin\u00e9o 12 et les am\u00e9nagements en cours rue Louis Plana, la jonction <a href=\"https:\/\/actu.fr\/occitanie\/saint-alban_31467\/tout-l-ete-2025-ces-quartiers-de-toulouse-et-ces-communes-vont-etre-etroitement-surveilles-par-des-drones_62875537.html\" target=\"_blank\" rel=\"noopener\">entre les quartiers Jolimont-Soupetard<\/a> et la M112 est en plein renouvellement. Seulement pour les usagers de la route, il est parfois difficile de s\u2019y retrouver. Au croisement entre la rue Louis Plana et l\u2019avenue Yves Brunaud, les modifications temporaires sur la voirie causent m\u00eame <strong>des situations dangereuses<\/strong> qui nourrissent l\u2019incompr\u00e9hension entre les cyclistes et les automobilistes.<\/p>\n<p>Des feux tricolores \u00e0 l\u2019arr\u00eat, \u00e0 qui la priorit\u00e9\u2009?<\/p>\n<p class=\" wall-content\">En venant de la rue Louis Plana, les usagers arrivent devant l\u2019intersection avec la place de la Roseraie et\u2026 un feu tricolore \u00e9teint.<\/p>\n<p>    <img   decoding=\"async\" loading=\"lazy\" src=\"https:\/\/www.europesays.com\/fr\/wp-content\/uploads\/2025\/08\/1000047881-min-960x640.jpg\" alt=\"Un marquage temporaire a \u00e9t\u00e9 peint sur la rue Louis Plana, l\u00e0 o\u00f9 les feux tricolores ont \u00e9t\u00e9 d\u00e9sactiv\u00e9s\" width=\"960\" height=\"640\"\/><br \/>\n    Un marquage temporaire a \u00e9t\u00e9 peint sur la rue Louis Plana, l\u00e0 o\u00f9 les feux tricolores ont \u00e9t\u00e9 d\u00e9sactiv\u00e9s (\u00a9Enzo Legros\/Actu Toulouse)<\/p>\n<p class=\" wall-content\">Pour eux, <strong>la simple priorit\u00e9 \u00e0 droite s\u2019applique<\/strong>, au profit des arrivants de la place de la Roseraie. Mais tout le probl\u00e8me vient de la troisi\u00e8me voie reli\u00e9e \u00e0 ce croisement, l\u2019avenue Yves Brunaud. Du nord vers le sud, un feu r\u00e9gule la circulation, juste avant que les automobilistes puissent tourner vers la rue Louis Plana et poursuivre vers les Argoulets.<\/p>\n<p>    <a href=\"https:\/\/www.google.com\/maps\/embed?pb=!1m14!1m12!1m3!1d185.81331289559435!2d1.4692301620189085!3d43.619509303653764!2m3!1f0!2f0!3f0!3m2!1i1024!2i768!4f13.1!5e0!3m2!1sfr!2sfr!4v1754404495164!5m2!1sfr!2sfr\" title=\"Ouvrie le lien\" target=\"_blank\" rel=\"noopener\">Cliquez ici pour visualiser le contenu<\/a><\/p>\n<p class=\" wall-content\">Lorsque le feu passe au vert, il arrive souvent qu\u2019un cycliste ou un automobiliste s\u2019engage en m\u00eame temps depuis la rue Louis Plana. La priorit\u00e9 \u00e0 droite revient \u00e0 ces derniers, mais elle est <strong>rarement respect\u00e9e<\/strong>.<\/p>\n<p>Manque de clart\u00e9<\/p>\n<p class=\" wall-content\">Il faut dire qu\u2019il y a beaucoup d\u2019informations \u00e0 identifier sur la voirie, notamment pour les personnes en voiture qui arrivent plus vite que les v\u00e9los ou les trottinettes. Depuis la route d\u2019Agde, les conducteurs voient un feu, mais ils ne peuvent pas se douter <a href=\"https:\/\/actu.fr\/occitanie\/toulouse_31555\/toulouse-avec-la-suppression-des-feux-tricolores-ce-carrefour-est-devenu-un-enfer-pour-pietons-et-cyclistes_62821841.html\" target=\"_blank\" rel=\"noopener\">qu\u2019il est \u00e9teint<\/a>. En plus, ils doivent rester vigilants \u00e0 la travers\u00e9e des cyclistes et les passages pi\u00e9tons, peints r\u00e9cemment sur la route sous forme de marquage temporaire dans le cadre des travaux d\u2019\u00e9largissement des trottoirs pour <a href=\"https:\/\/actu.fr\/occitanie\/toulouse_31555\/veritable-transversale-cette-nouvelle-ligne-raccordera-en-lineo-des-quartiers-mal-desservis-de-toulouse_62981467.html\" target=\"_blank\" rel=\"noopener\">l\u2019arriv\u00e9e de la Lin\u00e9o 12<\/a>.<\/p>\n<p class=\" wall-content\">La limitation de vitesse a \u00e9t\u00e9 abaiss\u00e9e \u00e0 30\u00a0km\/h dans la rue Louis Plana le temps des chantiers.<\/p>\n<p>Le passage des v\u00e9los impr\u00e9cis jusqu\u2019\u00e0 l\u2019arriv\u00e9e du r\u00e9seau express<\/p>\n<p class=\" wall-content\">Cela n\u2019emp\u00eache pas les moments d\u2019incompr\u00e9hension, m\u00eame entre cyclistes. Les axes cyclables qui coupent les routes <strong>peuvent \u00eatre dangereux<\/strong>. C\u2019est tout l\u2019int\u00e9r\u00eat du futur r\u00e9seau express cyclable qui doit sortir de terre progressivement d\u2019ici \u00e0 2028. Sur le quartier de la Roseraie, qui aura la voie n\u00b06 du REV, les travaux ont d\u00e9but\u00e9 cette ann\u00e9e.<\/p>\n<p>    <img   decoding=\"async\" loading=\"lazy\" src=\"https:\/\/www.europesays.com\/fr\/wp-content\/uploads\/2025\/08\/1000047883-960x640.jpg\" alt=\"Les travaux du futur r\u00e9seau express pour les v\u00e9los avancent dans le quartier de la Roseraie.\" width=\"960\" height=\"640\"\/><br \/>\n    Les travaux du futur r\u00e9seau express pour les v\u00e9los avancent dans le quartier de la Roseraie. (\u00a9Enzo Legros\/Actu Toulouse)<\/p>\n<p class=\" wall-content\">Au total, 92 kilom\u00e8tres de pistes doivent \u00eatre cr\u00e9\u00e9s pour arriver \u00e0 un plan de 290 kilom\u00e8tres de voirie cyclable <a href=\"https:\/\/actu.fr\/tag\/toulouse-metropole\" target=\"_blank\" rel=\"noopener\">dans la m\u00e9tropole de Toulouse<\/a>.<\/p>\n<p class=\" wall-content\">Suivez toute l\u2019actualit\u00e9 de vos villes et m\u00e9dias favoris en vous inscrivant \u00e0 <a href=\"https:\/\/moncompte.actu.fr\" title=\"D\u00e9couvez Mon Actu\" rel=\"nofollow noopener\" data-trk=\"{&quot;cta&quot;:{&quot;action&quot;:&quot;https:\\\/\\\/moncompte.actu.fr&quot;,&quot;category&quot;:&quot;mon compte&quot;,&quot;from&quot;:&quot;article footer&quot;,&quot;name&quot;:&quot;Mon actu&quot;,&quot;type&quot;:&quot;cta&quot;}}\" target=\"_blank\">Mon Actu<\/a>.<\/p>\n","protected":false},"excerpt":{"rendered":"Par Enzo Legros Publi\u00e9 le 6 ao\u00fbt 2025 \u00e0 7h12 Depuis le d\u00e9but de l\u2019\u00e9t\u00e9 2025, circuler dans&hellip;\n","protected":false},"author":2,"featured_media":299673,"comment_status":"","ping_status":"","sticky":false,"template":"","format":"standard","meta":{"footnotes":""},"categories":[2816],"tags":[1111,11,3542,1777,674,1011,27,12,2680,4798,25,104,2312,2086],"class_list":{"0":"post-299672","1":"post","2":"type-post","3":"status-publish","4":"format-standard","5":"has-post-thumbnail","7":"category-toulouse","8":"tag-actu","9":"tag-actualites","10":"tag-circulation","11":"tag-eu","12":"tag-europe","13":"tag-fr","14":"tag-france","15":"tag-news","16":"tag-occitanie","17":"tag-pistes-cyclables","18":"tag-republique-francaise","19":"tag-societe","20":"tag-toulouse","21":"tag-travaux"},"share_on_mastodon":{"url":"https:\/\/pubeurope.com\/@fr\/114980200495623012","error":""},"_links":{"self":[{"href":"https:\/\/www.europesays.com\/fr\/wp-json\/wp\/v2\/posts\/299672","targetHints":{"allow":["GET"]}}],"collection":[{"href":"https:\/\/www.europesays.com\/fr\/wp-json\/wp\/v2\/posts"}],"about":[{"href":"https:\/\/www.europesays.com\/fr\/wp-json\/wp\/v2\/types\/post"}],"author":[{"embeddable":true,"href":"https:\/\/www.europesays.com\/fr\/wp-json\/wp\/v2\/users\/2"}],"replies":[{"embeddable":true,"href":"https:\/\/www.europesays.com\/fr\/wp-json\/wp\/v2\/comments?post=299672"}],"version-history":[{"count":0,"href":"https:\/\/www.europesays.com\/fr\/wp-json\/wp\/v2\/posts\/299672\/revisions"}],"wp:featuredmedia":[{"embeddable":true,"href":"https:\/\/www.europesays.com\/fr\/wp-json\/wp\/v2\/media\/299673"}],"wp:attachment":[{"href":"https:\/\/www.europesays.com\/fr\/wp-json\/wp\/v2\/media?parent=299672"}],"wp:term":[{"taxonomy":"category","embeddable":true,"href":"https:\/\/www.europesays.com\/fr\/wp-json\/wp\/v2\/categories?post=299672"},{"taxonomy":"post_tag","embeddable":true,"href":"https:\/\/www.europesays.com\/fr\/wp-json\/wp\/v2\/tags?post=299672"}],"curies":[{"name":"wp","href":"https:\/\/api.w.org\/{rel}","templated":true}]}}