{"id":299680,"date":"2025-08-06T05:40:19","date_gmt":"2025-08-06T05:40:19","guid":{"rendered":"https:\/\/www.europesays.com\/fr\/299680\/"},"modified":"2025-08-06T05:40:19","modified_gmt":"2025-08-06T05:40:19","slug":"7-lieux-pas-comme-les-autres-ou-jouer-a-la-petanque-a-marseille","status":"publish","type":"post","link":"https:\/\/www.europesays.com\/fr\/299680\/","title":{"rendered":"7 lieux pas comme les autres o\u00f9 jouer \u00e0 la p\u00e9tanque \u00e0 Marseille"},"content":{"rendered":"<p>Pour profiter de la vue mer&#13;\n<\/p>\n<p><img alt=\"Le grand boulodrome de la Vieille-Chapelle (8e) offre une vue sur la mer appr\u00e9ciable, \u00e0 condition de penser \u00e0 s'\u00e9quiper de casquettes et parasols les journ\u00e9es d'\u00e9t\u00e9.\" loading=\"lazy\" decoding=\"async\" data-nimg=\"fill\" class=\" TwicCore_img__i9TC1 undefined  undefined\" style=\"position:absolute;height:100%;width:100%;left:0;top:0;right:0;bottom:0;color:transparent;background-size:cover;background-position:50% 50%;background-repeat:no-repeat;background-image:url(&quot;data:image\/svg+xml;charset=utf-8,%3Csvg xmlns='http:\/\/www.w3.org\/2000\/svg' %3E%3Cfilter id='b' color-interpolation-filters='sRGB'%3E%3CfeGaussianBlur stdDeviation='20'\/%3E%3CfeColorMatrix values='1 0 0 0 0 0 1 0 0 0 0 0 1 0 0 0 0 0 100 -1' result='s'\/%3E%3CfeFlood x='0' y='0' width='100%25' height='100%25'\/%3E%3CfeComposite operator='out' in='s'\/%3E%3CfeComposite in2='SourceGraphic'\/%3E%3CfeGaussianBlur stdDeviation='20'\/%3E%3C\/filter%3E%3Cimage width='100%25' height='100%25' x='0' y='0' preserveAspectRatio='none' style='filter: url(%23b);' href='https:\/\/pictures.laprovence.com\/cdn-cgi\/image\/blur=250\/media\/melody\/2025\/08\/06\/pointe-rouge-1754456357_778a45e50d8860c8a45e50d88009a4v_.jpg'\/%3E%3C\/svg%3E&quot;)\"   src=\"https:\/\/www.europesays.com\/fr\/wp-content\/uploads\/2025\/08\/pointe-rouge-1754456357_778a45e50d8860c8a45e50d88009a4v_.jpg\"\/>Le grand boulodrome de la Vieille-Chapelle (8e) offre une vue sur la mer appr\u00e9ciable, \u00e0 condition de penser \u00e0 s&rsquo;\u00e9quiper de casquettes et parasols les journ\u00e9es d&rsquo;\u00e9t\u00e9. \/ PHOTO L.M.<\/p>\n<p>Il arrive qu\u2019un barbecue de fortune l\u00e2che ses fum\u00e9es dans <a href=\"https:\/\/www.laprovence.com\/article\/region\/10217819597754\/marseille-remet-la-boule-au-centre-a-travers-une-exposition-consacree-a-la-petanque\" target=\"_blank\" rel=\"noopener\">l\u2019un des angles du boulodrome<\/a> pendant que les joueurs s\u2019activent autour des boules et bouchons, garantissant plus encore l\u2019authenticit\u00e9 du lieu qui manque toutefois d\u2019ombre. Reste que le boulodrome de la Vieille-Chapelle (8e) est l\u2019endroit parfait pour s\u2019initier, tirer et pointer en toute convivialit\u00e9\u2026 et avec vue mer.<\/p>\n<p>Pour tutoyer le ciel<br \/>\n<img alt=\"Au 30e \u00e9tage de la tour la Marseillaise (2e), le Sky Center propose une exp\u00e9rience marseillaise (payante) incluant la possibilit\u00e9 de pointer au sommet de Marseille.\" loading=\"lazy\" decoding=\"async\" data-nimg=\"fill\" class=\" TwicCore_img__i9TC1 undefined  undefined\" style=\"position:absolute;height:100%;width:100%;left:0;top:0;right:0;bottom:0;color:transparent;background-size:cover;background-position:50% 50%;background-repeat:no-repeat;background-image:url(&quot;data:image\/svg+xml;charset=utf-8,%3Csvg xmlns='http:\/\/www.w3.org\/2000\/svg' %3E%3Cfilter id='b' color-interpolation-filters='sRGB'%3E%3CfeGaussianBlur stdDeviation='20'\/%3E%3CfeColorMatrix values='1 0 0 0 0 0 1 0 0 0 0 0 1 0 0 0 0 0 100 -1' result='s'\/%3E%3CfeFlood x='0' y='0' width='100%25' height='100%25'\/%3E%3CfeComposite operator='out' in='s'\/%3E%3CfeComposite in2='SourceGraphic'\/%3E%3CfeGaussianBlur stdDeviation='20'\/%3E%3C\/filter%3E%3Cimage width='100%25' height='100%25' x='0' y='0' preserveAspectRatio='none' style='filter: url(%23b);' href='https:\/\/pictures.laprovence.com\/cdn-cgi\/image\/blur=250\/media\/melody\/2025\/08\/06\/sky-center-1754456358_50cdcc050d88664cdcc050d8858cdcv_.jpg'\/%3E%3C\/svg%3E&quot;)\"   src=\"https:\/\/www.europesays.com\/fr\/wp-content\/uploads\/2025\/08\/sky-center-1754456358_50cdcc050d88664cdcc050d8858cdcv_.jpg\"\/>Au 30e \u00e9tage de la tour la Marseillaise (2e), le Sky Center propose une exp\u00e9rience marseillaise (payante) incluant la possibilit\u00e9 de pointer au sommet de Marseille. \/ PHOTO SEBASTIEN DELARQUE<\/p>\n<p>Ouvert le 12\u00a0juillet dernier, <a href=\"https:\/\/www.laprovence.com\/article\/economie\/31799516686185\/le-sky-center-rooftop-de-la-tour-la-marseillaise-souvre-au-public\" target=\"_blank\" rel=\"noopener\">le Sky Center de la tour la Marseillaise<\/a>, \u00e0 Arenc (2e), propose de chiller depuis le 30e \u00e9tage de l\u2019\u00e9difice, avec une vue \u00e0 360\u00b0 sur la ville. Et pour compl\u00e9ter l\u2019exp\u00e9rience marseillaise \u00e0 laquelle on acc\u00e8de en d\u00e9boursant 17\u00a0\u20ac (20\u00a0\u20ac en soir\u00e9e pour assister au coucher de soleil), un petit terrain de boules invite \u00e0 jouer, avec deux sets mis \u00e0 disposition du public.<\/p>\n<p>Pour rencontrer des people&#13;\n<\/p>\n<p><img alt=\"Dans le boulodrome du parc Henri-Fabre (8e), on a de fortes chances de croiser Bengous. Soprano y a initi\u00e9 Ed Sheeran \u00e0 la p\u00e9tanque.\" loading=\"lazy\" decoding=\"async\" data-nimg=\"fill\" class=\" TwicCore_img__i9TC1 undefined  undefined\" style=\"position:absolute;height:100%;width:100%;left:0;top:0;right:0;bottom:0;color:transparent;background-size:cover;background-position:50% 50%;background-repeat:no-repeat;background-image:url(&quot;data:image\/svg+xml;charset=utf-8,%3Csvg xmlns='http:\/\/www.w3.org\/2000\/svg' %3E%3Cfilter id='b' color-interpolation-filters='sRGB'%3E%3CfeGaussianBlur stdDeviation='20'\/%3E%3CfeColorMatrix values='1 0 0 0 0 0 1 0 0 0 0 0 1 0 0 0 0 0 100 -1' result='s'\/%3E%3CfeFlood x='0' y='0' width='100%25' height='100%25'\/%3E%3CfeComposite operator='out' in='s'\/%3E%3CfeComposite in2='SourceGraphic'\/%3E%3CfeGaussianBlur stdDeviation='20'\/%3E%3C\/filter%3E%3Cimage width='100%25' height='100%25' x='0' y='0' preserveAspectRatio='none' style='filter: url(%23b);' href='https:\/\/pictures.laprovence.com\/cdn-cgi\/image\/blur=250\/media\/melody\/2025\/08\/06\/interview-et-portrait-de-benjamin-layani-dit-bengous-marseillais-star-du-web-celebre-pour-ses-commen-1754456359_5ad1b5240d886eed1b5240d88e2e1bv_.jpg'\/%3E%3C\/svg%3E&quot;)\"   src=\"https:\/\/www.europesays.com\/fr\/wp-content\/uploads\/2025\/08\/interview-et-portrait-de-benjamin-layani-dit-bengous-marseillais-star-du-web-celebre-pour-ses-commen.jpeg\"\/>Dans le boulodrome du parc Henri-Fabre (8e), on a de fortes chances de croiser Bengous. Soprano y a initi\u00e9 Ed Sheeran \u00e0 la p\u00e9tanque. \/ PHOTO NICOLAS VALLAURI<\/p>\n<p>Le boulodrome du parc Henri-Fabre (8e), c\u2019est LE quartier g\u00e9n\u00e9ral de Bengous. L\u2019influenceur marseillais n\u2019y compte plus ses heures. En mai dernier, c\u2019est aussi l\u00e0 que <a href=\"https:\/\/www.laprovence.com\/article\/culture-loisirs\/1125734629776515\/ed-sheeran-et-soprano-a-marseille-entre-petanque-et-tour-de-tuk-tuk-rose-les-coulisses-de-leur-rencontre\" target=\"_blank\" rel=\"noopener\">le rappeur Soprano a entra\u00een\u00e9 le chanteur \u00e9cossais Ed Sheeran<\/a>, pour une visite marseillaise en immersion, \u00e0 deux pas du V\u00e9lodrome o\u00f9 il devait se produire<\/p>\n<p>Pour faire son mac<br \/>\n<img alt=\"En contrebas de l'h\u00f4tel Intercontinental, un jardin m\u00e9diterran\u00e9en avec un terrain de p\u00e9tanque a vu le jour au printemps.\" loading=\"lazy\" decoding=\"async\" data-nimg=\"fill\" class=\" TwicCore_img__i9TC1 undefined  undefined\" style=\"position:absolute;height:100%;width:100%;left:0;top:0;right:0;bottom:0;color:transparent;background-size:cover;background-position:50% 50%;background-repeat:no-repeat;background-image:url(&quot;data:image\/svg+xml;charset=utf-8,%3Csvg xmlns='http:\/\/www.w3.org\/2000\/svg' %3E%3Cfilter id='b' color-interpolation-filters='sRGB'%3E%3CfeGaussianBlur stdDeviation='20'\/%3E%3CfeColorMatrix values='1 0 0 0 0 0 1 0 0 0 0 0 1 0 0 0 0 0 100 -1' result='s'\/%3E%3CfeFlood x='0' y='0' width='100%25' height='100%25'\/%3E%3CfeComposite operator='out' in='s'\/%3E%3CfeComposite in2='SourceGraphic'\/%3E%3CfeGaussianBlur stdDeviation='20'\/%3E%3C\/filter%3E%3Cimage width='100%25' height='100%25' x='0' y='0' preserveAspectRatio='none' style='filter: url(%23b);' href='https:\/\/pictures.laprovence.com\/cdn-cgi\/image\/blur=250\/media\/melody\/2025\/08\/06\/en-contrebas-de-l-hotel-intercontinental-un-jardin-mediterraneen-avec-un-terrain-de-petanque-a-vu-le-1754456360_c8416f0770986dc416f077098c0516v_.jpg'\/%3E%3C\/svg%3E&quot;)\"   src=\"https:\/\/www.europesays.com\/fr\/wp-content\/uploads\/2025\/08\/en-contrebas-de-l-hotel-intercontinental-un-jardin-mediterraneen-avec-un-terrain-de-petanque-a-vu-le.jpeg\"\/>En contrebas de l&rsquo;h\u00f4tel Intercontinental, un jardin m\u00e9diterran\u00e9en avec un terrain de p\u00e9tanque a vu le jour au printemps. \/ PHOTO ESSENSESTUDIO<img alt=\"En contrebas de l'h\u00f4tel Intercontinental, un jardin m\u00e9diterran\u00e9en avec un terrain de p\u00e9tanque a vu le jour au printemps.\" loading=\"lazy\" decoding=\"async\" data-nimg=\"fill\" class=\" TwicCore_img__i9TC1 undefined  undefined\" style=\"position:absolute;height:100%;width:100%;left:0;top:0;right:0;bottom:0;color:transparent;background-size:cover;background-position:50% 50%;background-repeat:no-repeat;background-image:url(&quot;data:image\/svg+xml;charset=utf-8,%3Csvg xmlns='http:\/\/www.w3.org\/2000\/svg' %3E%3Cfilter id='b' color-interpolation-filters='sRGB'%3E%3CfeGaussianBlur stdDeviation='20'\/%3E%3CfeColorMatrix values='1 0 0 0 0 0 1 0 0 0 0 0 1 0 0 0 0 0 100 -1' result='s'\/%3E%3CfeFlood x='0' y='0' width='100%25' height='100%25'\/%3E%3CfeComposite operator='out' in='s'\/%3E%3CfeComposite in2='SourceGraphic'\/%3E%3CfeGaussianBlur stdDeviation='20'\/%3E%3C\/filter%3E%3Cimage width='100%25' height='100%25' x='0' y='0' preserveAspectRatio='none' style='filter: url(%23b);' href='https:\/\/pictures.laprovence.com\/cdn-cgi\/image\/blur=250\/media\/melody\/2025\/08\/06\/en-contrebas-de-l-hotel-intercontinental-un-jardin-mediterraneen-avec-un-terrain-de-petanque-a-vu-le-1754456360_75d5affa7098699d5affa70988dd5av_.jpg'\/%3E%3C\/svg%3E&quot;)\"   src=\"https:\/\/www.europesays.com\/fr\/wp-content\/uploads\/2025\/08\/1754458817_376_en-contrebas-de-l-hotel-intercontinental-un-jardin-mediterraneen-avec-un-terrain-de-petanque-a-vu-le.jpeg\"\/>En contrebas de l&rsquo;h\u00f4tel Intercontinental, un jardin m\u00e9diterran\u00e9en avec un terrain de p\u00e9tanque a vu le jour au printemps. \/ PHOTO ESSENSESTUDIO<\/p>\n<p>Au printemps dernier, <a href=\"https:\/\/www.laprovence.com\/article\/economie\/3406421832573815\/laurent-garrido-nouveau-patron-de-lhotel-intercontinental-veut-faire-de-marseille-une-etape-incontournable\" target=\"_blank\" rel=\"noopener\">l\u2019Intercontinental H\u00f4tel-Dieu<\/a> a ouvert son Jardin m\u00e9diterran\u00e9en au Panier (2e), avec sa buvette Ricard, ses transats, ses perchoirs pour observer les oiseaux et son terrain de p\u00e9tanque aux boules estampill\u00e9es Intercontinental. Les clients de l\u2019h\u00f4tel y acc\u00e8dent gratuitement, mais il est possible de privatiser le lieu pour 1h30 \u00e0 condition d\u2019\u00eatre entre 15 et 20 personnes, \u00e0 partir de 50\u00a0\u20ac par personne (deux boissons comprises).<\/p>\n<p>Pour jouer \u00e0 la pause d\u00e9jeuner<br \/>\n<img alt=\"Dans les sous-sols du R\u00e9publique, le terrain de boules est une r\u00e9miniscence de l'ancien Caf\u00e9 Parisien, ouvert en 1901 place Sadi-Carnot (2e).\" loading=\"lazy\" decoding=\"async\" data-nimg=\"fill\" class=\" TwicCore_img__i9TC1 undefined  undefined\" style=\"position:absolute;height:100%;width:100%;left:0;top:0;right:0;bottom:0;color:transparent;background-size:cover;background-position:50% 50%;background-repeat:no-repeat;background-image:url(&quot;data:image\/svg+xml;charset=utf-8,%3Csvg xmlns='http:\/\/www.w3.org\/2000\/svg' %3E%3Cfilter id='b' color-interpolation-filters='sRGB'%3E%3CfeGaussianBlur stdDeviation='20'\/%3E%3CfeColorMatrix values='1 0 0 0 0 0 1 0 0 0 0 0 1 0 0 0 0 0 100 -1' result='s'\/%3E%3CfeFlood x='0' y='0' width='100%25' height='100%25'\/%3E%3CfeComposite operator='out' in='s'\/%3E%3CfeComposite in2='SourceGraphic'\/%3E%3CfeGaussianBlur stdDeviation='20'\/%3E%3C\/filter%3E%3Cimage width='100%25' height='100%25' x='0' y='0' preserveAspectRatio='none' style='filter: url(%23b);' href='https:\/\/pictures.laprovence.com\/cdn-cgi\/image\/blur=250\/media\/melody\/2025\/08\/06\/le-republique-1754456361_c2281a350d886e6281a350d88ba281v_.jpg'\/%3E%3C\/svg%3E&quot;)\"   src=\"https:\/\/www.europesays.com\/fr\/wp-content\/uploads\/2025\/08\/le-republique-1754456361_c2281a350d886e6281a350d88ba281v_.jpg\"\/>Dans les sous-sols du R\u00e9publique, le terrain de boules est une r\u00e9miniscence de l&rsquo;ancien Caf\u00e9 Parisien, ouvert en 1901 place Sadi-Carnot (2e). \/ PHOTO L.M.<\/p>\n<p>Ouvert en\u00a01901, place Sadi-Carnot (2e), le Caf\u00e9 Parisien abritait d\u00e8s la deuxi\u00e8me moiti\u00e9 du XXe\u00a0si\u00e8cle un terrain de p\u00e9tanque en sous-sol. Recouvert en\u00a02002 lorsque les lieux ont \u00e9t\u00e9 repris par les g\u00e9rants d\u2019un buffet asiatique, le mini-boulodrome a retrouv\u00e9 ses lettres de noblesse vingt ans plus tard, quand S\u00e9bastien Richard et Sylvain Martin <a href=\"https:\/\/www.laprovence.com\/article\/region\/22394181241032\/marseille-100-chefs-pour-les-deux-ans-du-restaurant-solidaire-le-republique\" target=\"_blank\" rel=\"noopener\">ont ouvert Le R\u00e9publique<\/a>. Il est accessible aux clients \u00e0 toute heure, gratuitement.<\/p>\n<p>Pour rentrer dans l\u2019histoire&#13;\n<\/p>\n<p><img alt=\"Depuis l'ouverture de l'expo P\u00e9tanque !, on peut s'affronter \u00e0 la p\u00e9tanque dans le Port antique du mus\u00e9e d'Histoire de Marseille (1er), o\u00f9 un boulodrome a \u00e9t\u00e9 am\u00e9nag\u00e9.\" loading=\"lazy\" decoding=\"async\" data-nimg=\"fill\" class=\" TwicCore_img__i9TC1 undefined  undefined\" style=\"position:absolute;height:100%;width:100%;left:0;top:0;right:0;bottom:0;color:transparent;background-size:cover;background-position:50% 50%;background-repeat:no-repeat;background-image:url(&quot;data:image\/svg+xml;charset=utf-8,%3Csvg xmlns='http:\/\/www.w3.org\/2000\/svg' %3E%3Cfilter id='b' color-interpolation-filters='sRGB'%3E%3CfeGaussianBlur stdDeviation='20'\/%3E%3CfeColorMatrix values='1 0 0 0 0 0 1 0 0 0 0 0 1 0 0 0 0 0 100 -1' result='s'\/%3E%3CfeFlood x='0' y='0' width='100%25' height='100%25'\/%3E%3CfeComposite operator='out' in='s'\/%3E%3CfeComposite in2='SourceGraphic'\/%3E%3CfeGaussianBlur stdDeviation='20'\/%3E%3C\/filter%3E%3Cimage width='100%25' height='100%25' x='0' y='0' preserveAspectRatio='none' style='filter: url(%23b);' href='https:\/\/pictures.laprovence.com\/cdn-cgi\/image\/blur=250\/media\/melody\/2025\/08\/06\/musee-d-histoire-de-marseille-1754456361_a171f1750d8869671f1750d886a71fv_.jpg'\/%3E%3C\/svg%3E&quot;)\"   src=\"https:\/\/www.europesays.com\/fr\/wp-content\/uploads\/2025\/08\/musee-d-histoire-de-marseille-1754456361_a171f1750d8869671f1750d886a71fv_.jpg\"\/>Depuis l&rsquo;ouverture de l&rsquo;expo P\u00e9tanque !, on peut s&rsquo;affronter \u00e0 la p\u00e9tanque dans le Port antique du mus\u00e9e d&rsquo;Histoire de Marseille (1er), o\u00f9 un boulodrome a \u00e9t\u00e9 am\u00e9nag\u00e9. \/ PHOTO L.M.<\/p>\n<p>C\u2019\u00e9tait un pari un peu fou mais qui a \u00e9t\u00e9 relev\u00e9 haut la main, sans que les vestiges n\u2019en p\u00e2tissent. Depuis l\u2019ouverture de l\u2019exposition P\u00e9tanque\u00a0! au mus\u00e9e d\u2019Histoire de Marseille, un boulodrome a \u00e9t\u00e9 am\u00e9nag\u00e9 dans le Port antique (1er), signal\u00e9 aux visiteurs depuis la galerie. Les r\u00e8gles du jeu y sont pr\u00e9sent\u00e9es, ainsi que le vocabulaire propre \u00e0 la p\u00e9tanque, et tout le monde peut y jouer gratuitement, un set de boules \u00e9tant mis \u00e0 disposition du public.<\/p>\n<p>Pour s\u2019initier aux c\u00f4t\u00e9s des cadors<\/p>\n<p>Ombrag\u00e9 en journ\u00e9e, \u00e9clair\u00e9 la nuit, le boulodrome Carli (1er) offre un panorama sur le centre-ville depuis les hauteurs du cours Julien, \u00e0 deux pas du conservatoire. Sa fontaine Esp\u00e9randieu constamment tagu\u00e9e et la statue Cavallo San Marco II caract\u00e9rise ce boulodrome o\u00f9 les d\u00e9butants peuvent s\u2019initier aux c\u00f4t\u00e9s des cadors de la Boule Carli.<\/p>\n","protected":false},"excerpt":{"rendered":"Pour profiter de la vue mer&#13; Le grand boulodrome de la Vieille-Chapelle (8e) offre une vue sur la&hellip;\n","protected":false},"author":2,"featured_media":299681,"comment_status":"","ping_status":"","sticky":false,"template":"","format":"standard","meta":{"footnotes":""},"categories":[2814],"tags":[17,1111,11,1102,1993,1777,674,1011,27,151,9692,884,12,5261,19927,882,16,25,37041,43985],"class_list":{"0":"post-299680","1":"post","2":"type-post","3":"status-publish","4":"format-standard","5":"has-post-thumbnail","7":"category-marseille","8":"tag-17","9":"tag-actu","10":"tag-actualites","11":"tag-breakingnews","12":"tag-comme","13":"tag-eu","14":"tag-europe","15":"tag-fr","16":"tag-france","17":"tag-les","18":"tag-lieux","19":"tag-marseille","20":"tag-news","21":"tag-pas","22":"tag-pointes","23":"tag-provence-alpes-cote-dazur","24":"tag-region","25":"tag-republique-francaise","26":"tag-tires","27":"tag-tu"},"share_on_mastodon":{"url":"https:\/\/pubeurope.com\/@fr\/114980220277902306","error":""},"_links":{"self":[{"href":"https:\/\/www.europesays.com\/fr\/wp-json\/wp\/v2\/posts\/299680","targetHints":{"allow":["GET"]}}],"collection":[{"href":"https:\/\/www.europesays.com\/fr\/wp-json\/wp\/v2\/posts"}],"about":[{"href":"https:\/\/www.europesays.com\/fr\/wp-json\/wp\/v2\/types\/post"}],"author":[{"embeddable":true,"href":"https:\/\/www.europesays.com\/fr\/wp-json\/wp\/v2\/users\/2"}],"replies":[{"embeddable":true,"href":"https:\/\/www.europesays.com\/fr\/wp-json\/wp\/v2\/comments?post=299680"}],"version-history":[{"count":0,"href":"https:\/\/www.europesays.com\/fr\/wp-json\/wp\/v2\/posts\/299680\/revisions"}],"wp:featuredmedia":[{"embeddable":true,"href":"https:\/\/www.europesays.com\/fr\/wp-json\/wp\/v2\/media\/299681"}],"wp:attachment":[{"href":"https:\/\/www.europesays.com\/fr\/wp-json\/wp\/v2\/media?parent=299680"}],"wp:term":[{"taxonomy":"category","embeddable":true,"href":"https:\/\/www.europesays.com\/fr\/wp-json\/wp\/v2\/categories?post=299680"},{"taxonomy":"post_tag","embeddable":true,"href":"https:\/\/www.europesays.com\/fr\/wp-json\/wp\/v2\/tags?post=299680"}],"curies":[{"name":"wp","href":"https:\/\/api.w.org\/{rel}","templated":true}]}}