{"id":299686,"date":"2025-08-06T05:45:16","date_gmt":"2025-08-06T05:45:16","guid":{"rendered":"https:\/\/www.europesays.com\/fr\/299686\/"},"modified":"2025-08-06T05:45:16","modified_gmt":"2025-08-06T05:45:16","slug":"80-ans-apres-les-rescapes-dhiroshima-se-souviennent-et-demandent-la-fin-de-larmement-nucleaire","status":"publish","type":"post","link":"https:\/\/www.europesays.com\/fr\/299686\/","title":{"rendered":"80 ans apr\u00e8s, les rescap\u00e9s d&rsquo;Hiroshima se souviennent et demandent la fin de l&rsquo;armement nucl\u00e9aire"},"content":{"rendered":"<p>            lire plus tard<\/p>\n<p id=\"dialog__title\" class=\"dialog__title\">Pour sauvegarder cet article, connectez-vous ou cr\u00e9ez un compte franceinfo<\/p>\n<p class=\"dialog__description\">Sans paiement. Sans abonnement.<\/p>\n<p>        Fermer la fen\u00eatre d\u2019activation des notifications France Info<\/p>\n<p>            cr\u00e9er votre compte<\/p>\n<p>            se connecter<\/p>\n<p>        Fermer la fen\u00eatre de pr\u00e9sentation<\/p>\n<p>    Publi\u00e9 le 05\/08\/2025 23:07<\/p>\n<p>      Mis \u00e0 jour le 05\/08\/2025 23:07<\/p>\n<p>        Temps de lecture : 3min &#8211; vid\u00e9o : 3min<\/p>\n<p>    <img decoding=\"async\" class=\"francetv-player-wrapper__image\" alt=\"&quot;J'ai \u00e9t\u00e9 projet\u00e9e par le souffle&quot; : 80 ans apr\u00e8s, les rescap\u00e9s d'Hiroshima se souviennent et demandent la fin de l'armement nucl\u00e9aire\"  width=\"432\" height=\"243\" src=\"https:\/\/www.europesays.com\/fr\/wp-content\/uploads\/2025\/08\/hiroshima-20h-0508-6892723716185154515181.jpg\" fetchpriority=\"high\"\/><\/p>\n<p>              \u00ab\u00a0J&rsquo;ai \u00e9t\u00e9 projet\u00e9e par le souffle\u00a0\u00bb : 80 ans apr\u00e8s, les rescap\u00e9s d&rsquo;Hiroshima se souviennent et demandent la fin de l&rsquo;armement nucl\u00e9aire<br \/>\n                    (France 2)<\/p>\n<p>      3min<\/p>\n<p>\n  Demain, mercredi 6 ao\u00fbt, marquera les 80 ans de la trag\u00e9die d&rsquo;Hiroshima. Le 6 ao\u00fbt 1945, l&rsquo;arm\u00e9e am\u00e9ricaine larguait la premi\u00e8re bombe atomique de l&rsquo;histoire, faisant 140 000 morts et signant, quelques jours plus tard, la fin de la Seconde Guerre mondiale. Dans cette ville martyre, les \u00e9quipes de France T\u00e9l\u00e9visions ont pu recueillir le t\u00e9moignage de rescap\u00e9s qui appellent \u00e0 l&rsquo;abandon de l&rsquo;arme nucl\u00e9aire.\n<\/p>\n<p><strong>Ce texte correspond \u00e0 une partie de la retranscription du reportage ci-dessus. Cliquez sur la vid\u00e9o pour la regarder en int\u00e9gralit\u00e9.<\/strong><\/p>\n<p>Toshiko Tanaka, 86 ans, se d\u00e9place avec difficult\u00e9, mais elle tient \u00e0 nous conduire l\u00e0 o\u00f9 sa vie a bascul\u00e9, \u00e0 <a href=\"https:\/\/www.franceinfo.fr\/monde\/japon\/hiroshima\/\" rel=\"nofollow noopener\" target=\"_blank\">Hiroshima<\/a>. \u00ab\u00a0C&rsquo;\u00e9tait ici, sur ce trottoir. Je m&rsquo;en souviens tr\u00e8s bien. J&rsquo;\u00e9tais assise par terre, je faisais un dessin\u00a0\u00bb, raconte-t-elle. Le 6 ao\u00fbt 1945, \u00e0 8h15, elle avait 6 ans. \u00ab\u00a0J&rsquo;ai vu deux avions dans le ciel et puis il y a eu un \u00e9clair. Tout est devenu tout blanc. Puis on ne pouvait plus rien voir. J&rsquo;ai \u00e9t\u00e9 projet\u00e9e par le souffle\u00a0\u00bb, poursuit la Japonaise.<\/p>\n<p>La premi\u00e8re bombe atomique de l&rsquo;histoire, largu\u00e9e par un avion am\u00e9ricain, vient de frapper Hiroshima. Elle va faire 140 000 morts. Toshiko Tanaka doit sa vie sauve \u00e0 un hasard extraordinaire. Sa famille venait de d\u00e9m\u00e9nager et se situait \u00e0 plusieurs kilom\u00e8tres du lieu de l&rsquo;explosion. Ses camarades de classe n&rsquo;ont pas eu cette chance. \u00ab\u00a0L\u00e0, c&rsquo;est moi et tout autour, les \u00e9l\u00e8ves de mon \u00e9cole. Ils sont tous morts. Je pense que c&rsquo;est mon devoir, encore aujourd&rsquo;hui, de t\u00e9moigner de cette catastrophe\u00a0\u00bb, explique-t-elle en nous montrant un clich\u00e9.<\/p>\n<p>Plus jamais \u00e7a. Hiroshima, ville martyre, est devenue une \u00e9tape du tourisme m\u00e9moriel. Mais 80 ans apr\u00e8s, le risque de nouveaux conflits est dans toutes les t\u00eates. \u00ab\u00a0L&rsquo;arsenal nucl\u00e9aire est un ph\u00e9nom\u00e8ne global. On est tous impliqu\u00e9s, qu&rsquo;on le veuille ou non\u00a0\u00bb, souligne un touriste en visite dans la ville. \u00ab\u00a0Personnellement, j&rsquo;ai peur qu&rsquo;une nouvelle catastrophe arrive en Occident\u00a0\u00bb, ajoute un autre.<\/p>\n<p>Les derniers t\u00e9moins de l&rsquo;apocalypse d&rsquo;Hiroshima en ont fait leur combat. Comme Toshiyuki Mimaki, 83 ans, qui a obtenu le prestigieux Prix Nobel de la paix 2024. Un engagement contre les armes nucl\u00e9aires, et chez lui, \u00e0 Hiroshima, un avertissement. \u00ab\u00a0Les armes nucl\u00e9aires sont bien plus puissantes aujourd&rsquo;hui. En cas d&rsquo;explosion, les d\u00e9g\u00e2ts ne seraient pas limit\u00e9s \u00e0 une ville, mais \u00e0 tout un pays, voire aux pays voisins\u00a0\u00bb, pointe Toshiyuki Mimaki, copr\u00e9sident Nihan Hidankyo. Survivant irradi\u00e9, il avait trois ans en 1945. Toute sa vie a \u00e9t\u00e9 hant\u00e9e par l&rsquo;explosion. \u00ab\u00a0Quand j&rsquo;\u00e9tais petit et que je jouais dehors, j&rsquo;entendais les adultes dire \u00e0 leurs enfants : ne t&rsquo;approche pas de lui, il est contamin\u00e9, c&rsquo;est contagieux, tu vas l&rsquo;attraper toi aussi\u00a0\u00bb, se souvient-il.<\/p>\n<p>Il ne cesse de le r\u00e9p\u00e9ter, bient\u00f4t, il ne sera plus l\u00e0. Dans son jardin repose une partie de sa famille, ses parents, sa femme et l&rsquo;un de ses fils. Tous victimes de cancer, cons\u00e9quences probables des radiations. Le Japon compte 99 000 survivants d&rsquo;Hiroshima. Ils sont \u00e2g\u00e9s de plus de 80 ans.<\/p>\n","protected":false},"excerpt":{"rendered":"lire plus tard Pour sauvegarder cet article, connectez-vous ou cr\u00e9ez un compte franceinfo Sans paiement. Sans abonnement. Fermer&hellip;\n","protected":false},"author":2,"featured_media":299687,"comment_status":"","ping_status":"","sticky":false,"template":"","format":"standard","meta":{"footnotes":""},"categories":[1888],"tags":[1111,1928,11,1927,1777,674,1011,27,12,1926,626,1925,25],"class_list":{"0":"post-299686","1":"post","2":"type-post","3":"status-publish","4":"format-standard","5":"has-post-thumbnail","7":"category-paris","8":"tag-actu","9":"tag-actu-paris","10":"tag-actualites","11":"tag-actualites-paris","12":"tag-eu","13":"tag-europe","14":"tag-fr","15":"tag-france","16":"tag-news","17":"tag-news-paris","18":"tag-paris","19":"tag-paris-news","20":"tag-republique-francaise"},"share_on_mastodon":{"url":"https:\/\/pubeurope.com\/@fr\/114980239934327838","error":""},"_links":{"self":[{"href":"https:\/\/www.europesays.com\/fr\/wp-json\/wp\/v2\/posts\/299686","targetHints":{"allow":["GET"]}}],"collection":[{"href":"https:\/\/www.europesays.com\/fr\/wp-json\/wp\/v2\/posts"}],"about":[{"href":"https:\/\/www.europesays.com\/fr\/wp-json\/wp\/v2\/types\/post"}],"author":[{"embeddable":true,"href":"https:\/\/www.europesays.com\/fr\/wp-json\/wp\/v2\/users\/2"}],"replies":[{"embeddable":true,"href":"https:\/\/www.europesays.com\/fr\/wp-json\/wp\/v2\/comments?post=299686"}],"version-history":[{"count":0,"href":"https:\/\/www.europesays.com\/fr\/wp-json\/wp\/v2\/posts\/299686\/revisions"}],"wp:featuredmedia":[{"embeddable":true,"href":"https:\/\/www.europesays.com\/fr\/wp-json\/wp\/v2\/media\/299687"}],"wp:attachment":[{"href":"https:\/\/www.europesays.com\/fr\/wp-json\/wp\/v2\/media?parent=299686"}],"wp:term":[{"taxonomy":"category","embeddable":true,"href":"https:\/\/www.europesays.com\/fr\/wp-json\/wp\/v2\/categories?post=299686"},{"taxonomy":"post_tag","embeddable":true,"href":"https:\/\/www.europesays.com\/fr\/wp-json\/wp\/v2\/tags?post=299686"}],"curies":[{"name":"wp","href":"https:\/\/api.w.org\/{rel}","templated":true}]}}