{"id":299714,"date":"2025-08-06T06:01:11","date_gmt":"2025-08-06T06:01:11","guid":{"rendered":"https:\/\/www.europesays.com\/fr\/299714\/"},"modified":"2025-08-06T06:01:11","modified_gmt":"2025-08-06T06:01:11","slug":"les-clermontois-sont-entres-dans-une-nouvelle-phase-de-leur-preparation","status":"publish","type":"post","link":"https:\/\/www.europesays.com\/fr\/299714\/","title":{"rendered":"Les Clermontois sont entr\u00e9s dans une nouvelle phase de leur pr\u00e9paration !"},"content":{"rendered":"<p>M\u00eame si les joueurs de l\u2019ASM, d\u00e9sormais engag\u00e9s dans leur troisi\u00e8me semaine de pr\u00e9paration, continuent d\u2019enchainer les s\u00e9ances physiques sous les coups de sifflet d\u2019Ange Costella, le nouveau directeur de la performance, le Rugby grignote de l\u2019espace dans les plannings pour bient\u00f4t devenir pr\u00e9pond\u00e9rant (ce sera le cas lors de la semaine du stage au Chambon sur Lignon).<\/p>\n<p>Apr\u00e8s quelques s\u00e9ances en s\u00e9par\u00e9, les Jaune et Bleu se sont offerts, pour la premi\u00e8re fois de la saison, une opposition r\u00e9elle au c\u0153ur d\u2019un v\u00e9ritable entrainement \u00ab Volume \u00bb cher au coach, Christophe Urios.<\/p>\n<p>\u00ab\u00a0\u00c7a fait du bien de retrouver le Rugby apr\u00e8s deux semaines o\u00f9 nous n\u2019avons pas trop vu le ballon\u00a0\u00bb souffle le fidjien Alivereti Loaloa fraichement arriv\u00e9 de Nevers \u00e0 l\u2019intersaison.<\/p>\n<p>Il faut dire que cette troisi\u00e8me semaine de pr\u00e9paration marque un vrai changement apr\u00e8s une quinzaine de jours tr\u00e8s intense comme nous l\u2019avait confi\u00e9 Christophe Urios jeudi dernier. D\u00e8s lundi, les joueurs clermontois ont ainsi commenc\u00e9 \u00e0 construire les plans et syst\u00e8mes de jeu lors d\u2019entrainements s\u00e9par\u00e9s (avants \/ trois-quarts) avant une premi\u00e8re mise en application sur le pr\u00e9, ce mardi midi, devant plusieurs centaines de supporters venus assist\u00e9s \u00e0 la premi\u00e8re opposition r\u00e9elle des Auvergnats.<\/p>\n<p>Toujours anim\u00e9es par Fred Charrier (lors des s\u00e9ances offensives) et Julien La\u00efrle (pour les parties d\u00e9fensives), Christophe Urios et ses adjoints avaient mix\u00e9 le groupe pro en deux \u00e9quipes mixtes et renforc\u00e9 la s\u00e9ance en invitant une troisi\u00e8me \u00e9quipe (compos\u00e9 de joueurs du centre de formation) afin de tourner et mettre un maximum d\u2019intensit\u00e9 sur cette heure d\u2019entrainement. L\u2019occasion de voir \u00e0 l\u2019\u0153uvre les nouvelles recrues de l\u2019ASM \u00e0 l\u2019image du centre fidjien Alivereti Loaloa.<\/p>\n<p>\u00ab\u00a0Ce n\u2019est que la premi\u00e8re vraie s\u00e9ance rugby et c\u2019est normal que cela manque de fluidit\u00e9 mais il y a une bonne \u00e9nergie. Plus les semaines passent et plus nous sommes en confiance dans le groupe. Nous travaillons bien depuis la reprise au centre d\u2019entrainement mais tout ce que nous faisons \u00e0 c\u00f4t\u00e9 nous aide \u00e0 trouver de la coh\u00e9sion et nous servira tout au long de la saison.\u00a0\u00bb<\/p>\n<p>Le redoutable plaqueur-gratteur de Nevers mesure le changement sans toutefois s\u2019en faire une montagne. \u00ab\u00a0C\u2019est vrai que cela va un peu plus vite et que les contacts sont assez rudes mais je m\u2019attendais \u00e0 cela et je sais qu\u2019avec le travail tout se passera bien.\u00a0\u00bb<\/p>\n<p>Tr\u00e8s investi depuis son arriv\u00e9, le centre fidjien semble parfaitement \u00e0 l\u2019aise dans un groupe qu\u2019il apprend \u00e0 connaitre et o\u00f9 les automatismes se mettent en place de jour en jour. Avec beaucoup de changements dans les lignes et un jeu qui devrait aussi \u00e9voluer, les Jaune et Bleu sont \u00e0 la t\u00e2che dans des semaines o\u00f9 le physique laissera progressivement la place au ballon \u00e0 mesure que se rapprocheront les premiers matchs de pr\u00e9paration (\u00e0 Brive le vendredi 22 ao\u00fbt et \u00e0 Issoire face \u00e0 Toulon le vendredi 29 ao\u00fbt).<\/p>\n<p>Avant cela, quelques s\u00e9ances suppl\u00e9mentaires viendront conclure les journ\u00e9es des Clermontois comme cette longue s\u00e9rie d\u2019aller-retour (avec passage au sol) comme hier soir apr\u00e8s une s\u00e9ance de Rugby mod\u00e9r\u00e9. La \u00ab\u00a0caisse\u00a0\u00bb d\u00e9sormais bien remplie ou en phase de l\u2019\u00eatre, les mains ne vont pas tarder \u00e0 entrer en jeu pour construire le Rugby que les Auvergnats devront d\u00e9velopper tout au long de la saison.<\/p>\n","protected":false},"excerpt":{"rendered":"M\u00eame si les joueurs de l\u2019ASM, d\u00e9sormais engag\u00e9s dans leur troisi\u00e8me semaine de pr\u00e9paration, continuent d\u2019enchainer les s\u00e9ances&hellip;\n","protected":false},"author":2,"featured_media":299715,"comment_status":"","ping_status":"","sticky":false,"template":"","format":"standard","meta":{"footnotes":""},"categories":[1416],"tags":[1011,27,479,1468,60],"class_list":{"0":"post-299714","1":"post","2":"type-post","3":"status-publish","4":"format-standard","5":"has-post-thumbnail","7":"category-rugby","8":"tag-fr","9":"tag-france","10":"tag-rugby","11":"tag-rugby-football","12":"tag-sports"},"share_on_mastodon":{"url":"https:\/\/pubeurope.com\/@fr\/114980302571546274","error":""},"_links":{"self":[{"href":"https:\/\/www.europesays.com\/fr\/wp-json\/wp\/v2\/posts\/299714","targetHints":{"allow":["GET"]}}],"collection":[{"href":"https:\/\/www.europesays.com\/fr\/wp-json\/wp\/v2\/posts"}],"about":[{"href":"https:\/\/www.europesays.com\/fr\/wp-json\/wp\/v2\/types\/post"}],"author":[{"embeddable":true,"href":"https:\/\/www.europesays.com\/fr\/wp-json\/wp\/v2\/users\/2"}],"replies":[{"embeddable":true,"href":"https:\/\/www.europesays.com\/fr\/wp-json\/wp\/v2\/comments?post=299714"}],"version-history":[{"count":0,"href":"https:\/\/www.europesays.com\/fr\/wp-json\/wp\/v2\/posts\/299714\/revisions"}],"wp:featuredmedia":[{"embeddable":true,"href":"https:\/\/www.europesays.com\/fr\/wp-json\/wp\/v2\/media\/299715"}],"wp:attachment":[{"href":"https:\/\/www.europesays.com\/fr\/wp-json\/wp\/v2\/media?parent=299714"}],"wp:term":[{"taxonomy":"category","embeddable":true,"href":"https:\/\/www.europesays.com\/fr\/wp-json\/wp\/v2\/categories?post=299714"},{"taxonomy":"post_tag","embeddable":true,"href":"https:\/\/www.europesays.com\/fr\/wp-json\/wp\/v2\/tags?post=299714"}],"curies":[{"name":"wp","href":"https:\/\/api.w.org\/{rel}","templated":true}]}}