{"id":299717,"date":"2025-08-06T06:04:16","date_gmt":"2025-08-06T06:04:16","guid":{"rendered":"https:\/\/www.europesays.com\/fr\/299717\/"},"modified":"2025-08-06T06:04:16","modified_gmt":"2025-08-06T06:04:16","slug":"yamaha-fete-ses-70-ans-avec-une-livree-speciale-pour-le-grand-prix-des-pays-bas","status":"publish","type":"post","link":"https:\/\/www.europesays.com\/fr\/299717\/","title":{"rendered":"Yamaha f\u00eate ses 70 ans avec une livr\u00e9e sp\u00e9ciale pour le Grand Prix des Pays-Bas"},"content":{"rendered":"<p>Yamaha a lev\u00e9 le voile sur une moto rouge et blanche qui c\u00e9l\u00e8bre les 70 ans de la marque. L\u2019\u00e9curie japonaise l\u2019utilisera sur ses quatre machines en course ce week-end \u00e0 Assen, aux Pays-Bas.<\/p>\n<p class=\"fig-paragraph\"><a href=\"http:\/\/www.lefigaro.fr\/sports\/moto\/motogp-razgatlioglu-promu-chez-yamaha-pramac-en-2026-20250610\" data-fig-type=\"NewsFlash\" data-gtm-custom-categorie=\"navigation\" data-gtm-custom-action=\"crossclick\" data-gtm-custom-label=\"Contextuel\" data-gtm-event=\"customEventSPE\" data-fig-domain=\"LEFIGARO\" target=\"_blank\" rel=\"noopener\">Les pilotes Yamaha<\/a>\u00a0rouleront avec une machine aux couleurs sp\u00e9ciales ce week-end aux Pays-Bas. Les titulaires de l\u2019\u00e9quipe usine<a href=\"http:\/\/www.lefigaro.fr\/sports\/moto\/motogp-c-etait-la-moto-qui-me-conduisait-fabio-quartararo-amer-apres-le-gp-d-italie-20250622\" data-fig-type=\"NewsFlash\" data-gtm-custom-categorie=\"navigation\" data-gtm-custom-action=\"crossclick\" data-gtm-custom-label=\"Contextuel\" data-gtm-event=\"customEventSPE\" data-fig-domain=\"LEFIGARO\" target=\"_blank\" rel=\"noopener\">\u00a0Fabio Quartararo<\/a>\u00a0et \u00c1lex Rins ainsi que les repr\u00e9sentants de Pramac Jack Miller et Miguel Oliveira auront l\u2019honneur d\u2019\u00eatre au guidon de cette Yamaha blanche et rouge. L\u2019inspiration provient de \u00abla YZF-R7 OW02 de Noriyuki Haga en WorldSBK en 1999\u00bb selon le m\u00e9dia Motorsport.<\/p>\n<p>Une irr\u00e9gularit\u00e9 chronique<\/p>\n<p class=\"fig-paragraph\">Pour rendre hommage \u00e0 l\u2019histoire de la marque, les pilotes devront manier une moto aux performances contrast\u00e9es ces derni\u00e8res courses. Apr\u00e8s une excellente s\u00e9rie de trois pole positions cons\u00e9cutives pour Fabio Quartararo, le souffl\u00e9 est un peu retomb\u00e9 r\u00e9cemment.<\/p>\n<p>                                    <a class=\"fig-a11y-skip a11y-hidden\" href=\"#fig-a11y-skip-main-inarticle\"><br \/>\n        Passer la publicit\u00e9<br \/>\n    <\/a><\/p>\n<p class=\"fig-paragraph\">Au Mugello la semaine derni\u00e8re, le champion du monde 2021 s\u2019est hiss\u00e9 en 4e position le samedi avant de d\u00e9gringoler en course, victime du manque d\u2019adh\u00e9rence et de vitesse de pointe de sa Yamaha.<\/p>\n","protected":false},"excerpt":{"rendered":"Yamaha a lev\u00e9 le voile sur une moto rouge et blanche qui c\u00e9l\u00e8bre les 70 ans de la&hellip;\n","protected":false},"author":2,"featured_media":299718,"comment_status":"","ping_status":"","sticky":false,"template":"","format":"standard","meta":{"footnotes":""},"categories":[1413],"tags":[1680,1011,27,1457,1456,1458,60,4921],"class_list":{"0":"post-299717","1":"post","2":"type-post","3":"status-publish","4":"format-standard","5":"has-post-thumbnail","7":"category-moto","8":"tag-fabio-quartararo","9":"tag-fr","10":"tag-france","11":"tag-moto","12":"tag-motocycle","13":"tag-motogp","14":"tag-sports","15":"tag-yamaha"},"share_on_mastodon":{"url":"https:\/\/pubeurope.com\/@fr\/114980314486439444","error":""},"_links":{"self":[{"href":"https:\/\/www.europesays.com\/fr\/wp-json\/wp\/v2\/posts\/299717","targetHints":{"allow":["GET"]}}],"collection":[{"href":"https:\/\/www.europesays.com\/fr\/wp-json\/wp\/v2\/posts"}],"about":[{"href":"https:\/\/www.europesays.com\/fr\/wp-json\/wp\/v2\/types\/post"}],"author":[{"embeddable":true,"href":"https:\/\/www.europesays.com\/fr\/wp-json\/wp\/v2\/users\/2"}],"replies":[{"embeddable":true,"href":"https:\/\/www.europesays.com\/fr\/wp-json\/wp\/v2\/comments?post=299717"}],"version-history":[{"count":0,"href":"https:\/\/www.europesays.com\/fr\/wp-json\/wp\/v2\/posts\/299717\/revisions"}],"wp:featuredmedia":[{"embeddable":true,"href":"https:\/\/www.europesays.com\/fr\/wp-json\/wp\/v2\/media\/299718"}],"wp:attachment":[{"href":"https:\/\/www.europesays.com\/fr\/wp-json\/wp\/v2\/media?parent=299717"}],"wp:term":[{"taxonomy":"category","embeddable":true,"href":"https:\/\/www.europesays.com\/fr\/wp-json\/wp\/v2\/categories?post=299717"},{"taxonomy":"post_tag","embeddable":true,"href":"https:\/\/www.europesays.com\/fr\/wp-json\/wp\/v2\/tags?post=299717"}],"curies":[{"name":"wp","href":"https:\/\/api.w.org\/{rel}","templated":true}]}}