{"id":299725,"date":"2025-08-06T06:08:12","date_gmt":"2025-08-06T06:08:12","guid":{"rendered":"https:\/\/www.europesays.com\/fr\/299725\/"},"modified":"2025-08-06T06:08:12","modified_gmt":"2025-08-06T06:08:12","slug":"plus-les-temps-pour-les-clashs-petit-la-fouine-affiche-et-tacle-par-gims-il-sort-la-sulfateuse","status":"publish","type":"post","link":"https:\/\/www.europesays.com\/fr\/299725\/","title":{"rendered":"\u00ab\u00a0Plus les temps pour les clashs, petit !\u00a0\u00bb : La Fouine affich\u00e9 et tacl\u00e9 par Gims, il sort la sulfateuse"},"content":{"rendered":"<p>      R\u00e9sum\u00e9<\/p>\n<p>Gims accuse La Fouine d&rsquo;une dette de 70 000 euros, provoquant un \u00e9change tendu entre les deux rappeurs autour d&rsquo;un litige financier li\u00e9 \u00e0 un studio.<\/p>\n<p>        Sommaire<\/p>\n<p>Il y aurait<strong> bel et bien un litige<\/strong> mais il n\u2019y aurait pas de lien direct avec <a href=\"https:\/\/www.public.fr\/tag\/maitre-gims\" target=\"_blank\" rel=\"noopener\">Gims<\/a>. Ce lundi 4 ao\u00fbt 2025, le rappeur a pris la parole sur ses r\u00e9seaux sociaux pour<a href=\"https:\/\/www.public.fr\/je-voulais-pas-en-arriver-la-mais-bon-gims-affiche-la-somme-astronomique-que-lui-doit-la-fouine-et-regle-ses-comptes\" target=\"_blank\" rel=\"noopener\"> s\u2019attaquer \u00e0 un autre artiste : La Fouine.<\/a>\u00a0<\/p>\n<p>Dans une s\u00e9rie de stories, <a href=\"https:\/\/vsd.fr\/tag\/gims\/\" target=\"_blank\" rel=\"noopener\">l\u2019artiste aux lunettes<\/a> a en effet affich\u00e9 l\u2019interpr\u00e8te de <strong>\u00ab\u00a0Qui peut me stopper\u00a0\u00bb <\/strong>qui lui devrait, selon ses dires, une importante somme d\u2019argent depuis de nombreuses ann\u00e9es.\u00a0<\/p>\n<p>Malgr\u00e9 cette \u00e9ventuelle dette, La Fouine ne donnerait plus signe de vie d\u2019apr\u00e8s Gims et jouerait la montre. Face \u00e0 la situation, l\u2019ancien membre de la Sexion d\u2019Assaut a donc d\u00e9cid\u00e9 d\u2019agir et afficher son litige avec lui sur les r\u00e9seaux sociaux.\u00a0<\/p>\n<p>Gims s&rsquo;attaque \u00e0 La Fouine et l&rsquo;affiche<\/p>\n<p>\u00ab\u00a0La Fouine, tu es difficile \u00e0 joindre.\u00a0<strong>J&rsquo;aimerais r\u00e9cup\u00e9rer les 70 000 euros que tu me dois s&rsquo;il te pla\u00eet<\/strong>. Je ne voulais pas en arriver l\u00e0, mais bon, ici, c&rsquo;est s\u00fbr que tu vas lire\u00a0\u00bb\u00a0a \u00e9crit l\u2019interpr\u00e8te de Ciel dans une story, qui ne s\u2019est toutefois pas arr\u00eat\u00e9 l\u00e0.\u00a0<\/p>\n<p>En effet, Gims a tacl\u00e9 La Fouine en lui rappelant qu\u2019il se vanter d\u2019avoir une fortune alors qu\u2019il ne serait pas capable de r\u00e9gler des dettes datant d\u2019il y a plusieurs ann\u00e9es :\u00a0\u00bbArr\u00eate de parler d&rsquo;oseille, de millions dans tes sons stp.\u00a0<strong>Viens d\u00e9j\u00e0 payer le studio, les employ\u00e9s, merci<\/strong>\u00ab\u00a0.<\/p>\n<p>Dans une autre story, l\u2019artiste aux lunettes a insist\u00e9 et a assur\u00e9 qu\u2019il ne s\u2019agissait pas d\u2019un coup de buzz dans son coup de gueule, et qu\u2019il ne s\u2019agissait pas non plus de pr\u00e9parer un \u00e9ventuel feat en commun : \u00ab\u00a0C\u2019est pas du buzz, c&rsquo;est pas un feat qui se pr\u00e9pare.\u00a0<strong>J&rsquo;ai refus\u00e9 14 fois de chanter avec lui depuis Sexion d&rsquo;Assaut. Il insiste<\/strong>. Je ne veux pas chanter avec toi La Fouine, t&rsquo;arrives \u00e0 lire \u00e7a. Donc stp, ram\u00e8ne le zingu\u00e9 (sic)\u00a0\u00bb.<\/p>\n<p>Le principal int\u00e9ress\u00e9 r\u00e9pond enfin<\/p>\n<p>Jusqu\u2019ici, La Fouine <strong>n\u2019avait pas encore r\u00e9pondu<\/strong> \u00e0 Gims. C\u2019est d\u00e9sormais chose faite depuis quelques heures. En effet, l\u2019ancien rival de <a href=\"https:\/\/www.public.fr\/tag\/booba\" target=\"_blank\" rel=\"noopener\">Booba<\/a> a d\u00e9cid\u00e9 de r\u00e9torquer et se d\u00e9fendre face aux accusations de son homologue, sur ses r\u00e9seaux sociaux.<\/p>\n<p>S\u2019il confirme le fait qu\u2019il y aurait un litige entre son label et un studio parisien, il indique que Gims ne serait pas directement concern\u00e9. \u00ab\u00a0Il y a un petit litige entre mon label et un studio parisien <strong>dans lequel visiblement Gims a des parts<\/strong>\u00ab\u00a0, a-t-il d\u2019abord confirm\u00e9.<\/p>\n<p>Avant de poursuivre : \u00ab\u00a0<strong>T&rsquo;as envoy\u00e9 tes avocats pour saisir la justice<\/strong>, comme d\u2019habitude&#8230; Donc maintenant assume et laisse les avocats porter \u00e7a devant les tribunaux, et pas devant les r\u00e9seaux sociaux. Je ne dois RIEN \u00e0 personne, et j&rsquo;ai plus le temps pour les clashs petit !\u00a0\u00bb. Reste \u00e0 savoir si cette histoire va en rester l\u00e0.\u00a0<\/p>\n<p>      Mentionn\u00e9s dans cet article<\/p>\n<p>      Sur le m\u00eame sujet<\/p>\n","protected":false},"excerpt":{"rendered":"R\u00e9sum\u00e9 Gims accuse La Fouine d&rsquo;une dette de 70 000 euros, provoquant un \u00e9change tendu entre les deux&hellip;\n","protected":false},"author":2,"featured_media":299726,"comment_status":"","ping_status":"","sticky":false,"template":"","format":"standard","meta":{"footnotes":""},"categories":[1359],"tags":[3646,12232,6327,58,59,1011,27,43842,16676,973],"class_list":{"0":"post-299725","1":"post","2":"type-post","3":"status-publish","4":"format-standard","5":"has-post-thumbnail","7":"category-people","8":"tag-booba","9":"tag-clash","10":"tag-dette","11":"tag-divertissement","12":"tag-entertainment","13":"tag-fr","14":"tag-france","15":"tag-la-fouine","16":"tag-maitre-gims","17":"tag-people"},"share_on_mastodon":{"url":"https:\/\/pubeurope.com\/@fr\/114980330317302242","error":""},"_links":{"self":[{"href":"https:\/\/www.europesays.com\/fr\/wp-json\/wp\/v2\/posts\/299725","targetHints":{"allow":["GET"]}}],"collection":[{"href":"https:\/\/www.europesays.com\/fr\/wp-json\/wp\/v2\/posts"}],"about":[{"href":"https:\/\/www.europesays.com\/fr\/wp-json\/wp\/v2\/types\/post"}],"author":[{"embeddable":true,"href":"https:\/\/www.europesays.com\/fr\/wp-json\/wp\/v2\/users\/2"}],"replies":[{"embeddable":true,"href":"https:\/\/www.europesays.com\/fr\/wp-json\/wp\/v2\/comments?post=299725"}],"version-history":[{"count":0,"href":"https:\/\/www.europesays.com\/fr\/wp-json\/wp\/v2\/posts\/299725\/revisions"}],"wp:featuredmedia":[{"embeddable":true,"href":"https:\/\/www.europesays.com\/fr\/wp-json\/wp\/v2\/media\/299726"}],"wp:attachment":[{"href":"https:\/\/www.europesays.com\/fr\/wp-json\/wp\/v2\/media?parent=299725"}],"wp:term":[{"taxonomy":"category","embeddable":true,"href":"https:\/\/www.europesays.com\/fr\/wp-json\/wp\/v2\/categories?post=299725"},{"taxonomy":"post_tag","embeddable":true,"href":"https:\/\/www.europesays.com\/fr\/wp-json\/wp\/v2\/tags?post=299725"}],"curies":[{"name":"wp","href":"https:\/\/api.w.org\/{rel}","templated":true}]}}