{"id":299731,"date":"2025-08-06T06:11:11","date_gmt":"2025-08-06T06:11:11","guid":{"rendered":"https:\/\/www.europesays.com\/fr\/299731\/"},"modified":"2025-08-06T06:11:11","modified_gmt":"2025-08-06T06:11:11","slug":"wednesday-saison-2-debarque-sur-netflix-voici-notre-verdict-sur-la-serie-la-plus-attendue-du-mois-voire-de-lannee","status":"publish","type":"post","link":"https:\/\/www.europesays.com\/fr\/299731\/","title":{"rendered":"\u00ab\u00a0Wednesday\u00a0\u00bb saison 2 d\u00e9barque sur Netflix\u00a0: voici notre verdict sur la s\u00e9rie la plus attendue du mois, voire de l&rsquo;ann\u00e9e"},"content":{"rendered":"<p class=\"ap-StoryElement ap-StoryElement--mb js-paywall-target ap-StoryText\">Parmi les nouveaux \u00e9l\u00e8ves, le petit fr\u00e8re de Mercredi ne va pas tarder \u00e0 faire parler de lui. Pugsley Addams, grand amateur de tout ce qui est vilain et qui se mange, rejoint sa s\u0153ur \u00e0 Nevermore et voil\u00e0 bien un boulet dont elle se serait pass\u00e9e. D&rsquo;autant que \u2013 souvenez-vous \u2013 Mercredi est harcel\u00e9e par un dingo (la s\u00e9rie n&rsquo;en manque pas) qui, depuis le dernier \u00e9pisode de la premi\u00e8re saison, veut lui faire la peau.<\/p>\n<p class=\"ap-StoryElement ap-StoryElement--mb ap-StoryText\">Tous les ingr\u00e9dients sont donc sur la table pour que ces nouveaux \u00e9pisodes soient piment\u00e9s \u00e0 souhait. Sauf que la mayonnaise ne prend pas vraiment. Est-ce parce que l&rsquo;attente \u00e9tait trop grande ? Allez savoir. La mise en place est longue, trop longue, et l&rsquo;on se d\u00e9sint\u00e9resse des histoires p\u00e9riph\u00e9riques qui n&rsquo;apportent pas grand-chose \u00e0 l&rsquo;affaire.<\/p>\n<p><a href=\"https:\/\/www.dhnet.be\/medias\/cinema\/2025\/08\/03\/wednesday-empeche-jenna-ortega-de-dormir-et-lui-donne-des-cauchemars-ZM3XV6WBVRHWHOWDM7PHMFBMRM\/\" target=\"_blank\" rel=\"noopener noreferrer\" class=\"ap-StoryInterstitialLink ap-StoryElement ap-StoryElement--mb\">Wednesday emp\u00eache Jenna Ortega de dormir et lui \u00ab\u00a0donne des cauchemars\u00a0\u00bb<\/a>Bienvenu dans l&rsquo;univers de Tim Burton<\/p>\n<p class=\"ap-StoryElement ap-StoryElement--mb ap-StoryText\">Une fois pass\u00e9e ces plans fastidieux et quand entre en sc\u00e8ne Barry Dort (Steve Buscemi, magnifique), le nouveau principal de Nevermore, la s\u00e9rie trouve sa vitesse de croisi\u00e8re et l&rsquo;on entre alors de plain-pied dans l&rsquo;univers de Tim Burton (qui r\u00e9alise certains des \u00e9pisodes). Certaines sc\u00e8nes font clairement penser aux Noces fun\u00e8bres ou \u00e0 L&rsquo;\u00e9trange No\u00ebl de Monsieur Jack et on en redemande.<\/p>\n<p><a href=\"https:\/\/www.dhnet.be\/medias\/series\/2025\/07\/24\/netflix-annonce-une-troisieme-saison-de-wednesday-cest-un-plaisir-sinistre-de-la-voir-envouter-le-public-du-monde-entier-CK7BMPVYJJG7ZOVVOQG6NB4XVY\/\" target=\"_blank\" rel=\"noopener noreferrer\" class=\"ap-StoryInterstitialLink ap-StoryElement ap-StoryElement--mb\">Netflix annonce une troisi\u00e8me saison de Wednesday : \u00ab\u00a0C&rsquo;est un plaisir sinistre de la voir envo\u00fbter le public du monde entier\u00a0\u00bb<\/a><\/p>\n<p class=\"ap-StoryElement ap-StoryElement--mb ap-StoryText\">Toujours absolument impeccable, Jenna Ortega est une Mercredi plus vilaine que jamais, n&rsquo;ayant nulle compassion pour le commun des mortels et devant, qui plus est, assumer son nouveau statut de \u00ab\u00a0Star\u00a0\u00bb, celle qui a sauv\u00e9 l&rsquo;\u00e9cole \u00e0 la fin de la premi\u00e8re saison. \u00c0 peine arriv\u00e9e \u00e0 Nevermore, elle se fait d&rsquo;ailleurs harponner par de jeunes \u00e9l\u00e8ves qui veulent faire un selfie et \u00e7a, \u00e7a ne lui pla\u00eet pas du tout\u2026 \u00c0 ses c\u00f4t\u00e9s, on retrouve ses vieux \u00ab\u00a0amis\u00a0\u00bb, Enid, Bianca, Ajax et, \u00e9videmment, ses in\u00e9narrables parents, Morticia et Gomez (Catherine Zeta Jones et Luis Guzman), plus amoureux que jamais.<\/p>\n<p><a href=\"https:\/\/www.dhnet.be\/medias\/series\/2025\/08\/04\/voici-pourquoi-netflix-decoupe-les-saisons-de-ses-series-phare-en-deux-ou-trois-parties-R5VKMBHJK5FUDGDOJEBFDI3774\/\" target=\"_blank\" rel=\"noopener noreferrer\" class=\"ap-StoryInterstitialLink ap-StoryElement ap-StoryElement--mb\">Voici pourquoi Netflix d\u00e9coupe les saisons de ses s\u00e9ries phare en deux ou trois parties<\/a><\/p>\n<p class=\"ap-StoryElement ap-StoryElement--mb ap-StoryText\">D&rsquo;autres noms prestigieux viennent compl\u00e9ter le casting (comme Joanna Lumley), preuve que Netflix croit plus que jamais au pouvoir de s\u00e9duction de la tr\u00e8s sombre Mercredi. Alors que la saison 2 d\u00e9marre aujourd&rsquo;hui, une troisi\u00e8me saison est d\u00e9j\u00e0 en pr\u00e9paration.<\/p>\n<ul class=\"ap-StoryLinkElement list-disc ap-StoryElement ap-StoryElement--mb\">\n<li class=\"ap-StoryLinkElement-item\"><b>Wednesday saison 2<\/b>, S\u00e9rie <b>De<\/b> Alfred Gough et Miles Millar <b>R\u00e9alis\u00e9 par<\/b> Tim Burton, Paco Cabezas, Angela Robinson <b>Avec<\/b> Jenna Ortega, Steve Buscemi, Emma Myers, Catherine Zeta-Jones, Joanna Lumley\u2026 <b>Netflix<\/b>, 8 x 50 minutes environ<\/li>\n<\/ul>\n","protected":false},"excerpt":{"rendered":"Parmi les nouveaux \u00e9l\u00e8ves, le petit fr\u00e8re de Mercredi ne va pas tarder \u00e0 faire parler de lui.&hellip;\n","protected":false},"author":2,"featured_media":299732,"comment_status":"","ping_status":"","sticky":false,"template":"","format":"standard","meta":{"footnotes":""},"categories":[1356],"tags":[9499,1350,15549,26388,58,59,1219,1011,27,26393,43989,26395,3754,9021,1238,9026,43990,1314,26400,128,252,43991,1364,27952,26405],"class_list":{"0":"post-299731","1":"post","2":"type-post","3":"status-publish","4":"format-standard","5":"has-post-thumbnail","7":"category-television","8":"tag-adult","9":"tag-architecture","10":"tag-celebrity","11":"tag-clothing","12":"tag-divertissement","13":"tag-entertainment","14":"tag-female","15":"tag-fr","16":"tag-france","17":"tag-front-view","18":"tag-hairstyle","19":"tag-looking-at-camera","20":"tag-media","21":"tag-one-person","22":"tag-person","23":"tag-portrait","24":"tag-screenshot","25":"tag-series","26":"tag-standing","27":"tag-streaming","28":"tag-television","29":"tag-three-quarter-length","30":"tag-tv","31":"tag-women","32":"tag-young-adult"},"share_on_mastodon":{"url":"https:\/\/pubeurope.com\/@fr\/114980342106531665","error":""},"_links":{"self":[{"href":"https:\/\/www.europesays.com\/fr\/wp-json\/wp\/v2\/posts\/299731","targetHints":{"allow":["GET"]}}],"collection":[{"href":"https:\/\/www.europesays.com\/fr\/wp-json\/wp\/v2\/posts"}],"about":[{"href":"https:\/\/www.europesays.com\/fr\/wp-json\/wp\/v2\/types\/post"}],"author":[{"embeddable":true,"href":"https:\/\/www.europesays.com\/fr\/wp-json\/wp\/v2\/users\/2"}],"replies":[{"embeddable":true,"href":"https:\/\/www.europesays.com\/fr\/wp-json\/wp\/v2\/comments?post=299731"}],"version-history":[{"count":0,"href":"https:\/\/www.europesays.com\/fr\/wp-json\/wp\/v2\/posts\/299731\/revisions"}],"wp:featuredmedia":[{"embeddable":true,"href":"https:\/\/www.europesays.com\/fr\/wp-json\/wp\/v2\/media\/299732"}],"wp:attachment":[{"href":"https:\/\/www.europesays.com\/fr\/wp-json\/wp\/v2\/media?parent=299731"}],"wp:term":[{"taxonomy":"category","embeddable":true,"href":"https:\/\/www.europesays.com\/fr\/wp-json\/wp\/v2\/categories?post=299731"},{"taxonomy":"post_tag","embeddable":true,"href":"https:\/\/www.europesays.com\/fr\/wp-json\/wp\/v2\/tags?post=299731"}],"curies":[{"name":"wp","href":"https:\/\/api.w.org\/{rel}","templated":true}]}}