{"id":299745,"date":"2025-08-06T06:18:12","date_gmt":"2025-08-06T06:18:12","guid":{"rendered":"https:\/\/www.europesays.com\/fr\/299745\/"},"modified":"2025-08-06T06:18:12","modified_gmt":"2025-08-06T06:18:12","slug":"droits-de-douane-la-presidente-de-la-suisse-et-son-ministre-a-washington-pour-negocier-actualites","status":"publish","type":"post","link":"https:\/\/www.europesays.com\/fr\/299745\/","title":{"rendered":"Droits de douane: la pr\u00e9sidente de la Suisse et son ministre \u00e0 Washington pour n\u00e9gocier : Actualit\u00e9s"},"content":{"rendered":"<p class=\"lead \">La pr\u00e9sidente de la Suisse et son ministre de l&rsquo;Economie arrivent mardi en urgence \u00e0 Washington pour tenter de n\u00e9gocier avec Donald Trump, dans un compte \u00e0 rebours serr\u00e9 avant l&rsquo;\u00e9ch\u00e9ance de jeudi pour les droits de douane, pr\u00e9vus \u00e0 39% pour les produits helv\u00e9tiques arrivant aux Etats-Unis.<\/p>\n<p class=\"lead \">Dans un communiqu\u00e9 publi\u00e9 mardi, le Conseil f\u00e9d\u00e9ral (gouvernement) a annonc\u00e9 que Karin Keller-Sutter, la pr\u00e9sidente de la Conf\u00e9d\u00e9ration, \u00e9galement ministre des Finances, ainsi que Guy Parmelin, le ministre de l&rsquo;Economie, se rendent \u00e0 Washington \u00ab\u00a0afin d&rsquo;obtenir des entrevues avec les autorit\u00e9s am\u00e9ricaines\u00a0\u00bb pour discuter des droits de douane.<\/p>\n<p class=\"lead \">\u00ab\u00a0L&rsquo;objectif est de pr\u00e9senter aux Etats-Unis une offre plus attrayante, qui permette de diminuer le montant des droits de douane additionnels appliqu\u00e9s aux exportations suisses, tout en tenant compte des pr\u00e9occupations des Etats-Unis\u00a0\u00bb, pr\u00e9cise le communiqu\u00e9.<\/p>\n<p class=\"lead \">Aucun rendez-vous n&rsquo;est pr\u00e9vu \u00ab\u00a0pour l&rsquo;instant\u00a0\u00bb avec Donald Trump, a fait savoir un responsable de la Maison Blanche \u00e0 l&rsquo;AFP.<\/p>\n<p class=\"lead \">Mme Keller-Sutter et M. Parmelin arrivent \u00e0 Washington \u00ab\u00a0accompagn\u00e9s d&rsquo;une petite d\u00e9l\u00e9gation\u00a0\u00bb incluant deux secr\u00e9taires d&rsquo;Etat, d\u00e9taille le communiqu\u00e9.<\/p>\n<p class=\"lead \">La Suisse a \u00e9t\u00e9 sonn\u00e9e par les annonces de la Maison Blanche la semaine pass\u00e9e qui a relev\u00e9 les droits de douane applicables aux produits helv\u00e9tiques \u00e0 39%, contre 31% initialement pr\u00e9vus d\u00e9but avril.<\/p>\n<p class=\"lead \">Le pays alpin a \u00e9t\u00e9 d&rsquo;autant plus surpris que le gouvernement avait d&#8217;embl\u00e9e choisi la voie de la n\u00e9gociation apr\u00e8s ce que Donald Trump avait surnomm\u00e9 le \u00ab\u00a0Liberation Day\u00a0\u00bb (jour de la lib\u00e9ration).  <\/p>\n<p class=\"lead \">Ce niveau, beaucoup plus \u00e9lev\u00e9 que les 15% qui vont \u00eatre appliqu\u00e9s aux produits de l&rsquo;Union europ\u00e9enne import\u00e9s aux Etats-Unis, suscite de vives inqui\u00e9tudes chez les entreprises suisses.<\/p>\n<p class=\"lead \">&#8211; Montres et m\u00e9dicaments &#8211;<\/p>\n<p class=\"lead \">Dans un communiqu\u00e9 publi\u00e9 lundi apr\u00e8s une r\u00e9union de crise, le Conseil f\u00e9d\u00e9ral a fait valoir que pr\u00e8s de 60% des exportations de biens suisses aux \u00c9tats-Unis risquent d&rsquo;\u00eatre frapp\u00e9s par ces droits de douane suppl\u00e9mentaires de 39%. <\/p>\n<p class=\"lead \">Le gouvernement s&rsquo;est r\u00e9uni lundi \u00e0 distance pour une s\u00e9ance extraordinaire face \u00e0 l&rsquo;urgence de la situation pour trouver une solution d&rsquo;ici le 7 ao\u00fbt. <\/p>\n<p class=\"lead \">Les Etats-Unis sont un partenaire cl\u00e9 de la Suisse, les \u00e9changes commerciaux entre les deux pays ayant \u00ab\u00a0quadrupl\u00e9 au cours des 20 derni\u00e8res ann\u00e9es\u00a0\u00bb, a soulign\u00e9 lundi le Conseil f\u00e9d\u00e9ral. <\/p>\n<p class=\"lead \">La Suisse est le sixi\u00e8me plus gros investisseur \u00e9tranger aux \u00c9tats-Unis et occupe m\u00eame \u00ab\u00a0le premier rang\u00a0\u00bb au niveau des investissements dans la recherche et du d\u00e9veloppement, n&rsquo;a pas manqu\u00e9 de rappeler le gouvernement suisse.   <\/p>\n<p class=\"lead \">Selon les relev\u00e9s des douanes, les Etats-Unis captaient 18,6% des exportations de marchandises de la Suisse en 2024, qui y exporte surtout des m\u00e9dicaments. S&rsquo;y ajoutent des machines industrielles, des capsules de caf\u00e9 et les produits embl\u00e9matiques de la Suisse comme des montres, du fromage et du chocolat.<\/p>\n<p class=\"lead \">L&rsquo;horlogerie fait partie des secteurs qui risquent d&rsquo;\u00eatre durement touch\u00e9s, puisque les montres sont produites dans le pays pour pouvoir y apposer le label \u00ab\u00a0Made in Switzerland\u00a0\u00bb (Fabriqu\u00e9 en Suisse), consid\u00e9r\u00e9 comme le gage de leur grande qualit\u00e9.   <\/p>\n<p class=\"lead \">Dans un entretien publi\u00e9 lundi soir par le quotidien suisse Le Temps, le patron du groupe Swatch, Nick Hayek, avait appel\u00e9 la pr\u00e9sidente de la Conf\u00e9d\u00e9ration \u00e0 se rendre en personne \u00e0 Washington. <\/p>\n<p class=\"lead \">\u00ab\u00a0Il faut que notre pr\u00e9sidente Karin Keller-Sutter r\u00e9agisse et trouve une solution en personne et sur place\u00a0\u00bb, a ajout\u00e9 le patron du groupe horloger.<\/p>\n<p class=\"lead \">D&rsquo;apr\u00e8s les calculs du professeur d&rsquo;\u00e9conomie Hans Gersbach, ces droits de douane \u00e0 39% pourraient co\u00fbter entre 0,3% et 0,6% de croissance annuelle \u00e0 la Suisse. L&rsquo;impact sur son produit int\u00e9rieur brut (PIB) pourrait m\u00eame grimper \u00e0 \u00ab\u00a0au moins 0,7%\u00a0\u00bb, selon le sort r\u00e9serv\u00e9 aux produits pharmaceutiques, un pilier de l&rsquo;\u00e9conomie helv\u00e9tique, a-t-il pr\u00e9venu.<\/p>\n<p class=\"lead \">Dans une interview mardi avec la cha\u00eene de t\u00e9l\u00e9vision CNBC, Donald Trump a \u00e9voqu\u00e9 une surtaxe qu&rsquo;il compte imposer sur les produits pharmaceutiques.<\/p>\n<p class=\"lead \">\u00ab\u00a0Nous allons, d&rsquo;abord, mettre un droit de douane bas sur les produits pharmaceutiques, mais, dans un an, un an et demi maximum, cela sera 150% et ensuite ce sera 250% parce qu&rsquo;on veut des m\u00e9dicaments fabriqu\u00e9s dans notre pays\u00a0\u00bb, a-t-il affirm\u00e9.<\/p>\n<p class=\"small font-weight-bold text-gray3 \"> publi\u00e9 le 6 ao\u00fbt \u00e0 01h15, AFP<\/p>\n<p>                             Partager<\/p>\n","protected":false},"excerpt":{"rendered":"La pr\u00e9sidente de la Suisse et son ministre de l&rsquo;Economie arrivent mardi en urgence \u00e0 Washington pour tenter&hellip;\n","protected":false},"author":2,"featured_media":299746,"comment_status":"","ping_status":"","sticky":false,"template":"","format":"standard","meta":{"footnotes":""},"categories":[6],"tags":[35,215,2822,33,34,21821,1011,27,418,8407,20710,3067,308],"class_list":{"0":"post-299745","1":"post","2":"type-post","3":"status-publish","4":"format-standard","5":"has-post-thumbnail","7":"category-economie","8":"tag-business","9":"tag-commerce","10":"tag-douanes","11":"tag-economie","12":"tag-economy","13":"tag-exportations","14":"tag-fr","15":"tag-france","16":"tag-gouvernement","17":"tag-importations","18":"tag-indicateur","19":"tag-suisse","20":"tag-usa"},"share_on_mastodon":{"url":"https:\/\/pubeurope.com\/@fr\/114980369676697800","error":""},"_links":{"self":[{"href":"https:\/\/www.europesays.com\/fr\/wp-json\/wp\/v2\/posts\/299745","targetHints":{"allow":["GET"]}}],"collection":[{"href":"https:\/\/www.europesays.com\/fr\/wp-json\/wp\/v2\/posts"}],"about":[{"href":"https:\/\/www.europesays.com\/fr\/wp-json\/wp\/v2\/types\/post"}],"author":[{"embeddable":true,"href":"https:\/\/www.europesays.com\/fr\/wp-json\/wp\/v2\/users\/2"}],"replies":[{"embeddable":true,"href":"https:\/\/www.europesays.com\/fr\/wp-json\/wp\/v2\/comments?post=299745"}],"version-history":[{"count":0,"href":"https:\/\/www.europesays.com\/fr\/wp-json\/wp\/v2\/posts\/299745\/revisions"}],"wp:featuredmedia":[{"embeddable":true,"href":"https:\/\/www.europesays.com\/fr\/wp-json\/wp\/v2\/media\/299746"}],"wp:attachment":[{"href":"https:\/\/www.europesays.com\/fr\/wp-json\/wp\/v2\/media?parent=299745"}],"wp:term":[{"taxonomy":"category","embeddable":true,"href":"https:\/\/www.europesays.com\/fr\/wp-json\/wp\/v2\/categories?post=299745"},{"taxonomy":"post_tag","embeddable":true,"href":"https:\/\/www.europesays.com\/fr\/wp-json\/wp\/v2\/tags?post=299745"}],"curies":[{"name":"wp","href":"https:\/\/api.w.org\/{rel}","templated":true}]}}