{"id":299763,"date":"2025-08-06T06:34:15","date_gmt":"2025-08-06T06:34:15","guid":{"rendered":"https:\/\/www.europesays.com\/fr\/299763\/"},"modified":"2025-08-06T06:34:15","modified_gmt":"2025-08-06T06:34:15","slug":"un-suspect-interpelle-grace-au-signalement-dun-temoin","status":"publish","type":"post","link":"https:\/\/www.europesays.com\/fr\/299763\/","title":{"rendered":"un suspect interpell\u00e9 gr\u00e2ce au signalement d\u2019un t\u00e9moin"},"content":{"rendered":"<p>\n\t\t\t\t\t La femme t\u00e9moin des incendies, \u00e0 l\u2019origine du signalement, est contact\u00e9e et se voit pr\u00e9senter une photographie du suspect. Elle le reconna\u00eet formellement comme \u00e9tant l\u2019auteur des feux de poubelles. L\u2019homme, \u00e2g\u00e9 de 24 ans, est aussit\u00f4t interpell\u00e9 puis plac\u00e9 en garde \u00e0 vue. Une enqu\u00eate a \u00e9t\u00e9 ouverte afin de d\u00e9terminer les circonstances exactes et les motivations de l\u2019individu. <br \/>\u00a0\n\t\t\t\t <\/p>\n","protected":false},"excerpt":{"rendered":"La femme t\u00e9moin des incendies, \u00e0 l\u2019origine du signalement, est contact\u00e9e et se voit pr\u00e9senter une photographie du&hellip;\n","protected":false},"author":2,"featured_media":299764,"comment_status":"","ping_status":"","sticky":false,"template":"","format":"standard","meta":{"footnotes":""},"categories":[9587],"tags":[1111,11,1777,674,1011,27,1934,12,5161,25,9590,5163],"class_list":{"0":"post-299763","1":"post","2":"type-post","3":"status-publish","4":"format-standard","5":"has-post-thumbnail","7":"category-rouen","8":"tag-actu","9":"tag-actualites","10":"tag-eu","11":"tag-europe","12":"tag-fr","13":"tag-france","14":"tag-infos-locales","15":"tag-news","16":"tag-normandie","17":"tag-republique-francaise","18":"tag-rouen","19":"tag-seine-maritime"},"share_on_mastodon":{"url":"https:\/\/pubeurope.com\/@fr\/114980432262781372","error":""},"_links":{"self":[{"href":"https:\/\/www.europesays.com\/fr\/wp-json\/wp\/v2\/posts\/299763","targetHints":{"allow":["GET"]}}],"collection":[{"href":"https:\/\/www.europesays.com\/fr\/wp-json\/wp\/v2\/posts"}],"about":[{"href":"https:\/\/www.europesays.com\/fr\/wp-json\/wp\/v2\/types\/post"}],"author":[{"embeddable":true,"href":"https:\/\/www.europesays.com\/fr\/wp-json\/wp\/v2\/users\/2"}],"replies":[{"embeddable":true,"href":"https:\/\/www.europesays.com\/fr\/wp-json\/wp\/v2\/comments?post=299763"}],"version-history":[{"count":0,"href":"https:\/\/www.europesays.com\/fr\/wp-json\/wp\/v2\/posts\/299763\/revisions"}],"wp:featuredmedia":[{"embeddable":true,"href":"https:\/\/www.europesays.com\/fr\/wp-json\/wp\/v2\/media\/299764"}],"wp:attachment":[{"href":"https:\/\/www.europesays.com\/fr\/wp-json\/wp\/v2\/media?parent=299763"}],"wp:term":[{"taxonomy":"category","embeddable":true,"href":"https:\/\/www.europesays.com\/fr\/wp-json\/wp\/v2\/categories?post=299763"},{"taxonomy":"post_tag","embeddable":true,"href":"https:\/\/www.europesays.com\/fr\/wp-json\/wp\/v2\/tags?post=299763"}],"curies":[{"name":"wp","href":"https:\/\/api.w.org\/{rel}","templated":true}]}}