{"id":299777,"date":"2025-08-06T06:42:11","date_gmt":"2025-08-06T06:42:11","guid":{"rendered":"https:\/\/www.europesays.com\/fr\/299777\/"},"modified":"2025-08-06T06:42:11","modified_gmt":"2025-08-06T06:42:11","slug":"nice-benfica-a-quelle-heure-sur-quelle-chaine-tv-voir-le-3e-tour-preliminaire-de-ligue-des-champions","status":"publish","type":"post","link":"https:\/\/www.europesays.com\/fr\/299777\/","title":{"rendered":"Nice-Benfica : \u00e0 quelle heure, sur quelle cha\u00eene TV voir le 3e tour pr\u00e9liminaire de Ligue des champions ?"},"content":{"rendered":"<p class=\"paragraph text_align_left lp-f-body-02\">\u00ab Il faut \u00eatre persuad\u00e9 qu\u2019on est capable de le faire \u00bb, a insist\u00e9 Franck Haise, mardi en conf\u00e9rence de presse de veille de <a href=\"https:\/\/www.leparisien.fr\/sports\/football\/ligue-des-champions\/nice-benfica-le-grand-defi-des-aiglons-lors-du-3e-tour-des-qualifications-de-la-ligue-des-champions-05-08-2025-SS3UQFLLA5EMHKPWTMNYNS6CPI.php\" target=\"_blank\" rel=\"noreferrer nofollow noopener\">match contre le Benfica Lisbonne<\/a>, au <a href=\"https:\/\/www.leparisien.fr\/sports\/football\/ligue-des-champions\/tout-savoir-sur-le-troisieme-tour-des-qualifications-de-la-ligue-des-champions-avec-lentree-en-lice-de-nice-05-08-2025-EHEZKO2VMBEF5PQQR7ETW53ITM.php\" target=\"_blank\" rel=\"noreferrer nofollow noopener\">3e tour pr\u00e9liminaire aller de la Ligue des champions<\/a>.<\/p>\n<p class=\"paragraph text_align_left lp-f-body-02\">\u00ab Il n\u2019y a pas besoin de parler longtemps de Benfica, a indiqu\u00e9 Haise. C\u2019est une grosse \u00e9quipe. Ce qui compte c\u2019est ce qu\u2019on va faire, nous ! (\u2026) Il faut \u00eatre persuad\u00e9 qu\u2019on est capable de le faire. \u00bb<\/p>\n<p class=\"paragraph text_align_left lp-f-body-02\">\u00ab Si on commence \u00e0 \u00eatre effray\u00e9 par les adversaires, on reste chez nous, a-t-il martel\u00e9. Benfica a des tops joueurs, comme toutes les grandes \u00e9quipes. Mais on sera l\u00e0, avec nos forces. \u00bb<\/p>\n<p class=\"paragraph text_align_left lp-f-body-02\">Plongeant dans son exp\u00e9rience lensoise, il a soulign\u00e9 : \u00ab J\u2019ai eu la chance de jouer des matchs de Ligue des champions comme coach. Les adversaires \u00e9taient tous plus forts. Et pourtant, on en a battu. \u00bb <\/p>\n<p class=\"paragraph text_align_left lp-f-body-02\">\u00ab On a envie de montrer notre meilleure image, ce qu\u2019on n\u2019a pas beaucoup r\u00e9ussi l\u2019ann\u00e9e derni\u00e8re en Coupe d\u2019Europe (NDLR : 35e sur 36 en Ligue Europa) \u00bb, a-t-il encore dit, donc \u00ab la seule chose obligatoire, c\u2019est de donner le meilleur \u00bb. M\u00eame si \u00ab personne ne peut \u00eatre \u00e0 100 % aujourd\u2019hui \u00bb, \u00ab je pr\u00e9f\u00e8re qu\u2019on soit dans l\u2019initiative, quitte \u00e0 faire des erreurs, plut\u00f4t que d\u2019attendre ce qui se passe \u00bb, a-t-il assum\u00e9.<\/p>\n<p class=\"paragraph text_align_left lp-f-body-02\"><b>La rencontre est \u00e0 suivre ce mercredi 6 ao\u00fbt \u00e0 21 heures sur <\/b><a href=\"https:\/\/www.leparisien.fr\/sports\/football\/nice-benfica-cest-quoi-solidsport-la-plateforme-qui-diffuse-le-tour-preliminaire-de-ligue-des-champions-06-08-2025-RWO26EQYIFEG7P2NVKUBMVLNYI.php\" target=\"_blank\" rel=\"noreferrer nofollow noopener\"><b>la plateforme Solidsport<\/b><\/a><b>, fonctionnant en <\/b><b>pay-per-view<\/b><b>. Pour voir le match, il faudra s\u2019acquitter de la somme de 7,95 euros.<\/b><\/p>\n","protected":false},"excerpt":{"rendered":"\u00ab Il faut \u00eatre persuad\u00e9 qu\u2019on est capable de le faire \u00bb, a insist\u00e9 Franck Haise, mardi en&hellip;\n","protected":false},"author":2,"featured_media":299778,"comment_status":"","ping_status":"","sticky":false,"template":"","format":"standard","meta":{"footnotes":""},"categories":[2819],"tags":[1111,11,1777,674,63,1011,27,447,12,2401,882,25,60],"class_list":{"0":"post-299777","1":"post","2":"type-post","3":"status-publish","4":"format-standard","5":"has-post-thumbnail","7":"category-nice","8":"tag-actu","9":"tag-actualites","10":"tag-eu","11":"tag-europe","12":"tag-football","13":"tag-fr","14":"tag-france","15":"tag-ligue-des-champions","16":"tag-news","17":"tag-nice","18":"tag-provence-alpes-cote-dazur","19":"tag-republique-francaise","20":"tag-sports"},"share_on_mastodon":{"url":"https:\/\/pubeurope.com\/@fr\/114980463847078632","error":""},"_links":{"self":[{"href":"https:\/\/www.europesays.com\/fr\/wp-json\/wp\/v2\/posts\/299777","targetHints":{"allow":["GET"]}}],"collection":[{"href":"https:\/\/www.europesays.com\/fr\/wp-json\/wp\/v2\/posts"}],"about":[{"href":"https:\/\/www.europesays.com\/fr\/wp-json\/wp\/v2\/types\/post"}],"author":[{"embeddable":true,"href":"https:\/\/www.europesays.com\/fr\/wp-json\/wp\/v2\/users\/2"}],"replies":[{"embeddable":true,"href":"https:\/\/www.europesays.com\/fr\/wp-json\/wp\/v2\/comments?post=299777"}],"version-history":[{"count":0,"href":"https:\/\/www.europesays.com\/fr\/wp-json\/wp\/v2\/posts\/299777\/revisions"}],"wp:featuredmedia":[{"embeddable":true,"href":"https:\/\/www.europesays.com\/fr\/wp-json\/wp\/v2\/media\/299778"}],"wp:attachment":[{"href":"https:\/\/www.europesays.com\/fr\/wp-json\/wp\/v2\/media?parent=299777"}],"wp:term":[{"taxonomy":"category","embeddable":true,"href":"https:\/\/www.europesays.com\/fr\/wp-json\/wp\/v2\/categories?post=299777"},{"taxonomy":"post_tag","embeddable":true,"href":"https:\/\/www.europesays.com\/fr\/wp-json\/wp\/v2\/tags?post=299777"}],"curies":[{"name":"wp","href":"https:\/\/api.w.org\/{rel}","templated":true}]}}