{"id":299785,"date":"2025-08-06T06:46:21","date_gmt":"2025-08-06T06:46:21","guid":{"rendered":"https:\/\/www.europesays.com\/fr\/299785\/"},"modified":"2025-08-06T06:46:21","modified_gmt":"2025-08-06T06:46:21","slug":"les-vins-bordeaux-seconomisent-une-fete-et-600-000-e-en-2026","status":"publish","type":"post","link":"https:\/\/www.europesays.com\/fr\/299785\/","title":{"rendered":"Les vins Bordeaux s\u2019\u00e9conomisent une f\u00eate et 600 000 \u20ac en 2026"},"content":{"rendered":"<p>Pas de Bordeaux F\u00eate le Vin en juin 2026 face aux coupes budg\u00e9taires pr\u00e9vues par l\u2019interprofession des vins girondins, qui veut \u00eatre au rendez-vous en juillet 2027 pour l\u2019accueil de la course Tall Ships Race pouvant accueillir 500 000 \u00e0 1 million de visiteurs.<\/p>\n<p>B<\/p>\n<p class=\"MsoNormal\">&#13;<br \/>\n\tordeaux f\u00eate le vin reste \u00e0 quai fin juin 2026\u00a0pour mieux mettre les voiles d\u00e9but juillet 2027 avec la course de grands voiliers Tall Ships Race. Devenu annuel en 2023 pour ses 25 ans, l\u2019\u00e9v\u00e8nement ayant servi 250 000 verres de vin sur 9 pavillons anim\u00e9s par 1 200 vignerons et n\u00e9gociants du 19 au 22 juin 2025 ne se tiendra pas l\u2019an prochain. \u00ab\u00a0Compte tenu des contraintes budg\u00e9taires affectant la fili\u00e8re vin, le Conseil Interprofessionnel du Vin de Bordeaux (CIVB) a d\u00e9cid\u00e9 de ne pas consacrer de budget \u00e0 Bordeaux F\u00eate le Vin 2026\u00a0\u00bb indique un communiqu\u00e9 sign\u00e9 par Bernard Farges, le pr\u00e9sident du CIVB, et Brigitte Bloch, la pr\u00e9sidente de l\u2019Office de tourisme et des congr\u00e8s de Bordeaux M\u00e9tropole.<a href=\"https:\/\/www.vitisphere.com\/actualite-104910-la-crise-viticole-ne-part-pas-en-vacances-mais-en-coups-de-gueule-et-de-pression-civb-faillite.html\" target=\"_blank\" rel=\"noopener\"> Encore interpel\u00e9 r\u00e9cemment par des vignerons manifestants pour faire des \u00e9conomies et gagner en efficacit\u00e9<\/a>,\u00a0le CIVB se serre la ceinture en pr\u00e9vision de nouvelles baisses de ses budgets, directement li\u00e9s aux commercialisations de vins AOC (ainsi qu\u2019aux tr\u00e9soreries de plus en plus tendues des op\u00e9rateurs bordelais), mais aussi pour mettre le paquet sur l\u2019\u00e9dition 2027 (du 7 au 11 juillet).<\/p>\n<p class=\"MsoNormal\">&#13;<br \/>\n\tFinan\u00e7ant un peu moins d\u2019un tiers des <a href=\"https:\/\/www.vitisphere.com\/actualite-104322-une-fete-du-vin-a-2-millions-avec-4-degustations-a-14-et-un-site-dachat-en-ligne.html\" target=\"_blank\" rel=\"noopener\">2,01 millions \u20ac HT n\u00e9cessaires \u00e0 la tenue de l\u2019\u00e9dition 2025<\/a>*,\u00a0le CIVB \u00e9conomise en 2026 pour mieux assurer un \u00e9v\u00e8nement inoubliable en 2027 assure Christophe Chateau, le commissaire g\u00e9n\u00e9ral des F\u00eates du Vin et directeur de la communication du CIVB. \u00ab\u00a0Le budget 2026 du CIVB sera vot\u00e9 fin 2025 et on sait qu\u2019il va \u00eatre serr\u00e9 (les volumes et les recettes baissent, cela d\u00e9pendra aussi de la r\u00e9colte 2025, tr\u00e8s beau mais manquant d\u2019eau \u00e0 date). On sait que Bordeaux F\u00eate le Vin 2027 va \u00eatre \u00e9norme\u00a0pour \u00eatre le plus gros \u00e9v\u00e8nement jamais organis\u00e9 \u00e0 Bordeaux. Nous concentrons tous nos efforts en 2027\u00a0\u00bb r\u00e9sume Christophe Chateau. Pour 2026, des discussions sont en cours pour envisager des \u00e9v\u00e8nements locaux\u00a0: \u00ab\u00a0il n\u2019y aura pas du tout de Bordeaux F\u00eate le Vin, m\u00eame en mode d\u00e9grad\u00e9\u00a0\u00bb pose le commissaire des f\u00eates du vin, pointant que les cavistes, restaurateurs et ostr\u00e9iculteurs girondins ne seront pas oubli\u00e9s\u00a0alors que les vins de Bordeaux ont pour priorit\u00e9 \u00eatre d\u2019\u00eatre pr\u00e9sents sur les march\u00e9s.<\/p>\n<p><img loading=\"lazy\" decoding=\"async\" width=\"40\" height=\"27\" src=\"https:\/\/www.europesays.com\/fr\/wp-content\/uploads\/2025\/04\/guillemet.png\"\/><\/p>\n<p>Pas de f\u00eate du vin sans la fili\u00e8re<\/p>\n<p><img loading=\"lazy\" decoding=\"async\" width=\"40\" height=\"27\" src=\"https:\/\/www.europesays.com\/fr\/wp-content\/uploads\/2025\/04\/guillemet.png\"\/><\/p>\n<p class=\"MsoNormal\">&#13;<br \/>\n\t\u00a0\u00ab\u00a0Les collectivit\u00e9s locales avaient confirm\u00e9 leurs budgets annualis\u00e9s. C\u2019est \u00e0 la demande du CIVB qu\u2019il n\u2019y aura pas de f\u00eate du vin en 2026. Nous, ville, m\u00e9tropole, office avons pris acte de ce choix\u00a0\u00bb indique \u00e0 Vitisphere Brigitte Bloch, conseill\u00e8re municipale d\u00e9l\u00e9gu\u00e9e au tourisme et \u00e0 l&rsquo;\u00e9conomie du vin de la ville de Bordeaux. B\u00e9n\u00e9ficiant de 150 000 \u20ac de la mairie de Bordeaux, 140 000 \u20ac de Bordeaux M\u00e9tropole et 70\u00a0000 \u20ac du conseil r\u00e9gional de Nouvelle-Aquitaine, l\u2019\u00e9v\u00e8nement n\u2019aura pas lieu en 2026\u00a0: \u00ab\u00a0on ne fait pas de f\u00eate du vin sans la fili\u00e8re. On a pris acte de cette volont\u00e9 qui n\u2019est pas de notre fait\u00a0\u00bb indique la vice-pr\u00e9sidente tourisme \u00e9v\u00e9nements et \u00e9quipements de la m\u00e9tropole de Bordeaux.<\/p>\n<p class=\"MsoNormal\">&#13;<br \/>\n\tEn sautant l\u2019\u00e9dition 2026, Bordeaux F\u00eate le Vin pourrait-il redevenir un \u00e9v\u00e8nement bisannuel\u00a0? \u00ab\u00a0La question est pos\u00e9e, il n\u2019y a pas de r\u00e9ponse \u00e0 \u00e7a\u00a0\u00bb indique Christophe Chateau, qui pr\u00e9cise qu\u2019\u00e0 l\u2019\u00e9tranger se tiendra une f\u00eate du vin \u00e0 Hong Kong du 23 au 26 octobre prochains. En 2026, rien n\u2019est encore fermement d\u00e9cid\u00e9 pour de nouvelles f\u00eates (que ce soit \u00e0 Hong Kong, ou \u00e0 Qu\u00e9bec, Liverpool, Bruxelles\u2026). \u00ab\u00a0En 2027 nous sommes s\u00fbrs de tout mettre sur Bordeaux, que soit la plus belle f\u00eate du vin jamais organis\u00e9e\u00a0\u00bb se projette le directeur de la communication du CIVB. Avec la Tall Ships Race, la mairie de Bordeaux table sur une \u00ab\u00a0fr\u00e9quentation estim\u00e9e de 500 000 \u00e0 1 million de visiteurs sur les quais de Bordeaux, m\u00e9tropolitains, girondins, n\u00e9o-aquitains bien s\u00fbr, mais aussi de touristes en s\u00e9jour sur la c\u00f4te ou ailleurs dans la r\u00e9gion\u00a0\u00bb indiquait Brigitte Bloch <a href=\"https:\/\/www.bordeaux-metropole.fr\/sites\/MET-BXMETRO-DRUPAL\/files\/bm_actes\/organismes\/bordeaux-metropole\/conseils\/2025-06-06\/Parapheur2025-243-1_0.pdf\" target=\"_blank\" rel=\"noopener\">lors du conseil de Bordeaux M\u00e9tropole ce 6 juin<\/a>,\u00a0ajoutant qu\u2019\u00ab\u00a0un tel \u00e9v\u00e8nement tenu \u00e0 Helsinki (Finlande) durant l\u2019\u00e9t\u00e9 2024 a g\u00e9n\u00e9r\u00e9 autour des 25 millions \u20ac de retomb\u00e9es \u00e9conomiques (pr\u00e8s de 4 millions \u20ac pour l\u2019h\u00e9bergement touristique, plus de 10 millions \u20ac dans la restauration, pr\u00e8s de 10 millions \u20ac en d\u00e9penses diverses\u2026)\u00a0\u00bb. Sachant que les collectivit\u00e9s ont aussi optimis\u00e9 les d\u00e9penses. \u00ab\u00a0Pour minimiser les co\u00fbts, pr\u00e9server l\u2019espace public et promouvoir les vins de Bordeaux dans le monde entier aupr\u00e8s des touristes et des marines \u00e9trang\u00e8res, Bordeaux F\u00eate le Vin, habituellement fin juin, sera d\u00e9cal\u00e9 exceptionnellement en juillet et mari\u00e9 \u00e0 l\u2019accueil de la Tall Ships Race\u00a0\u00bb indiquait la pr\u00e9sidente de l\u2019office de tourisme.<\/p>\n<p class=\"MsoNormal\">&#13;<br \/>\n\t\u00a0<\/p>\n<p class=\"MsoNormal\">&#13;<br \/>\n\t*\u00a0: Avec un budget pr\u00e9visionnel de 27,25 millions d\u2019euros en 2024, le CIVB a d\u00e9die\u00e9641\u00a0000 \u20ac \u00e0 la f\u00eate du vin (pour comparaison, l\u2019initiative Bordeaux Local b\u00e9n\u00e9ficie de 204\u00a0000 et Wine Paris de 40\u00a0000 \u20ac). Avec une pr\u00e9vision de 20,6 millions \u20ac de Cotisations Volontaires Obligatoire (CVO) lev\u00e9s en 2024 sur les sorties de vins \u00e0 la propri\u00e9t\u00e9 (la CVO moyenne est 5,92 \u20ac\/l), le CIVB voit cette manne r\u00e9duite de 8 % en un an (et sans commune mesure avec les quasi 30 millions \u20ac atteints en 2017).<\/p>\n","protected":false},"excerpt":{"rendered":"Pas de Bordeaux F\u00eate le Vin en juin 2026 face aux coupes budg\u00e9taires pr\u00e9vues par l\u2019interprofession des vins&hellip;\n","protected":false},"author":2,"featured_media":299786,"comment_status":"","ping_status":"","sticky":false,"template":"","format":"standard","meta":{"footnotes":""},"categories":[2817],"tags":[1111,11,1997,15841,1777,674,43994,1011,27,12,2219,25],"class_list":{"0":"post-299785","1":"post","2":"type-post","3":"status-publish","4":"format-standard","5":"has-post-thumbnail","7":"category-bordeaux","8":"tag-actu","9":"tag-actualites","10":"tag-bordeaux","11":"tag-civb","12":"tag-eu","13":"tag-europe","14":"tag-fete-du-vin","15":"tag-fr","16":"tag-france","17":"tag-news","18":"tag-nouvelle-aquitaine","19":"tag-republique-francaise"},"share_on_mastodon":{"url":"https:\/\/pubeurope.com\/@fr\/114980479649352099","error":""},"_links":{"self":[{"href":"https:\/\/www.europesays.com\/fr\/wp-json\/wp\/v2\/posts\/299785","targetHints":{"allow":["GET"]}}],"collection":[{"href":"https:\/\/www.europesays.com\/fr\/wp-json\/wp\/v2\/posts"}],"about":[{"href":"https:\/\/www.europesays.com\/fr\/wp-json\/wp\/v2\/types\/post"}],"author":[{"embeddable":true,"href":"https:\/\/www.europesays.com\/fr\/wp-json\/wp\/v2\/users\/2"}],"replies":[{"embeddable":true,"href":"https:\/\/www.europesays.com\/fr\/wp-json\/wp\/v2\/comments?post=299785"}],"version-history":[{"count":0,"href":"https:\/\/www.europesays.com\/fr\/wp-json\/wp\/v2\/posts\/299785\/revisions"}],"wp:featuredmedia":[{"embeddable":true,"href":"https:\/\/www.europesays.com\/fr\/wp-json\/wp\/v2\/media\/299786"}],"wp:attachment":[{"href":"https:\/\/www.europesays.com\/fr\/wp-json\/wp\/v2\/media?parent=299785"}],"wp:term":[{"taxonomy":"category","embeddable":true,"href":"https:\/\/www.europesays.com\/fr\/wp-json\/wp\/v2\/categories?post=299785"},{"taxonomy":"post_tag","embeddable":true,"href":"https:\/\/www.europesays.com\/fr\/wp-json\/wp\/v2\/tags?post=299785"}],"curies":[{"name":"wp","href":"https:\/\/api.w.org\/{rel}","templated":true}]}}