{"id":299789,"date":"2025-08-06T06:48:15","date_gmt":"2025-08-06T06:48:15","guid":{"rendered":"https:\/\/www.europesays.com\/fr\/299789\/"},"modified":"2025-08-06T06:48:15","modified_gmt":"2025-08-06T06:48:15","slug":"une-trentaine-de-voitures-prennent-feu-39-pompiers-mobilises","status":"publish","type":"post","link":"https:\/\/www.europesays.com\/fr\/299789\/","title":{"rendered":"une trentaine de voitures prennent feu, 39 pompiers mobilis\u00e9s"},"content":{"rendered":"<p>            Par<br \/>\n        <strong><br \/>\n            <a href=\"https:\/\/actu.fr\/auteur\/marie-lamarque\" title=\"Consulter tous les articles de Marie Lamarque\" rel=\"nofollow noopener\" target=\"_blank\">Marie Lamarque<\/a><br \/>\n        <\/strong><\/p>\n<p>        Publi\u00e9 le<\/p>\n<p>            6 ao\u00fbt 2025 \u00e0 8h09        <\/p>\n<p>Un <strong>gros incendie<\/strong> s\u2019est d\u00e9clar\u00e9 dans la commune de <strong>B\u00e9rat<\/strong>, au sud-ouest de <a href=\"https:\/\/actu.fr\/toulouse\/\" rel=\"nofollow noopener\" target=\"_blank\">Toulouse<\/a>, au cours de la nuit du mardi 5 au mercredi 6 ao\u00fbt 2025. <strong>\u00ab\u00a034 voitures\u00a0\u00bb sont en feu<\/strong>, indique le Service d\u00e9partemental d\u2019incendie et de secours (SDIS) de la Haute-Garonne.<\/p>\n<p class=\" wall-content\">Appel\u00e9s sur les lieux aux alentours d\u20191h du matin, les pompiers sont toujours mobilis\u00e9s, sept heures apr\u00e8s, ce mercredi matin.<\/p>\n<p>    <a href=\"https:\/\/www.google.com\/maps\/embed?pb=!1m18!1m12!1m3!1d46399.912154766826!2d1.1329634398223196!3d43.37713884309458!2m3!1f0!2f0!3f0!3m2!1i1024!2i768!4f13.1!3m3!1m2!1s0x12a9330a05f42d4d%3A0x406f69c2f412e90!2s31370%20B%C3%A9rat!5e0!3m2!1sfr!2sfr!4v1754459887709!5m2!1sfr!2sfr\" title=\"Ouvrie le lien\" rel=\"nofollow noopener\" target=\"_blank\">Cliquez ici pour visualiser le contenu<\/a><\/p>\n<p>39 pompiers mobilis\u00e9s<\/p>\n<p class=\" wall-content\"><strong>39 soldats du feu interviennent sur place<\/strong>, notamment pour prot\u00e9ger les b\u00e2timents adjacents menac\u00e9s, dont \u00ab\u00a0un garage, une pizzeria et plusieurs boxes de stockage\u00a0\u00bb, informe le SDIS 31. Leur intervention a permis d\u2019\u00e9viter la propagation des flammes.<\/p>\n<p>Aucune victime \u00e0 d\u00e9plorer<\/p>\n<p class=\" wall-content\">Fort heureusement, <strong>aucune victime n\u2019est \u00e0 d\u00e9plorer<\/strong>. Deux personnes, ayant inhal\u00e9 de la fum\u00e9e, ont \u00e9t\u00e9 prises en charge par les secours. Au regard de leur \u00e9tat de sant\u00e9, une hospitalisation n\u2019a pas \u00e9t\u00e9 n\u00e9cessaire.<\/p>\n<p>Vid\u00e9os : en ce moment sur Actu<\/p>\n<p class=\" wall-content\">Suivez toute l\u2019actualit\u00e9 de vos villes et m\u00e9dias favoris en vous inscrivant \u00e0 <a href=\"https:\/\/moncompte.actu.fr\" title=\"D\u00e9couvez Mon Actu\" rel=\"nofollow noopener\" data-trk=\"{&quot;cta&quot;:{&quot;action&quot;:&quot;https:\\\/\\\/moncompte.actu.fr&quot;,&quot;category&quot;:&quot;mon compte&quot;,&quot;from&quot;:&quot;article footer&quot;,&quot;name&quot;:&quot;Mon actu&quot;,&quot;type&quot;:&quot;cta&quot;}}\" target=\"_blank\">Mon Actu<\/a>.<\/p>\n","protected":false},"excerpt":{"rendered":"Par Marie Lamarque Publi\u00e9 le 6 ao\u00fbt 2025 \u00e0 8h09 Un gros incendie s\u2019est d\u00e9clar\u00e9 dans la commune&hellip;\n","protected":false},"author":2,"featured_media":299790,"comment_status":"","ping_status":"","sticky":false,"template":"","format":"standard","meta":{"footnotes":""},"categories":[2816],"tags":[1111,11,1777,674,118,1011,27,1310,12,2680,1311,25,2312],"class_list":{"0":"post-299789","1":"post","2":"type-post","3":"status-publish","4":"format-standard","5":"has-post-thumbnail","7":"category-toulouse","8":"tag-actu","9":"tag-actualites","10":"tag-eu","11":"tag-europe","12":"tag-faits-divers","13":"tag-fr","14":"tag-france","15":"tag-incendie","16":"tag-news","17":"tag-occitanie","18":"tag-pompiers","19":"tag-republique-francaise","20":"tag-toulouse"},"share_on_mastodon":{"url":"https:\/\/pubeurope.com\/@fr\/114980487395635340","error":""},"_links":{"self":[{"href":"https:\/\/www.europesays.com\/fr\/wp-json\/wp\/v2\/posts\/299789","targetHints":{"allow":["GET"]}}],"collection":[{"href":"https:\/\/www.europesays.com\/fr\/wp-json\/wp\/v2\/posts"}],"about":[{"href":"https:\/\/www.europesays.com\/fr\/wp-json\/wp\/v2\/types\/post"}],"author":[{"embeddable":true,"href":"https:\/\/www.europesays.com\/fr\/wp-json\/wp\/v2\/users\/2"}],"replies":[{"embeddable":true,"href":"https:\/\/www.europesays.com\/fr\/wp-json\/wp\/v2\/comments?post=299789"}],"version-history":[{"count":0,"href":"https:\/\/www.europesays.com\/fr\/wp-json\/wp\/v2\/posts\/299789\/revisions"}],"wp:featuredmedia":[{"embeddable":true,"href":"https:\/\/www.europesays.com\/fr\/wp-json\/wp\/v2\/media\/299790"}],"wp:attachment":[{"href":"https:\/\/www.europesays.com\/fr\/wp-json\/wp\/v2\/media?parent=299789"}],"wp:term":[{"taxonomy":"category","embeddable":true,"href":"https:\/\/www.europesays.com\/fr\/wp-json\/wp\/v2\/categories?post=299789"},{"taxonomy":"post_tag","embeddable":true,"href":"https:\/\/www.europesays.com\/fr\/wp-json\/wp\/v2\/tags?post=299789"}],"curies":[{"name":"wp","href":"https:\/\/api.w.org\/{rel}","templated":true}]}}