{"id":299795,"date":"2025-08-06T06:51:09","date_gmt":"2025-08-06T06:51:09","guid":{"rendered":"https:\/\/www.europesays.com\/fr\/299795\/"},"modified":"2025-08-06T06:51:09","modified_gmt":"2025-08-06T06:51:09","slug":"au-ciml-rejane-rua-reve-de-faire-avancer-la-recherche-contre-alzheimer","status":"publish","type":"post","link":"https:\/\/www.europesays.com\/fr\/299795\/","title":{"rendered":"au CIML, R\u00e9jane Rua r\u00eave de faire avancer la recherche contre Alzheimer"},"content":{"rendered":"<p>R\u00e9jane Rua, c\u2019est l\u2019espoir. L\u2019espoir que l\u2019on parvienne \u00e0 traiter demain l\u2019incurable d\u2019aujourd\u2019hui. L\u2019espoir que l\u2019autisme, la schizophr\u00e9nie ou <a href=\"https:\/\/www.laprovence.com\/article\/sante\/56196797239184\/maladie-d-alzheimer-ces-signes-qui-precederaient-les-troubles-de-memoire\" target=\"_blank\" rel=\"nofollow noopener\">Alzheimer<\/a> ne soient plus des fatalit\u00e9s dont on combat les sympt\u00f4mes plut\u00f4t que l\u2019origine.<\/p>\n<p>La Marseillaise de 38 ans tente en effet de faire avancer les neurosciences en \u00e9tudiant le r\u00f4le du syst\u00e8me immunitaire sur le cerveau, et particuli\u00e8rement au niveau des m\u00e9ninges.<\/p>\n","protected":false},"excerpt":{"rendered":"R\u00e9jane Rua, c\u2019est l\u2019espoir. L\u2019espoir que l\u2019on parvienne \u00e0 traiter demain l\u2019incurable d\u2019aujourd\u2019hui. L\u2019espoir que l\u2019autisme, la schizophr\u00e9nie&hellip;\n","protected":false},"author":2,"featured_media":299796,"comment_status":"","ping_status":"","sticky":false,"template":"","format":"standard","meta":{"footnotes":""},"categories":[2814],"tags":[17,1111,11,43997,1777,674,4560,1011,27,884,12,882,16,43995,25,15300,43996,19604],"class_list":{"0":"post-299795","1":"post","2":"type-post","3":"status-publish","4":"format-standard","5":"has-post-thumbnail","7":"category-marseille","8":"tag-17","9":"tag-actu","10":"tag-actualites","11":"tag-avancer","12":"tag-eu","13":"tag-europe","14":"tag-faire","15":"tag-fr","16":"tag-france","17":"tag-marseille","18":"tag-news","19":"tag-provence-alpes-cote-dazur","20":"tag-region","21":"tag-rejane","22":"tag-republique-francaise","23":"tag-reve","24":"tag-rua","25":"tag-scientifique"},"share_on_mastodon":{"url":"https:\/\/pubeurope.com\/@fr\/114980499311860469","error":""},"_links":{"self":[{"href":"https:\/\/www.europesays.com\/fr\/wp-json\/wp\/v2\/posts\/299795","targetHints":{"allow":["GET"]}}],"collection":[{"href":"https:\/\/www.europesays.com\/fr\/wp-json\/wp\/v2\/posts"}],"about":[{"href":"https:\/\/www.europesays.com\/fr\/wp-json\/wp\/v2\/types\/post"}],"author":[{"embeddable":true,"href":"https:\/\/www.europesays.com\/fr\/wp-json\/wp\/v2\/users\/2"}],"replies":[{"embeddable":true,"href":"https:\/\/www.europesays.com\/fr\/wp-json\/wp\/v2\/comments?post=299795"}],"version-history":[{"count":0,"href":"https:\/\/www.europesays.com\/fr\/wp-json\/wp\/v2\/posts\/299795\/revisions"}],"wp:featuredmedia":[{"embeddable":true,"href":"https:\/\/www.europesays.com\/fr\/wp-json\/wp\/v2\/media\/299796"}],"wp:attachment":[{"href":"https:\/\/www.europesays.com\/fr\/wp-json\/wp\/v2\/media?parent=299795"}],"wp:term":[{"taxonomy":"category","embeddable":true,"href":"https:\/\/www.europesays.com\/fr\/wp-json\/wp\/v2\/categories?post=299795"},{"taxonomy":"post_tag","embeddable":true,"href":"https:\/\/www.europesays.com\/fr\/wp-json\/wp\/v2\/tags?post=299795"}],"curies":[{"name":"wp","href":"https:\/\/api.w.org\/{rel}","templated":true}]}}