{"id":299800,"date":"2025-08-06T06:54:10","date_gmt":"2025-08-06T06:54:10","guid":{"rendered":"https:\/\/www.europesays.com\/fr\/299800\/"},"modified":"2025-08-06T06:54:10","modified_gmt":"2025-08-06T06:54:10","slug":"la-maire-du-5e-arrondissement-de-lyon-remercie-gregory-doucet","status":"publish","type":"post","link":"https:\/\/www.europesays.com\/fr\/299800\/","title":{"rendered":"la maire du 5e arrondissement de Lyon remercie Gr\u00e9gory Doucet"},"content":{"rendered":"<p itemprop=\"description\"><strong>Il y a quelques jours, la dissolution des collectifs et associations d&rsquo;ultra-droite du Vieux-Lyon \u00e9tait ent\u00e9rin\u00e9e.<\/strong><\/p>\n<p>Car le recours port\u00e9 par des membres des Remparts ou de leur bar associatif La Traboule \u00e9tait <a href=\"https:\/\/www.lyonmag.com\/article\/145742\/lyon-la-dissolution-du-collectif-d-ultradroite-les-remparts-et-de-la-traboule-confirmee-par-le-conseil-d-etat\" target=\"_blank\" rel=\"noopener nofollow\">rejet\u00e9 par le Conseil d&rsquo;Etat<\/a>.<\/p>\n<p>Une d\u00e9cision salu\u00e9e par la maire du 5e arrondissement de Lyon, <a href=\"https:\/\/www.lyonmag.com\/profil-personnalite-lyonnaise\/561\/nadine-georgel\" target=\"_blank\" rel=\"noopener nofollow\">Nadine Georgel<\/a>. Dans un communiqu\u00e9, l&rsquo;\u00e9dile \u00e9cologiste estime que \u00ab\u00a0leur pr\u00e9sence depuis 14 ans dans le Vieux-Lyon constituait une menace pour les habitants, les commer\u00e7ants, les associations locales, ainsi que pour l&rsquo;image du quartier \u2014 historiquement multiculturel, ouvert au monde et \u00e0 la diversit\u00e9 \u2014, et plus largement pour les valeurs r\u00e9publicaines\u00a0\u00bb.<\/p>\n<p>\u00ab\u00a0\u00c0 l&rsquo;heure o\u00f9 les id\u00e9es de l&rsquo;extr\u00eame droite impr\u00e8gnent insidieusement la soci\u00e9t\u00e9, la mairie du 5e arrondissement de Lyon r\u00e9affirme sa volont\u00e9 de garantir un cadre de vie serein et respectueux des principes r\u00e9publicains d\u2019\u00e9galit\u00e9, de libert\u00e9 et de fraternit\u00e9 \u00e0 ses habitants\u00a0\u00bb, poursuit-elle.<\/p>\n<p>Si la dissolution a \u00e9t\u00e9 demand\u00e9e et act\u00e9e par le ministre de l&rsquo;Int\u00e9rieur de l&rsquo;\u00e9poque G\u00e9rald Darmanin, avec constitution d&rsquo;un dossier par les services de l&rsquo;Etat \u00e0 Lyon, Nadine Georgel pr\u00e9f\u00e8re remercier les habitants du Vieux-Lyon \u00ab\u00a0souvent en premi\u00e8re ligne face aux pressions et aux violences\u00a0\u00bb, ainsi que <a href=\"https:\/\/www.lyonmag.com\/profil-personnalite-lyonnaise\/504\/gregory-doucet\" target=\"_blank\" rel=\"noopener nofollow\">Gr\u00e9gory Doucet<\/a>.<\/p>\n<p>Car selon la maire du 5e, c&rsquo;est l&rsquo;action du premier magistrat lyonnais qui \u00ab\u00a0a permis d\u2019aboutir \u00e0 cette d\u00e9cision. \u00c0 trois reprises, M. Doucet a \u00e9crit au ministre de l\u2019Int\u00e9rieur d&rsquo;alors, G\u00e9rald Darmanin, ainsi qu\u2019au Pr\u00e9sident de la R\u00e9publique, Emmanuel Macron, pour demander la dissolution de ces groupes extr\u00e9mistes\u00a0\u00bb.<\/p>\n<p>Gr\u00e9gory Doucet pourfendeur de l&rsquo;ultradroite, l&rsquo;argument de campagne que l&rsquo;on n&rsquo;avait pas vu venir ?<\/p>\n","protected":false},"excerpt":{"rendered":"Il y a quelques jours, la dissolution des collectifs et associations d&rsquo;ultra-droite du Vieux-Lyon \u00e9tait ent\u00e9rin\u00e9e. Car le&hellip;\n","protected":false},"author":2,"featured_media":299801,"comment_status":"","ping_status":"","sticky":false,"template":"","format":"standard","meta":{"footnotes":""},"categories":[1889],"tags":[1111,11,2813,2190,2430,1109,251,1112,2811,1777,674,118,1011,27,1922,1110,1114,2428,2810,12,241,316,25,2812,517,800],"class_list":{"0":"post-299800","1":"post","2":"type-post","3":"status-publish","4":"format-standard","5":"has-post-thumbnail","7":"category-lyon","8":"tag-actu","9":"tag-actualites","10":"tag-article","11":"tag-asvel","12":"tag-auvergne-rhone-alpes","13":"tag-breves","14":"tag-culture","15":"tag-depeches","16":"tag-economique","17":"tag-eu","18":"tag-europe","19":"tag-faits-divers","20":"tag-fr","21":"tag-france","22":"tag-info","23":"tag-informations","24":"tag-infos","25":"tag-lyon","26":"tag-lyonmag","27":"tag-news","28":"tag-ol","29":"tag-politique","30":"tag-republique-francaise","31":"tag-sociale","32":"tag-sport","33":"tag-transports"},"share_on_mastodon":{"url":"https:\/\/pubeurope.com\/@fr\/114980510953874304","error":""},"_links":{"self":[{"href":"https:\/\/www.europesays.com\/fr\/wp-json\/wp\/v2\/posts\/299800","targetHints":{"allow":["GET"]}}],"collection":[{"href":"https:\/\/www.europesays.com\/fr\/wp-json\/wp\/v2\/posts"}],"about":[{"href":"https:\/\/www.europesays.com\/fr\/wp-json\/wp\/v2\/types\/post"}],"author":[{"embeddable":true,"href":"https:\/\/www.europesays.com\/fr\/wp-json\/wp\/v2\/users\/2"}],"replies":[{"embeddable":true,"href":"https:\/\/www.europesays.com\/fr\/wp-json\/wp\/v2\/comments?post=299800"}],"version-history":[{"count":0,"href":"https:\/\/www.europesays.com\/fr\/wp-json\/wp\/v2\/posts\/299800\/revisions"}],"wp:featuredmedia":[{"embeddable":true,"href":"https:\/\/www.europesays.com\/fr\/wp-json\/wp\/v2\/media\/299801"}],"wp:attachment":[{"href":"https:\/\/www.europesays.com\/fr\/wp-json\/wp\/v2\/media?parent=299800"}],"wp:term":[{"taxonomy":"category","embeddable":true,"href":"https:\/\/www.europesays.com\/fr\/wp-json\/wp\/v2\/categories?post=299800"},{"taxonomy":"post_tag","embeddable":true,"href":"https:\/\/www.europesays.com\/fr\/wp-json\/wp\/v2\/tags?post=299800"}],"curies":[{"name":"wp","href":"https:\/\/api.w.org\/{rel}","templated":true}]}}