{"id":299806,"date":"2025-08-06T06:58:25","date_gmt":"2025-08-06T06:58:25","guid":{"rendered":"https:\/\/www.europesays.com\/fr\/299806\/"},"modified":"2025-08-06T06:58:25","modified_gmt":"2025-08-06T06:58:25","slug":"paris-en-hausse-anecdotique-la-prudence-domine-05-08-2025-a-1106","status":"publish","type":"post","link":"https:\/\/www.europesays.com\/fr\/299806\/","title":{"rendered":"Paris: en hausse anecdotique, la prudence domine &#8211; 05\/08\/2025 \u00e0 11:06"},"content":{"rendered":"<p>                                                                (Zonebourse.com) &#8211; La Bourse de Paris gagne pr\u00e8s de 0,1% ce matin, autour des 7 640 points, malgr\u00e9 le soutien de Saint-Gobain, Capgemini et Teleperformance (entre 1,3 et 1,4% chacun).<\/p>\n<p>Les march\u00e9s viennent de prendre connaissance de plusieurs statistiques, \u00e0 l&rsquo;instar de l&rsquo;indice PMI composite HCOB de l&rsquo;activit\u00e9 globale dans la zone euro. Celui-ci s&rsquo;est redress\u00e9 de 50,6 en juin \u00e0 50,9 en juillet, signalant donc une acc\u00e9l\u00e9ration de l&rsquo;expansion du secteur priv\u00e9, \u00e0 un rythme toutefois modeste.\n<\/p>\n<p>Le renforcement de l&rsquo;expansion de l&rsquo;activit\u00e9 globale a, par ailleurs, uniquement repos\u00e9 sur les performances du secteur des services, l&rsquo;augmentation de la production ayant en effet l\u00e9g\u00e8rement ralenti dans le secteur manufacturier.\n<\/p>\n<p>Dans l&rsquo;Hexagone, l&rsquo;indice HCOB PMI composite de l&rsquo;activit\u00e9 globale en France signale une baisse de l&rsquo;activit\u00e9 du secteur priv\u00e9 l\u00e9g\u00e8rement plus marqu\u00e9e que celle enregistr\u00e9e le mois pr\u00e9c\u00e9dent, passant de 49,2 en juin \u00e0 48,6 en juillet.\n<\/p>\n<p>Le recul de la demande s&rsquo;\u00e9tant renforc\u00e9 tant chez les fabricants que chez les prestataires de services, le volume global des nouvelles affaires a enregistr\u00e9, dans l&rsquo;ensemble du secteur priv\u00e9 fran\u00e7ais, sa plus forte contraction depuis avril.\n<\/p>\n<p>Enfin, toujours en France, la production rebondit fortement dans l&rsquo;industrie manufacturi\u00e8re en juin (+3,5% apr\u00e8s -1,2% en mai), ainsi que dans l&rsquo;ensemble de l&rsquo;industrie (+3,8% apr\u00e8s -0,7%), selon les donn\u00e9es CVS-CJO de l&rsquo;Insee.\n<\/p>\n<p>Ce fort rebond s&rsquo;explique par une hausse exceptionnelle dans la construction a\u00e9ronautique et spatiale, li\u00e9e \u00e0 un rattrapage de retards accumul\u00e9s et \u00e0 la lev\u00e9e de contraintes sur les cha\u00eenes d&rsquo;approvisionnement pour certaines entreprises.\n<\/p>\n<p>La journ\u00e9e sera \u00e9galement marqu\u00e9e par la parution, cet apr\u00e8s-midi, de l&rsquo;indice ISM des services aux Etats-Unis, qui devrait l\u00e0 encore montrer une expansion du secteur, bien que le coup de froid sur les \u00e9changes internationaux menace de plus en plus de peser sur l&rsquo;\u00e9conomie r\u00e9elle.\n<\/p>\n<p>La s\u00e9ance est aussi ponctu\u00e9e par de nouveaux r\u00e9sultats trimestriels, en l&rsquo;occurrence ceux de Caterpillar (parus ce matin), qui seront suivis plus tard dans la journ\u00e9e par Pfizer ou encore AMD.\n<\/p>\n<p>Hier soir, le sp\u00e9cialiste de l&rsquo;IA pr\u00e9dictive Palantir a d\u00e9voil\u00e9 des r\u00e9sultats trimestriels meilleurs que pr\u00e9vu et relev\u00e9 ses objectifs annuels, ce qui lui valait de progresser de 5% en transactions \u00e9lectroniques.\n<\/p>\n<p>La Bourse de New York a fini en hausse lundi, port\u00e9e par le renforcement d&rsquo;une baisse des taux de la Fed en septembre, un sc\u00e9nario d\u00e9sormais anticip\u00e9 par plus de 90% des traders, selon l&rsquo;outil FedWatch du CME.\n<\/p>\n<p>L&rsquo;indice Dow Jones a repris 1,3%, le S&amp;P 500 1,5% et le Nasdaq 1,9%, les trois indices ayant ainsi effac\u00e9 plus de la moiti\u00e9 des pertes essuy\u00e9es la semaine derni\u00e8re.\n<\/p>\n<p>&lsquo;On ne peut cependant qu&rsquo;\u00eatre surpris de voir \u00e0 quel point les march\u00e9s semblent avoir compl\u00e8tement ignor\u00e9 le message qui se cache derri\u00e8re le rapport franchement faible sur l&#8217;emploi paru vendredi&rsquo;, commentent les strat\u00e8ges de Danske Bank.\n<\/p>\n<p>&lsquo;En clair, les march\u00e9s d&rsquo;actions ne semblent pas du tout s&rsquo;inqui\u00e9ter, \u00e0 ce stade, d&rsquo;un possible ralentissement du march\u00e9 du travail aux Etats-Unis&rsquo;, ajoute la banque danoise.\n<\/p>\n<p>La spectaculaire embellie ayant suivi les derniers chiffres de l&#8217;emploi &#8211; qui sont venus renforcer l&rsquo;hypoth\u00e8se d&rsquo;une prochaine r\u00e9duction du loyer de l&rsquo;argent &#8211; se poursuit sur le compartiment obligataire.\n<\/p>\n<p>Aux Etats-Unis, le rendement des Treasuries \u00e0 dix ans continue de se d\u00e9tendre vers 4,21%, tandis que celui du Bund allemand \u00e0 dix ans, r\u00e9f\u00e9rence pour la zone euro, est pratiquement inchang\u00e9 \u00e0 2,63%.\n<\/p>\n<p>Apr\u00e8s sa chute de vendredi, cons\u00e9cutive aux chiffres moins bons que pr\u00e9vu de l&#8217;emploi, le dollar poursuit son rebond, m\u00eame si l&rsquo;euro tente de s&rsquo;accrocher au seuil de 1,15 USD.\n<\/p>\n<p>Apr\u00e8s leurs mouvements importants de la veille, dus \u00e0 l&rsquo;annonce par l&rsquo;Opep+ d&rsquo;une augmentation de sa production et aux menaces de Donald Trump contre l&rsquo;Inde en raison de ses achats de p\u00e9trole russe, les cours du brut se stabilisent mardi matin.\n<\/p>\n<p>Le Brent est inchang\u00e9 ou presque \u00e0 68,8 USD le baril, et le brut l\u00e9ger am\u00e9ricain (West Texas Intermediate, WTI) n&rsquo;\u00e9volue pas beaucoup plus, autour de 66,3 USD.\n<\/p>\n<p>Dans l&rsquo;actualit\u00e9 des soci\u00e9t\u00e9s tricolores, Adecco publie un BPA ajust\u00e9 en baisse de 29% \u00e0 0,46 EUR au titre du deuxi\u00e8me trimestre 2025, ainsi qu&rsquo;une marge d&rsquo;EBITA hors exceptionnel en retrait de 60 points de base \u00e0 2,5%, et une marge brute en repli de 50 points de base \u00e0 18,9%.\n<\/p>\n<p>Eutelsat d\u00e9voile une perte nette attribuable au groupe de 1,08 MdEUR au titre de son exercice clos fin juin, contre une perte de 310 MEUR un an auparavant, mais revendique n\u00e9anmoins des r\u00e9sultats 2024-25 &lsquo;en ligne avec les objectifs financiers&rsquo;.\n<\/p>\n<p>Alstom a annonc\u00e9 mardi avoir remport\u00e9 un contrat &lsquo;de quelques centaines de millions d&rsquo;euros&rsquo; portant sur la fourniture d&rsquo;un syst\u00e8me de signalisation devant permettre une exploitation sans conducteur d&rsquo;une ligne de m\u00e9tro \u00e0 Singapour.\n<\/p>\n<p>Enfin, Colas, filiale de Bouygues, indique avoir sign\u00e9 un protocole d&rsquo;accord visant \u00e0 acqu\u00e9rir 100% des titres de la soci\u00e9t\u00e9 am\u00e9ricaine Suit-Kote, jusqu&rsquo;alors d\u00e9tenus par la famille fondatrice Suits, pour un montant de plus de 450 MUSD.<\/p>\n","protected":false},"excerpt":{"rendered":"(Zonebourse.com) &#8211; La Bourse de Paris gagne pr\u00e8s de 0,1% ce matin, autour des 7 640 points, malgr\u00e9&hellip;\n","protected":false},"author":2,"featured_media":2554,"comment_status":"","ping_status":"","sticky":false,"template":"","format":"standard","meta":{"footnotes":""},"categories":[1888],"tags":[400,1111,1928,11,1927,398,408,405,1777,674,1011,27,403,402,399,404,12,1926,626,1925,25,401,406,407],"class_list":{"0":"post-299806","1":"post","2":"type-post","3":"status-publish","4":"format-standard","5":"has-post-thumbnail","7":"category-paris","8":"tag-action-cac-40","9":"tag-actu","10":"tag-actu-paris","11":"tag-actualites","12":"tag-actualites-paris","13":"tag-bourse-de-paris","14":"tag-boursorama","15":"tag-cotations","16":"tag-eu","17":"tag-europe","18":"tag-fr","19":"tag-france","20":"tag-indices-devises","21":"tag-investir","22":"tag-investissement","23":"tag-marche-boursier","24":"tag-news","25":"tag-news-paris","26":"tag-paris","27":"tag-paris-news","28":"tag-republique-francaise","29":"tag-sicav","30":"tag-trackers","31":"tag-warrants"},"share_on_mastodon":{"url":"https:\/\/pubeurope.com\/@fr\/114980526944332460","error":""},"_links":{"self":[{"href":"https:\/\/www.europesays.com\/fr\/wp-json\/wp\/v2\/posts\/299806","targetHints":{"allow":["GET"]}}],"collection":[{"href":"https:\/\/www.europesays.com\/fr\/wp-json\/wp\/v2\/posts"}],"about":[{"href":"https:\/\/www.europesays.com\/fr\/wp-json\/wp\/v2\/types\/post"}],"author":[{"embeddable":true,"href":"https:\/\/www.europesays.com\/fr\/wp-json\/wp\/v2\/users\/2"}],"replies":[{"embeddable":true,"href":"https:\/\/www.europesays.com\/fr\/wp-json\/wp\/v2\/comments?post=299806"}],"version-history":[{"count":0,"href":"https:\/\/www.europesays.com\/fr\/wp-json\/wp\/v2\/posts\/299806\/revisions"}],"wp:featuredmedia":[{"embeddable":true,"href":"https:\/\/www.europesays.com\/fr\/wp-json\/wp\/v2\/media\/2554"}],"wp:attachment":[{"href":"https:\/\/www.europesays.com\/fr\/wp-json\/wp\/v2\/media?parent=299806"}],"wp:term":[{"taxonomy":"category","embeddable":true,"href":"https:\/\/www.europesays.com\/fr\/wp-json\/wp\/v2\/categories?post=299806"},{"taxonomy":"post_tag","embeddable":true,"href":"https:\/\/www.europesays.com\/fr\/wp-json\/wp\/v2\/tags?post=299806"}],"curies":[{"name":"wp","href":"https:\/\/api.w.org\/{rel}","templated":true}]}}