{"id":299810,"date":"2025-08-06T07:01:21","date_gmt":"2025-08-06T07:01:21","guid":{"rendered":"https:\/\/www.europesays.com\/fr\/299810\/"},"modified":"2025-08-06T07:01:21","modified_gmt":"2025-08-06T07:01:21","slug":"saisi-aux-etats-unis-le-superyacht-amadea-dun-oligarque-russe-mis-aux-encheres-lopinion","status":"publish","type":"post","link":"https:\/\/www.europesays.com\/fr\/299810\/","title":{"rendered":"Saisi aux \u00c9tats-Unis, le superyacht Amadea d&#039;un oligarque russe mis aux ench\u00e8res &#8211; l&#039;Opinion"},"content":{"rendered":"<ol>\n<li><a href=\"https:\/\/news.google.com\/rss\/articles\/CBMitwFBVV95cUxOc1p1TURtSnZhV1ZPWTVhOXpXb3dxSi0taEo1bUxSdEdhdkpnWWhfSUY2dXZzZy1vWjBFVWp5WVlUQ3F4c1JCVXlZbE8tZW5ENGVZUUlkOTFKUU9vQk5oX3dZdzNYd0k5NTZDTHlLNlF0RWdfTGtpX0lvMUVFenRpbURvb2NlVkFjVGpMYmlPTDlPN0VfZ2V2Ui1nSUZyQWc5Qmc4MlNpSll6aUdTNjZWdHpGU2dfck0?oc=5\" target=\"_blank\" rel=\"nofollow noopener\">Saisi aux \u00c9tats-Unis, le superyacht Amadea d&rsquo;un oligarque russe mis aux ench\u00e8res<\/a>&nbsp;&nbsp;l&rsquo;Opinion<\/li>\n<li><a href=\"https:\/\/news.google.com\/rss\/articles\/CBMi3gFBVV95cUxObXBVR0YxQUtkX2lVQkZKVXE5aUsxTTJ0d3dvRE8za2xiRTVOZm5SQjJ2X1dLVXRXaThZN1NqQWc1LU9zWThPcnNhQ0RTYzRoalNTdXMyMnptSWVSemprdUFxeVl3bkNIS2Q1SHcxUGN1b2swbFk1cEluaU9Xdi1hUGh4OHJIUjZ2bFJCV2g3TWNsek9qcDRoRjAxQlFaOGRvMkV6bE1wbk5XUFFRbTdiUFNkd3N4TUxHc0hfMTNMTUtUSV9OUGthVUR5ODVjaV9DbG1DTmFuaUFzaE9DSGc?oc=5\" target=\"_blank\" rel=\"nofollow noopener\">Un superyacht de luxe de 300 millions de dollars saisi \u00e0 un oligarque russe va \u00eatre mis aux ench\u00e8res<\/a>&nbsp;&nbsp;Le Figaro<\/li>\n<li><a href=\"https:\/\/news.google.com\/rss\/articles\/CBMiywFBVV95cUxOUHJnTm1FNlU4X09RTXZOSWVDejFValVfZG42bjRHX09wSVlTYVlBdEpqMzVJOXZTTy0yVWY5c2NlRm5xR3VBbzZ0OW82X0JHa3JEcWwwQWtXU2pjS0xBRXB6S2hnYV9YWFd5ektnOUhIWkVIZXRmcGJjNFREdW9MWC1yanBJMXhxSzQza1VCM09mZ2JIcDhMRkJOU24tYUVhQkFhS0d4NFBQZHRsXzBrRFN0d05kdjZCRkt4T1lxcHhLUE8yYUlxbDNwNA?oc=5\" target=\"_blank\" rel=\"nofollow noopener\">Un immense yacht saisi par les Etats-Unis \u00e0 un oligarque russe mis aux ench\u00e8res<\/a>&nbsp;&nbsp;Actualit\u00e9s \u2013 Orange<\/li>\n<li><a href=\"https:\/\/news.google.com\/rss\/articles\/CBMiuwJBVV95cUxQYk9ma3JUd3UxNmxmZnFxOVdfV0JtWWk1MWxQUnE4MUJWM1p4NWozMU53ajRZYjdLZ2JyaGQyQWN6cXlyaTBrdjlCcHkydUhPT2pMNEZtMmxlbVBuM1htc1pydEFEZnp5LTdneUNIMUtyRDdrWmREYWZHbkNrN0xuWmJtMFFVdzNJZjFwQWdUdXFvbmp1YVZ1MmpxWkVfeE0xeTFpU193OHluRUo4aW9HS3p5OHZZdkN5ZmFrLXRENEhzM0NlX1JIN043c2R1RExSV0RzR3JGRFFfY0lBX0d5UnVmZE5IZ0RRWTE5QmJ2cWJhcm1rekZwXzFENG5DY0VBWm1XaTZyRG5DSzBiWmh0Tm9kZjNKQjZnYUNmaG9FQUphNnFXMzF2ZHdKaDZINkJGVkxIQVZvN0N5cEXSAcACQVVfeXFMTVloNWdsaERFdnN1ZnUtVGRYbDFoYnBwc2tUbnUxTHBUSnA3cUsxaEw0czl2SHZHemt1TmpzWjdZaGhheGZuc2pNeXVsZTN5VjN0cFdkU3NwNEpGeTA0c1pGeV9JZHItdkhIcmRKMS15bWtHYXNuOGtzdmFaNDk4WWNJUllaelFfWHBfQ05IZFJLUTBqdld6c1lGQXVNV0hyTzBicGU0NjFkOUU2X1pUaERHSVFtUjhXNUVWakloU3lNR2VqeVhCLWNSSmJ1VmFKbFo3TUN0TzRiMUZZY05FOFlWUUhBSFQ5d3JjME9nWnNoMDVDbl92eVFTYUNGd2M5TXYyZ1VMaWJvaldZMHNKcm5hbkNfc2oteWJwSDl1N2dQbHkxOF9rQ2xzV0hKMG90eWhCTF9oUVN0c1E1YTNxcVo?oc=5\" target=\"_blank\" rel=\"nofollow noopener\">L&rsquo;Amadea, un superyacht de 300 millions de dollars avec piscine, jacuzzi, h\u00e9liport, salle de sport, saisi &#8230;<\/a>&nbsp;&nbsp;Jean-Marc Morandini<\/li>\n<li><a href=\"https:\/\/news.google.com\/rss\/articles\/CBMipAFBVV95cUxQN0FYN3lxeGZibXR2Xzh0Sno4dEJETHlPd3JFZzJpMTBvNnZwNW5XWUVzYmowdE5vQkg5UXBzdHNKSzJPNzVPYU1wbVo3bnF4VGVURGpOZ2xTU0psNnBQTEZjYl9LVXVIYzhQMy1wcG1vZFJJSzdwNG9scktiQWJ2RG1qallqbnhyUEcwdEplZXdsOUJSMzhEZWN4Z0xwcU8tLWdYQw?oc=5\" target=\"_blank\" rel=\"nofollow noopener\">Un luxueux yacht russe saisi par les \u00c9tats-Unis bient\u00f4t vendu aux ench\u00e8res<\/a>&nbsp;&nbsp;lesinguliersete.fr<\/li>\n<\/ol>\n","protected":false},"excerpt":{"rendered":"Saisi aux \u00c9tats-Unis, le superyacht Amadea d&rsquo;un oligarque russe mis aux ench\u00e8res&nbsp;&nbsp;l&rsquo;Opinion Un superyacht de luxe de 300&hellip;\n","protected":false},"author":2,"featured_media":299811,"comment_status":"","ping_status":"","sticky":false,"template":"","format":"standard","meta":{"footnotes":""},"categories":[1591],"tags":[11,1887,12,1885,1886,132],"class_list":{"0":"post-299810","1":"post","2":"type-post","3":"status-publish","4":"format-standard","5":"has-post-thumbnail","7":"category-russie","8":"tag-actualites","9":"tag-federation-de-russie","10":"tag-news","11":"tag-russia","12":"tag-russian-federation","13":"tag-russie"},"share_on_mastodon":{"url":"https:\/\/pubeurope.com\/@fr\/114980538487355438","error":""},"_links":{"self":[{"href":"https:\/\/www.europesays.com\/fr\/wp-json\/wp\/v2\/posts\/299810","targetHints":{"allow":["GET"]}}],"collection":[{"href":"https:\/\/www.europesays.com\/fr\/wp-json\/wp\/v2\/posts"}],"about":[{"href":"https:\/\/www.europesays.com\/fr\/wp-json\/wp\/v2\/types\/post"}],"author":[{"embeddable":true,"href":"https:\/\/www.europesays.com\/fr\/wp-json\/wp\/v2\/users\/2"}],"replies":[{"embeddable":true,"href":"https:\/\/www.europesays.com\/fr\/wp-json\/wp\/v2\/comments?post=299810"}],"version-history":[{"count":0,"href":"https:\/\/www.europesays.com\/fr\/wp-json\/wp\/v2\/posts\/299810\/revisions"}],"wp:featuredmedia":[{"embeddable":true,"href":"https:\/\/www.europesays.com\/fr\/wp-json\/wp\/v2\/media\/299811"}],"wp:attachment":[{"href":"https:\/\/www.europesays.com\/fr\/wp-json\/wp\/v2\/media?parent=299810"}],"wp:term":[{"taxonomy":"category","embeddable":true,"href":"https:\/\/www.europesays.com\/fr\/wp-json\/wp\/v2\/categories?post=299810"},{"taxonomy":"post_tag","embeddable":true,"href":"https:\/\/www.europesays.com\/fr\/wp-json\/wp\/v2\/tags?post=299810"}],"curies":[{"name":"wp","href":"https:\/\/api.w.org\/{rel}","templated":true}]}}