{"id":299814,"date":"2025-08-06T07:03:08","date_gmt":"2025-08-06T07:03:08","guid":{"rendered":"https:\/\/www.europesays.com\/fr\/299814\/"},"modified":"2025-08-06T07:03:08","modified_gmt":"2025-08-06T07:03:08","slug":"ladministration-trump-ordonne-la-reinstallation-dun-memorial-rendant-hommage-a-des-esclavagistes","status":"publish","type":"post","link":"https:\/\/www.europesays.com\/fr\/299814\/","title":{"rendered":"L&rsquo;administration Trump ordonne la r\u00e9installation d&rsquo;un m\u00e9morial rendant hommage \u00e0 des esclavagistes"},"content":{"rendered":"<p>Le gouvernement am\u00e9ricain de Donald Trump a annonc\u00e9, mardi 5 ao\u00fbt, le retour d&rsquo;un m\u00e9morial rendant hommage \u00e0 des esclavagistes, dans un cimeti\u00e8re pr\u00e8s de Washington. Il avait \u00e9t\u00e9 retir\u00e9 apr\u00e8s le mouvement \u00ab\u00a0Black Lives Matter\u00a0\u00bb.<\/p>\n<p>Un <a href=\"https:\/\/www.bfmtv.com\/international\/amerique-nord\/etats-unis\/deboulonnee-par-des-militants-de-black-lives-matter-la-statue-d-un-general-pro-esclavagisme-va-faire-son-retour-a-washington_AD-202508050126.html\" title=\"D\u00e9boulonn\u00e9e par des militants de Black Lives Matter, la statue d&#039;un g\u00e9n\u00e9ral pro-esclavagisme va faire son retour \u00e0 Washington\" class=\"internal_link\" rel=\"nofollow noopener\" target=\"_blank\">m\u00e9morial am\u00e9ricain<\/a> qui rend hommage \u00e0 des esclavagistes, retir\u00e9 apr\u00e8s les manifestations du mouvement antiraciste <a href=\"https:\/\/www.bfmtv.com\/international\/amerique-nord\/etats-unis\/washington-une-fresque-black-lives-matter-effacee-sous-la-pression-de-l-administration-trump_AD-202503110028.html\" title=\"Washington: une fresque &quot;Black Lives Matter&quot; effac\u00e9e sous la pression de l\u2019administration Trump\" class=\"internal_link\" rel=\"nofollow noopener\" target=\"_blank\">\u00ab\u00a0Black Lives Matter\u00a0\u00bb<\/a>, va \u00eatre r\u00e9install\u00e9 pr\u00e8s de Washington, a annonc\u00e9 le ministre am\u00e9ricain de la D\u00e9fense Pete Hegseth mardi 5 ao\u00fbt.<\/p>\n<p>Situ\u00e9 dans le cimeti\u00e8re militaire d&rsquo;Arlington, le Confederate Memorial rendait hommage \u00e0 des combattants des \u00c9tats conf\u00e9d\u00e9r\u00e9s d&rsquo;Am\u00e9rique, des <a href=\"https:\/\/www.bfmtv.com\/international\/amerique-nord\/etats-unis\/midterms-certains-etats-americains-viennent-de-voter-pour-abolir-l-esclavage_AN-202211090763.html\" title=\"Midterms: certains \u00c9tats am\u00e9ricains viennent de voter pour abolir l&#039;esclavage\" class=\"internal_link\" rel=\"nofollow noopener\" target=\"_blank\">d\u00e9fenseurs de l&rsquo;esclavage<\/a> tomb\u00e9s durant la guerre de S\u00e9cession (1861-1865).<\/p>\n<p>La \u00ab\u00a0sculpture belle et historique\u00a0\u00bb va \u00ab\u00a0retourner comme il se doit au Cimeti\u00e8re national d&rsquo;Arlington\u00a0\u00bb, a annonc\u00e9 sur X Pete Hegseth, notoirement hostile aux politiques de promotion des diversit\u00e9s raciales ou sexuelles.<\/p>\n<p>\u00ab\u00a0Elle n&rsquo;aurait jamais d\u00fb \u00eatre retir\u00e9e par des moutons woke. Contrairement \u00e0 la gauche, nous ne pensons pas qu&rsquo;il faille effacer l&rsquo;histoire am\u00e9ricaine, nous lui rendons hommage\u00a0\u00bb, a insist\u00e9 le chef du Pentagone.<\/p>\n<p>Une partie du m\u00e9morial retir\u00e9e en 2023<\/p>\n<p>Depuis le retour en janvier de <a href=\"https:\/\/www.bfmtv.com\/international\/amerique-nord\/etats-unis\/donald-trump\/l-unesco-trop-woke-et-pro-palestinienne-donald-trump-annonce-un-retrait-de-l-organisation_AN-202507220341.html\" title=\"L&#039;Unesco trop &quot;woke&quot; et pro-palestinienne? Donald Trump annonce un retrait de l&#039;organisation\" class=\"internal_link\" rel=\"nofollow noopener\" target=\"_blank\">Donald Trump<\/a> \u00e0 la pr\u00e9sidence des Etats-Unis, le gouvernement m\u00e8ne une bataille contre les initiatives qu&rsquo;il dit li\u00e9es \u00e0 <a href=\"https:\/\/www.bfmtv.com\/tech\/intelligence-artificielle\/la-maison-blanche-se-prepare-a-attaquer-les-ia-trop-woke_AN-202507180268.html\" title=\"La Maison Blanche se pr\u00e9pare \u00e0 attaquer les IA trop &quot;woke&quot;\" class=\"internal_link\" rel=\"nofollow noopener\" target=\"_blank\">l&rsquo;id\u00e9ologie woke<\/a>, terme utilis\u00e9 de mani\u00e8re p\u00e9jorative par les conservateurs pour d\u00e9noncer ce qu&rsquo;ils per\u00e7oivent comme un exc\u00e8s de militantisme en faveur notamment des minorit\u00e9s.<\/p>\n<p>Les parties en bronze du m\u00e9morial avaient \u00e9t\u00e9 retir\u00e9es en 2023, trois ans apr\u00e8s les manifestations antiracistes du mouvement \u00ab\u00a0Black Lives Matter\u00a0\u00bb (les vies des Noirs comptent, en fran\u00e7ais), d\u00e9clench\u00e9es par le meurtre de l&rsquo;Afro-Am\u00e9ricain <a href=\"https:\/\/www.bfmtv.com\/international\/amerique-nord\/etats-unis\/un-homme-formidable-cinq-ans-apres-la-mort-de-george-floyd-sa-famille-appelle-a-perpetuer-son-nom-et-son-heritage_AV-202505240352.html\" title=\"&quot;Un homme formidable&quot;: cinq ans apr\u00e8s la mort de George Floyd, sa famille appelle \u00e0 &quot;perp\u00e9tuer son nom et son h\u00e9ritage&quot;\" class=\"internal_link\" rel=\"nofollow noopener\" target=\"_blank\">George Floyd<\/a> par un policier blanc.<\/p>\n<p>\u00ab\u00a0Une vision nostalgique et mythifi\u00e9e\u00a0\u00bb des Conf\u00e9d\u00e9r\u00e9s<\/p>\n<p>Ce mouvement avait notamment enclench\u00e9 de grands d\u00e9bats sur le racisme et la pr\u00e9sence dans l&rsquo;espace public de symboles du pass\u00e9 esclavagiste du pays.<\/p>\n<p>Parmi eux, d&rsquo;apr\u00e8s les militants, figurait le m\u00e9morial d&rsquo;Arlington. Celui-ci pr\u00e9sentait une \u00ab\u00a0vision nostalgique et mythifi\u00e9e\u00a0\u00bb des Conf\u00e9d\u00e9r\u00e9s et comprenait \u00ab\u00a0des repr\u00e9sentations tr\u00e8s \u00e9dulcor\u00e9es de l&rsquo;esclavage\u00a0\u00bb, selon le site du cimeti\u00e8re.<\/p>\n<p>Le gouvernement Trump a, lui, op\u00e9r\u00e9 un virage \u00e0 180 degr\u00e9s. En juin, le pr\u00e9sident am\u00e9ricain avait par exemple annonc\u00e9 qu&rsquo;une s\u00e9rie de bases militaires allaient \u00eatre rebaptis\u00e9es de leurs anciens noms associ\u00e9s \u00e0 des g\u00e9n\u00e9raux conf\u00e9d\u00e9r\u00e9s.<\/p>\n","protected":false},"excerpt":{"rendered":"Le gouvernement am\u00e9ricain de Donald Trump a annonc\u00e9, mardi 5 ao\u00fbt, le retour d&rsquo;un m\u00e9morial rendant hommage \u00e0&hellip;\n","protected":false},"author":2,"featured_media":299815,"comment_status":"","ping_status":"","sticky":false,"template":"","format":"standard","meta":{"footnotes":""},"categories":[1589],"tags":[11,73,1866,12,1864,1865,1863,308],"class_list":{"0":"post-299814","1":"post","2":"type-post","3":"status-publish","4":"format-standard","5":"has-post-thumbnail","7":"category-etats-unis","8":"tag-actualites","9":"tag-etats-unis","10":"tag-etats-unis-damerique","11":"tag-news","12":"tag-united-states","13":"tag-united-states-of-america","14":"tag-us","15":"tag-usa"},"share_on_mastodon":{"url":"https:\/\/pubeurope.com\/@fr\/114980546434984617","error":""},"_links":{"self":[{"href":"https:\/\/www.europesays.com\/fr\/wp-json\/wp\/v2\/posts\/299814","targetHints":{"allow":["GET"]}}],"collection":[{"href":"https:\/\/www.europesays.com\/fr\/wp-json\/wp\/v2\/posts"}],"about":[{"href":"https:\/\/www.europesays.com\/fr\/wp-json\/wp\/v2\/types\/post"}],"author":[{"embeddable":true,"href":"https:\/\/www.europesays.com\/fr\/wp-json\/wp\/v2\/users\/2"}],"replies":[{"embeddable":true,"href":"https:\/\/www.europesays.com\/fr\/wp-json\/wp\/v2\/comments?post=299814"}],"version-history":[{"count":0,"href":"https:\/\/www.europesays.com\/fr\/wp-json\/wp\/v2\/posts\/299814\/revisions"}],"wp:featuredmedia":[{"embeddable":true,"href":"https:\/\/www.europesays.com\/fr\/wp-json\/wp\/v2\/media\/299815"}],"wp:attachment":[{"href":"https:\/\/www.europesays.com\/fr\/wp-json\/wp\/v2\/media?parent=299814"}],"wp:term":[{"taxonomy":"category","embeddable":true,"href":"https:\/\/www.europesays.com\/fr\/wp-json\/wp\/v2\/categories?post=299814"},{"taxonomy":"post_tag","embeddable":true,"href":"https:\/\/www.europesays.com\/fr\/wp-json\/wp\/v2\/tags?post=299814"}],"curies":[{"name":"wp","href":"https:\/\/api.w.org\/{rel}","templated":true}]}}